{"id":24004,"date":"2025-11-13T22:18:07","date_gmt":"2025-11-14T02:18:07","guid":{"rendered":"https:\/\/agromt.news\/?p=24004"},"modified":"2025-11-13T22:18:07","modified_gmt":"2025-11-14T02:18:07","slug":"cafe-arabica-mantem-alta-com-estoques-reduzidos","status":"publish","type":"post","link":"https:\/\/agromt.news\/?p=24004","title":{"rendered":"Caf\u00e9 ar\u00e1bica mant\u00e9m alta com estoques reduzidos"},"content":{"rendered":"<p> <br \/>\n<\/p>\n<div>\n<p style=\"text-align:justify\">De acordo com relat\u00f3rio da Hedgepoint Global Markets, os pre\u00e7os futuros do <a href=\"https:\/\/www.agrolink.com.br\/culturas\/cafe\/?utm_source=agrolink-detalhe-noticia&amp;utm_medium=detalhe-noticia&amp;utm_campaign=links-internos\" target=\"_blank\" rel=\"noopener\">caf\u00e9<\/a>\u00a0ar\u00e1bica seguem vol\u00e1teis, influenciados principalmente pela queda nos estoques certificados nos armaz\u00e9ns da ICE (Intercontinental Exchange). Atualmente, o volume armazenado soma cerca de 417 mil sacas, o menor n\u00edvel em um ano e meio e pr\u00f3ximo dos patamares registrados no fim de 2023.&#13;\n<\/p>\n<p style=\"text-align:justify\">Desde o in\u00edcio de agosto, os estoques certificados v\u00eam diminuindo, com redu\u00e7\u00e3o no volume da maioria das origens, entre elas M\u00e9xico, Honduras, Nicar\u00e1gua, Peru, Uganda e Brasil \u2013 este \u00faltimo o principal fornecedor para os estoques da ICE nos \u00faltimos anos. Entre 29 de julho e 7 de novembro, o total de sacas caiu 353,1 mil, equivalente a 43,8%. No caso do caf\u00e9 de origem brasileira, a retra\u00e7\u00e3o foi de 148,3 mil sacas, uma queda de 90,6%.<\/p>\n<p style=\"text-align:justify\">\u201cEssa redu\u00e7\u00e3o \u00e9 resultado da falta de interesse dos cafeicultores \u2013 especialmente os brasileiros \u2013 pelo caf\u00e9 certificado, pois eles est\u00e3o bem capitalizados e os diferenciais em parte do ano n\u00e3o compensavam o processo. Al\u00e9m disso, a queda tamb\u00e9m \u00e9 tamb\u00e9m resultado do consumo dos estoques certificados existentes por comerciantes e torrefadores, \u00e0 medida que os pre\u00e7os do caf\u00e9 continuam a aumentar. No caso das empresas americanas, as tarifas tamb\u00e9m aumentaram seus custos, levando-as a consumir os estoques existentes\u201d, explica Laleska Moda, analista de Intelig\u00eancia de Mercado de Caf\u00e9.<\/p>\n<p style=\"text-align:justify\">Apesar da baixa, proje\u00e7\u00f5es do mercado indicam que pelo menos 150 mil sacas devem chegar aos estoques certificados da ICE nos pr\u00f3ximos meses. A Hedgepoint avalia, por\u00e9m, que o volume ainda \u00e9 insuficiente para recompor os n\u00edveis considerados confort\u00e1veis, o que pode continuar sustentando os pre\u00e7os no curto prazo.&#13;\n<\/p>\n<p style=\"text-align:justify\">O clima nas regi\u00f5es produtoras tamb\u00e9m \u00e9 apontado como fator determinante para a tend\u00eancia dos pre\u00e7os. O Brasil est\u00e1 em fase de desenvolvimento para o ciclo 2026\/27, e, at\u00e9 meados de outubro, a seca registrada em diversas \u00e1reas trouxe preocupa\u00e7\u00f5es sobre o potencial produtivo, j\u00e1 que muitos cafeeiros floresceram precocemente em setembro.<\/p>\n<p style=\"text-align:justify\">\u201cNo entanto, embora ainda seja cedo para descartar o efeito negativo do clima anterior na produtividade do caf\u00e9, os n\u00edveis de chuva na segunda quinzena de outubro e no in\u00edcio de novembro trouxeram esperan\u00e7as para 26\/27\u201d, afirma a analista.<\/p>\n<p style=\"text-align:justify\">Segundo Moda, a maioria das regi\u00f5es produtoras de ar\u00e1bica recebeu volumes expressivos de chuva nas \u00faltimas semanas, o que provocou nova flora\u00e7\u00e3o no fim de outubro e contribuiu para o desenvolvimento das plantas, que agora entram na fase de forma\u00e7\u00e3o dos gr\u00e3os.<\/p>\n<p style=\"text-align:justify\">No caso do conilon, o clima tem sido favor\u00e1vel ao longo de 2025, com chuvas regulares nas \u00faltimas semanas, beneficiando o desenvolvimento das lavouras. A Hedgepoint pondera, no entanto, que pode haver pequena redu\u00e7\u00e3o na produ\u00e7\u00e3o na pr\u00f3xima safra, em fun\u00e7\u00e3o da colheita recorde registrada em 2025\/26.&#13;\n<\/p>\n<p style=\"text-align:justify\">A analista acrescenta que a primeira estimativa oficial para a safra brasileira de caf\u00e9 2026\/27 deve ser divulgada at\u00e9 o fim de novembro. Proje\u00e7\u00f5es mais detalhadas s\u00e3o esperadas apenas entre fevereiro e mar\u00e7o, ap\u00f3s a fase de enchimento dos gr\u00e3os. Como maior produtor global, o desempenho do Brasil ser\u00e1 decisivo para recompor os estoques internacionais e reduzir a press\u00e3o sobre os pre\u00e7os.<\/p>\n<\/p><\/div>\n<p><script data-cfasync=\"false\">\n    !function (f, b, e, v, n, t, s) {\n        if (f.fbq) return; n = f.fbq = function () {\n            n.callMethod ?\n                n.callMethod.apply(n, arguments) : n.queue.push(arguments)\n        };\n        if (!f._fbq) f._fbq = n; n.push = n; n.loaded = !0; n.version = '2.0';\n        n.queue = []; t = b.createElement(e); t.async = !0;\n        t.src = v; s = b.getElementsByTagName(e)[0];\n        s.parentNode.insertBefore(t, s)\n    }(window, document, 'script',\n        'https:\/\/connect.facebook.net\/en_US\/fbevents.js');\n    fbq('init', '522546078623747');\n    fbq('track', 'PageView');\n<\/script><br \/>\n<br \/><br \/>\n<br \/><a href=\"https:\/\/www.agrolink.com.br\/noticias\/cafe-arabica-mantem-alta-com-estoques-reduzidos_507976.html\">Source link <\/a><\/p>\n","protected":false},"excerpt":{"rendered":"<p>De acordo com relat\u00f3rio da Hedgepoint Global Markets, os pre\u00e7os futuros do caf\u00e9\u00a0ar\u00e1bica seguem vol\u00e1teis, influenciados principalmente pela queda nos<\/p>\n","protected":false},"author":1,"featured_media":8063,"comment_status":"open","ping_status":"open","sticky":false,"template":"","format":"standard","meta":{"_monsterinsights_skip_tracking":false,"_monsterinsights_sitenote_active":false,"_monsterinsights_sitenote_note":"","_monsterinsights_sitenote_category":0,"_uf_show_specific_survey":0,"_uf_disable_surveys":false,"footnotes":""},"categories":[8,1,14],"tags":[],"class_list":["post-24004","post","type-post","status-publish","format-standard","has-post-thumbnail","hentry","category-agro","category-news","category-politica-agro"],"_links":{"self":[{"href":"https:\/\/agromt.news\/index.php?rest_route=\/wp\/v2\/posts\/24004"}],"collection":[{"href":"https:\/\/agromt.news\/index.php?rest_route=\/wp\/v2\/posts"}],"about":[{"href":"https:\/\/agromt.news\/index.php?rest_route=\/wp\/v2\/types\/post"}],"author":[{"embeddable":true,"href":"https:\/\/agromt.news\/index.php?rest_route=\/wp\/v2\/users\/1"}],"replies":[{"embeddable":true,"href":"https:\/\/agromt.news\/index.php?rest_route=%2Fwp%2Fv2%2Fcomments&post=24004"}],"version-history":[{"count":0,"href":"https:\/\/agromt.news\/index.php?rest_route=\/wp\/v2\/posts\/24004\/revisions"}],"wp:featuredmedia":[{"embeddable":true,"href":"https:\/\/agromt.news\/index.php?rest_route=\/wp\/v2\/media\/8063"}],"wp:attachment":[{"href":"https:\/\/agromt.news\/index.php?rest_route=%2Fwp%2Fv2%2Fmedia&parent=24004"}],"wp:term":[{"taxonomy":"category","embeddable":true,"href":"https:\/\/agromt.news\/index.php?rest_route=%2Fwp%2Fv2%2Fcategories&post=24004"},{"taxonomy":"post_tag","embeddable":true,"href":"https:\/\/agromt.news\/index.php?rest_route=%2Fwp%2Fv2%2Ftags&post=24004"}],"curies":[{"name":"wp","href":"https:\/\/api.w.org\/{rel}","templated":true}]}}