{"id":23998,"date":"2025-11-13T18:21:59","date_gmt":"2025-11-13T22:21:59","guid":{"rendered":"https:\/\/agromt.news\/?p=23998"},"modified":"2025-11-13T18:21:59","modified_gmt":"2025-11-13T22:21:59","slug":"controle-de-pragas-garante-qualidade-do-algodao-mineiro","status":"publish","type":"post","link":"https:\/\/agromt.news\/?p=23998","title":{"rendered":"Controle de pragas garante qualidade do algod\u00e3o mineiro"},"content":{"rendered":"<p> <br \/>\n<\/p>\n<div>\n<div class=\"row\">\n<div class=\"col-lg col-infos mt-0 mt-lg-0\">\n<div class=\"section-sub-title\">\n<p itemprop=\"description\">&#13;<br \/>\n                                A\u00e7\u00f5es sanit\u00e1rias fortalecem algod\u00e3o em Minas Gerais&#13;\n                            <\/p>\n<\/p><\/div>\n<div class=\"container\">\n<div class=\"row\">\n<div class=\"col-lg p-0\">\n<div>\n<div class=\"block-news-main-infos mt-3 text-start\">\n<p>                                            <strong class=\"fn\" itemprop=\"author\" style=\"color: rgb(112, 112, 112); \">&#13;<br \/>\n                                                <a href=\"https:\/\/www.agrolink.com.br\/noticias\/javascript:;\" class=\"text-uppercase\" target=\"_blank\" style=\"color: rgb(112, 112, 112); \" rel=\"noopener\">Agrolink<\/a>&#13;<br \/>\n&#13;<br \/>\n                                                    &#8211; Seane Lennon&#13;<br \/>\n&#13;<br \/>\n                                            <\/strong><br \/>\n                                        <\/p>\n<p>                                            <abbr><time datetime=\"2025 - 11 - 12T16:24\" itemprop=\"datePublished dateModified\"> Publicado em 12\/11\/2025 \u00e0s 16:24h.<\/time><\/abbr>\n                                    <\/div>\n<\/p><\/div>\n<\/p><\/div>\n<div class=\"col-lg p-0 text-lg-end\">\n<div>\n<div id=\"mdEnviarPagina\" class=\"modal fade\" role=\"dialog\">\n<div class=\"modal-dialog\">\n<div class=\"modal-content\">\n<div class=\"modal-body\">\n<p><strong>Estimado usu\u00e1rio.<\/strong><br \/>Preencha o formul\u00e1rio abaixo para remeter a p\u00e1gina.<\/p>\n<\/p><\/div>\n<\/p><\/div>\n<\/p><\/div>\n<\/div><\/div>\n<\/p><\/div>\n<\/p><\/div>\n<\/p><\/div>\n<\/p><\/div>\n<\/p><\/div>\n<div class=\"row justify-content-md-center mt-3\">\n<div class=\"col-lg-auto col-image block-news-main-image\">\n<p>                                <img decoding=\"async\" src=\"https:\/\/www.agrolink.com.br\/upload\/imagens-resizes\/1e61e6805570474ba9c64650a88732dd_858x483.jpg\" class=\"lazyload img-fluid\"\/><br \/>\n                                                <span class=\"publicity-photo d-block mt-1\">Foto: Canva<\/span><\/p><\/div>\n<\/p><\/div>\n<div class=\"section-description section-description-noticias mt-3\">\n<p style=\"text-align:justify\">Minas Gerais, quarto maior produtor de <a href=\"https:\/\/www.agrolink.com.br\/culturas\/algodao\/\" target=\"_blank\" rel=\"noopener\">algod\u00e3o<\/a> do pa\u00eds, consolida-se como refer\u00eancia nacional em sanidade e qualidade da produ\u00e7\u00e3o. O estado j\u00e1 produziu mais de 145 mil toneladas da fibra, quase 21 mil toneladas a mais que no ano anterior, com exporta\u00e7\u00f5es superiores a US$ 35 milh\u00f5es, segundo dados da Secretaria de Estado de Agricultura, Pecu\u00e1ria e Abastecimento (Seapa). De acordo com o \u00f3rg\u00e3o, o avan\u00e7o \u00e9 resultado de a\u00e7\u00f5es de defesa sanit\u00e1ria e de programas de certifica\u00e7\u00e3o conduzidos pelo Instituto Mineiro de Agropecu\u00e1ria (IMA), que t\u00eam fortalecido o setor e ampliado o acesso a mercados mais exigentes.&#13;\n<\/p>\n<p style=\"text-align:justify\">Entre as principais medidas adotadas para garantir a competitividade e proteger as lavouras, est\u00e1 o vazio sanit\u00e1rio do algod\u00e3o, realizado anualmente entre 20 de setembro e 20 de novembro. Nesse per\u00edodo, \u00e9 proibido o cultivo e obrigat\u00f3rio o manejo adequado dos restos culturais e soqueiras, o que interrompe o ciclo reprodutivo do bicudo-do-algodoeiro, considerada uma das principais pragas que afetam a cultura.<\/p>\n<p style=\"text-align:justify\">O IMA realiza fiscaliza\u00e7\u00f5es por amostragem em propriedades que cultivaram algod\u00e3o na \u00faltima safra e notifica produtores que n\u00e3o cumprem as determina\u00e7\u00f5es legais. O descumprimento pode resultar em autua\u00e7\u00f5es e processos administrativos. \u201cEssas a\u00e7\u00f5es s\u00e3o fundamentais para reduzir a presen\u00e7a de pragas e preservar a produtividade das lavouras\u201d, destaca o Instituto. Al\u00e9m das a\u00e7\u00f5es em campo, a entidade promove campanhas de conscientiza\u00e7\u00e3o por meio de r\u00e1dios, redes sociais e reuni\u00f5es setoriais, refor\u00e7ando a import\u00e2ncia do cumprimento das medidas preventivas para manter a sanidade e a sustentabilidade da produ\u00e7\u00e3o.&#13;\n<\/p>\n<p style=\"text-align:justify\">Segundo o IMA, as a\u00e7\u00f5es de defesa fitossanit\u00e1ria, somadas ao cadastro das propriedades produtoras, fortalecem a economia mineira e asseguram a rastreabilidade e a confian\u00e7a nos produtos locais. O Instituto afirma que \u201ca qualidade e a conformidade sanit\u00e1ria s\u00e3o diferenciais que valorizam o algod\u00e3o mineiro tanto no mercado interno quanto no internacional\u201d.<\/p>\n<\/p><\/div>\n<\/p><\/div>\n<p><script data-cfasync=\"false\">\n    !function (f, b, e, v, n, t, s) {\n        if (f.fbq) return; n = f.fbq = function () {\n            n.callMethod ?\n                n.callMethod.apply(n, arguments) : n.queue.push(arguments)\n        };\n        if (!f._fbq) f._fbq = n; n.push = n; n.loaded = !0; n.version = '2.0';\n        n.queue = []; t = b.createElement(e); t.async = !0;\n        t.src = v; s = b.getElementsByTagName(e)[0];\n        s.parentNode.insertBefore(t, s)\n    }(window, document, 'script',\n        'https:\/\/connect.facebook.net\/en_US\/fbevents.js');\n    fbq('init', '522546078623747');\n    fbq('track', 'PageView');\n<\/script><br \/>\n<br \/><br \/>\n<br \/><a href=\"https:\/\/www.agrolink.com.br\/noticias\/controle-de-pragas-garante-qualidade-do-algodao-mineiro_507978.html\">Source link <\/a><\/p>\n","protected":false},"excerpt":{"rendered":"<p>&#13; A\u00e7\u00f5es sanit\u00e1rias fortalecem algod\u00e3o em Minas Gerais&#13; &#13; Agrolink&#13; &#13; &#8211; Seane Lennon&#13; &#13; Publicado em 12\/11\/2025 \u00e0s 16:24h.<\/p>\n","protected":false},"author":1,"featured_media":5640,"comment_status":"open","ping_status":"open","sticky":false,"template":"","format":"standard","meta":{"_monsterinsights_skip_tracking":false,"_monsterinsights_sitenote_active":false,"_monsterinsights_sitenote_note":"","_monsterinsights_sitenote_category":0,"_uf_show_specific_survey":0,"_uf_disable_surveys":false,"footnotes":""},"categories":[8,1,14],"tags":[],"class_list":["post-23998","post","type-post","status-publish","format-standard","has-post-thumbnail","hentry","category-agro","category-news","category-politica-agro"],"_links":{"self":[{"href":"https:\/\/agromt.news\/index.php?rest_route=\/wp\/v2\/posts\/23998"}],"collection":[{"href":"https:\/\/agromt.news\/index.php?rest_route=\/wp\/v2\/posts"}],"about":[{"href":"https:\/\/agromt.news\/index.php?rest_route=\/wp\/v2\/types\/post"}],"author":[{"embeddable":true,"href":"https:\/\/agromt.news\/index.php?rest_route=\/wp\/v2\/users\/1"}],"replies":[{"embeddable":true,"href":"https:\/\/agromt.news\/index.php?rest_route=%2Fwp%2Fv2%2Fcomments&post=23998"}],"version-history":[{"count":0,"href":"https:\/\/agromt.news\/index.php?rest_route=\/wp\/v2\/posts\/23998\/revisions"}],"wp:featuredmedia":[{"embeddable":true,"href":"https:\/\/agromt.news\/index.php?rest_route=\/wp\/v2\/media\/5640"}],"wp:attachment":[{"href":"https:\/\/agromt.news\/index.php?rest_route=%2Fwp%2Fv2%2Fmedia&parent=23998"}],"wp:term":[{"taxonomy":"category","embeddable":true,"href":"https:\/\/agromt.news\/index.php?rest_route=%2Fwp%2Fv2%2Fcategories&post=23998"},{"taxonomy":"post_tag","embeddable":true,"href":"https:\/\/agromt.news\/index.php?rest_route=%2Fwp%2Fv2%2Ftags&post=23998"}],"curies":[{"name":"wp","href":"https:\/\/api.w.org\/{rel}","templated":true}]}}