{"id":23993,"date":"2025-11-13T16:45:33","date_gmt":"2025-11-13T20:45:33","guid":{"rendered":"https:\/\/agromt.news\/?p=23993"},"modified":"2025-11-13T16:45:33","modified_gmt":"2025-11-13T20:45:33","slug":"aprosoja-brasil-apresenta-carta-manifesto-que-defende-areas-preservadas-como-ativos-ambientais","status":"publish","type":"post","link":"https:\/\/agromt.news\/?p=23993","title":{"rendered":"Aprosoja Brasil apresenta carta-manifesto que defende \u00e1reas preservadas como ativos ambientais"},"content":{"rendered":"<p> <br \/>\n<br \/><img decoding=\"async\" src=\"https:\/\/agromt.news\/wp-content\/uploads\/2025\/11\/Aprosoja-Brasil-apresenta-carta-manifesto-que-defende-areas-preservadas-como-ativos.png\" \/><\/p>\n<div>\n<p>Durante a <a href=\"https:\/\/www.canalrural.com.br\/?s=COP30\">COP30<\/a>, a <a href=\"https:\/\/aprosojabrasil.com.br\/\">Aprosoja Brasil <\/a>apresentou a Carta Manifesto dos Produtores de Soja, documento que defende que \u00e1reas preservadas em fazendas sejam reconhecidas como ativos ambientais e que o pa\u00eds estabele\u00e7a suas pr\u00f3prias m\u00e9tricas clim\u00e1ticas. O manifesto foi divulgado no espa\u00e7o da CNA e do Senar durante a c\u00fapula do clima e contou com a colabora\u00e7\u00e3o do especialista em sustentabilidade e direito internacional, Daniel Vargas.<\/p>\n<p><iframe title=\"Em manifesto, Aprosoja defende reconhecer \u00e1reas preservadas em fazendas como ativos ambientais\" width=\"800\" height=\"450\" src=\"https:\/\/www.youtube.com\/embed\/eBoVQBEbaac?feature=oembed\" frameborder=\"0\" allow=\"accelerometer; autoplay; clipboard-write; encrypted-media; gyroscope; picture-in-picture; web-share\" referrerpolicy=\"strict-origin-when-cross-origin\" allowfullscreen><\/iframe><\/p>\n<ul class=\"wp-block-list\">\n<li><strong><em>Fique por dentro das novidades e not\u00edcias recentes sobre a soja! Participe da nossa comunidade atrav\u00e9s do\u00a0<a href=\"https:\/\/chat.whatsapp.com\/BmMRwA0TZ2DHGyhzoaVEWu\">link<\/a>! \ud83c\udf31<\/em><\/strong><\/li>\n<\/ul>\n<p>\u201cO documento prop\u00f5e uma agenda clim\u00e1tica baseada em tr\u00eas princ\u00edpios: transformar o capital natural do pa\u00eds em ativo econ\u00f4mico, tratar a agenda clim\u00e1tica como motor de desenvolvimento e garantir que o Brasil siga trajet\u00f3rias pr\u00f3prias no enfrentamento das mudan\u00e7as clim\u00e1ticas\u201d, explica Vargas. Segundo ele, o pa\u00eds responde por apenas 2,47% das emiss\u00f5es globais, contra 28% da China e at\u00e9 15% dos Estados Unidos, o que exige uma abordagem original, alinhada \u00e0 realidade brasileira.<\/p>\n<p>O presidente da Aprosoja Brasil, Mauricio Buffon, destacou que, apesar de os problemas clim\u00e1ticos dominarem as discuss\u00f5es na COP, o Brasil \u00e9 parte da solu\u00e7\u00e3o. \u201cO pa\u00eds \u00e9 um grande produtor de alimentos e biocombust\u00edveis, e nosso setor tem mostrado que \u00e9 poss\u00edvel conciliar produ\u00e7\u00e3o com preserva\u00e7\u00e3o ambiental\u201d, afirmou.<\/p>\n<p>Entre as metas previstas no manifesto est\u00e3o a recupera\u00e7\u00e3o de 40 milh\u00f5es de hectares de pastagens at\u00e9 2035, o que poderia elevar a produ\u00e7\u00e3o agr\u00edcola em 25% e reduzir emiss\u00f5es, al\u00e9m da expans\u00e3o da gera\u00e7\u00e3o de energia renov\u00e1vel no campo. O documento tamb\u00e9m prop\u00f5e a cria\u00e7\u00e3o de acordos comerciais com reconhecimento m\u00fatuo de padr\u00f5es sustent\u00e1veis, fortalecendo a competitividade do setor. <\/p>\n<p>Al\u00e9m disso, ressalta a import\u00e2ncia da produ\u00e7\u00e3o de biocombust\u00edveis e o cuidado com reservas legais e \u00e1reas de preserva\u00e7\u00e3o permanente dentro das propriedades rurais, demonstrando o compromisso dos produtores com a sustentabilidade.<\/p>\n<\/p><\/div>\n<p><br \/>\n<br \/><a href=\"https:\/\/www.canalrural.com.br\/cop30\/cop30-aprosoja-brasil-apresenta-carta-manifesto-que-defende-areas-preservadas-como-ativos-ambientais\/\">Source link <\/a><\/p>\n","protected":false},"excerpt":{"rendered":"<p>Durante a COP30, a Aprosoja Brasil apresentou a Carta Manifesto dos Produtores de Soja, documento que defende que \u00e1reas preservadas<\/p>\n","protected":false},"author":1,"featured_media":23994,"comment_status":"open","ping_status":"open","sticky":false,"template":"","format":"standard","meta":{"_monsterinsights_skip_tracking":false,"_monsterinsights_sitenote_active":false,"_monsterinsights_sitenote_note":"","_monsterinsights_sitenote_category":0,"_uf_show_specific_survey":0,"_uf_disable_surveys":false,"footnotes":""},"categories":[1],"tags":[],"class_list":["post-23993","post","type-post","status-publish","format-standard","has-post-thumbnail","hentry","category-news"],"_links":{"self":[{"href":"https:\/\/agromt.news\/index.php?rest_route=\/wp\/v2\/posts\/23993"}],"collection":[{"href":"https:\/\/agromt.news\/index.php?rest_route=\/wp\/v2\/posts"}],"about":[{"href":"https:\/\/agromt.news\/index.php?rest_route=\/wp\/v2\/types\/post"}],"author":[{"embeddable":true,"href":"https:\/\/agromt.news\/index.php?rest_route=\/wp\/v2\/users\/1"}],"replies":[{"embeddable":true,"href":"https:\/\/agromt.news\/index.php?rest_route=%2Fwp%2Fv2%2Fcomments&post=23993"}],"version-history":[{"count":0,"href":"https:\/\/agromt.news\/index.php?rest_route=\/wp\/v2\/posts\/23993\/revisions"}],"wp:featuredmedia":[{"embeddable":true,"href":"https:\/\/agromt.news\/index.php?rest_route=\/wp\/v2\/media\/23994"}],"wp:attachment":[{"href":"https:\/\/agromt.news\/index.php?rest_route=%2Fwp%2Fv2%2Fmedia&parent=23993"}],"wp:term":[{"taxonomy":"category","embeddable":true,"href":"https:\/\/agromt.news\/index.php?rest_route=%2Fwp%2Fv2%2Fcategories&post=23993"},{"taxonomy":"post_tag","embeddable":true,"href":"https:\/\/agromt.news\/index.php?rest_route=%2Fwp%2Fv2%2Ftags&post=23993"}],"curies":[{"name":"wp","href":"https:\/\/api.w.org\/{rel}","templated":true}]}}