{"id":23991,"date":"2025-11-13T16:26:58","date_gmt":"2025-11-13T20:26:58","guid":{"rendered":"https:\/\/agromt.news\/?p=23991"},"modified":"2025-11-13T16:26:58","modified_gmt":"2025-11-13T20:26:58","slug":"fapcen-leva-inclusao-indigena-e-agricultura-regenerativa-a-cop30","status":"publish","type":"post","link":"https:\/\/agromt.news\/?p=23991","title":{"rendered":"Fapcen leva inclus\u00e3o ind\u00edgena e agricultura regenerativa \u00e0 COP30"},"content":{"rendered":"<p> <br \/>\n<br \/><img decoding=\"async\" src=\"https:\/\/agromt.news\/wp-content\/uploads\/2025\/11\/Fapcen-leva-inclusao-indigena-e-agricultura-regenerativa-a-COP30.jpg\" \/><\/p>\n<div>\n<p>A superintendente da Funda\u00e7\u00e3o de Apoio ao Corredor de Exporta\u00e7\u00e3o Norte (Fapcen), <strong>Gisela Introvini<\/strong>, participou da<strong><a href=\"https:\/\/www.canalrural.com.br\/cop30\/\"> COP30<\/a><\/strong> com uma mensagem direta: o agro brasileiro precisa ser visto como protagonista na produ\u00e7\u00e3o de alimentos, na regenera\u00e7\u00e3o ambiental e na inclus\u00e3o social, especialmente de povos tradicionais e comunidades vulner\u00e1veis. Em entrevista ao Canal Rural, ela destacou o papel decisivo da agricultura para o desenvolvimento do pa\u00eds e para a seguran\u00e7a alimentar global.<\/p>\n<p>Gisela refor\u00e7ou que a COP30 representa o momento ideal para \u201cjogar a conchinha no mar\u201d, levando ao mundo a verdadeira narrativa do campo brasileiro \u2014 uma agricultura diversa, profissional, inovadora e presente em todas as regi\u00f5es, do Rio Grande do Sul \u00e0 Amaz\u00f4nia. <\/p>\n<p><iframe title=\"Gisele Introvini fala sobre integra\u00e7\u00e3o comunit\u00e1ria e a miss\u00e3o social do agro\" width=\"800\" height=\"450\" src=\"https:\/\/www.youtube.com\/embed\/dpQ-Vh30I5Y?feature=oembed\" frameborder=\"0\" allow=\"accelerometer; autoplay; clipboard-write; encrypted-media; gyroscope; picture-in-picture; web-share\" referrerpolicy=\"strict-origin-when-cross-origin\" allowfullscreen><\/iframe><\/p>\n<p>Para ela, a AgriZone e os espa\u00e7os de tecnologia da Embrapa est\u00e3o mostrando ao planeta aquilo que o Brasil tem de mais valioso: a capacidade de produzir alimentos em harmonia com a floresta.<\/p>\n<h3 class=\"wp-block-heading\" id=\"h-integracao-com-povos-indigenas-e-justica-social\"><strong>Integra\u00e7\u00e3o com povos ind\u00edgenas e justi\u00e7a social<\/strong><\/h3>\n<p>A superintendente relatou a\u00e7\u00f5es da Fapcen junto a aldeias ind\u00edgenas do Maranh\u00e3o. Em parceria com Embrapa Amaz\u00f4nia e Meio-Norte, a entidade levou cultivares de mandioca, feij\u00e3o-caupi, girassol, gergelim e capins melhorados para comunidades tradicionais, promovendo dias de campo e troca de saberes.<\/p>\n<p>Segundo Gisela, o objetivo \u00e9 <strong>aumentar a produtividade sem interferir no tradicionalismo ind\u00edgena<\/strong>, respeitando modos de vida e trabalhando para fortalecer a autonomia alimentar. Ela relatou que encontrou comunidades enfrentando problemas como autismo sem assist\u00eancia, alcoolismo, evas\u00e3o de jovens e at\u00e9 casos de suic\u00eddio por falta de perspectivas.<\/p>\n<p>Para ela, <strong>o agro tem um papel social urgente<\/strong>: \u201cEles est\u00e3o sedentos por cursos, treinamento, tecnologia. Precisam aprender a plantar para alimentar seus irm\u00e3os. \u00c9 o agro chegando onde o poder p\u00fablico ainda n\u00e3o chegou\u201d.<\/p>\n<h3 class=\"wp-block-heading\" id=\"h-25-anos-de-transformacao-no-maranhao-e-no-matopiba\"><strong>25 anos de transforma\u00e7\u00e3o no Maranh\u00e3o e no Matopiba<\/strong><\/h3>\n<p>Ao lembrar sua trajet\u00f3ria de 25 anos na regi\u00e3o, Gisela destacou o impacto da chegada da soja ao Maranh\u00e3o, Tocantins e Piau\u00ed. A dissemina\u00e7\u00e3o de tecnologia, testes de vigor, mecaniza\u00e7\u00e3o, rota\u00e7\u00e3o de culturas, tr\u00eas safras ao ano e manejo de palhada transformaram a paisagem produtiva e reduziram temperaturas do solo.<\/p>\n<p>A partir de 2012, a Fapcen passou a coordenar iniciativas de certifica\u00e7\u00e3o, como a RTRS, levando para a regi\u00e3o uma nova vis\u00e3o de gest\u00e3o rural, inclus\u00e3o de comunidades e boas pr\u00e1ticas socioambientais. Hoje, boa parte da soja do Maranh\u00e3o e um n\u00famero crescente de \u00e1reas no Piau\u00ed j\u00e1 operam com certifica\u00e7\u00f5es internacionais.<\/p>\n<p>Ela lembra tamb\u00e9m projetos de impacto social, como o atendimento a crian\u00e7as especiais em Bertol\u00ednia (PI), conduzido por produtores certificados, beneficiando mais de 28 mil pessoas.<\/p>\n<h3 class=\"wp-block-heading\" id=\"h-amazonia-cerrado-e-o-alerta-climatico\"><strong>Amaz\u00f4nia, Cerrado e o alerta clim\u00e1tico<\/strong><\/h3>\n<p>A visita aos estandes da Embrapa na COP30 impressionou Gisela pela for\u00e7a de pesquisas em feij\u00e3o-caupi, sistemas agroflorestais e propostas de agricultura regenerativa. Para ela, o Brasil est\u00e1 mostrando ao mundo que \u00e9 poss\u00edvel produzir com floresta em p\u00e9 \u2014 e que eventos como a COP no Par\u00e1 s\u00e3o fundamentais para reposicionar a imagem do pa\u00eds.<\/p>\n<p>Ela alerta, no entanto, para o avan\u00e7o das mudan\u00e7as clim\u00e1ticas. Citando o cientista Carlos Nobre, lembra que a eleva\u00e7\u00e3o global de 2 \u00b0C pode inviabilizar lavouras em \u00e1reas extensas de commodities se n\u00e3o houver solo coberto, palhada e manejo regenerativo: \u201cSolo descoberto n\u00e3o ter\u00e1 chance. Sem chuvas, n\u00e3o teremos produ\u00e7\u00e3o\u201d.<\/p>\n<p>Gisela tamb\u00e9m defendeu que uma futura COP realizada no Brasil deveria ocorrer no Cerrado \u2014 \u201ca bola da vez\u201d, nas palavras dela \u2014 pelo seu papel estrat\u00e9gico na produ\u00e7\u00e3o de alimentos e pela import\u00e2ncia ambiental do bioma.<\/p>\n<h3 class=\"wp-block-heading\" id=\"h-participacao-continua-e-proximos-passos\"><strong>Participa\u00e7\u00e3o cont\u00ednua e pr\u00f3ximos passos<\/strong><\/h3>\n<p>Durante a COP30, a Fapcen integra f\u00f3runs sobre certifica\u00e7\u00e3o, agricultura regenerativa e financiamento sustent\u00e1vel. Gisela tamb\u00e9m participa de debates com a Universidade Federal do Par\u00e1 e visitas t\u00e9cnicas, como o maior ensaio demonstrativo de mandioca do estado.<\/p>\n<p>Antes de concluir, ela refor\u00e7a que o pa\u00eds escolheu o lugar certo para mostrar ao mundo sua pot\u00eancia agr\u00edcola. \u201cAqui \u00e9 o come\u00e7o da Amaz\u00f4nia e o come\u00e7o da produ\u00e7\u00e3o de alimentos. Estamos respirando agricultura e floresta juntas\u201d.<\/p>\n<\/p><\/div>\n<p><br \/>\n<br \/><a href=\"https:\/\/www.canalrural.com.br\/cop30\/agro-que-transforma-fapcen-leva-inclusao-indigena-e-agricultura-regenerativa-a-cop30\/\">Source link <\/a><\/p>\n","protected":false},"excerpt":{"rendered":"<p>A superintendente da Funda\u00e7\u00e3o de Apoio ao Corredor de Exporta\u00e7\u00e3o Norte (Fapcen), Gisela Introvini, participou da COP30 com uma mensagem<\/p>\n","protected":false},"author":1,"featured_media":23992,"comment_status":"open","ping_status":"open","sticky":false,"template":"","format":"standard","meta":{"_monsterinsights_skip_tracking":false,"_monsterinsights_sitenote_active":false,"_monsterinsights_sitenote_note":"","_monsterinsights_sitenote_category":0,"_uf_show_specific_survey":0,"_uf_disable_surveys":false,"footnotes":""},"categories":[1],"tags":[],"class_list":["post-23991","post","type-post","status-publish","format-standard","has-post-thumbnail","hentry","category-news"],"_links":{"self":[{"href":"https:\/\/agromt.news\/index.php?rest_route=\/wp\/v2\/posts\/23991"}],"collection":[{"href":"https:\/\/agromt.news\/index.php?rest_route=\/wp\/v2\/posts"}],"about":[{"href":"https:\/\/agromt.news\/index.php?rest_route=\/wp\/v2\/types\/post"}],"author":[{"embeddable":true,"href":"https:\/\/agromt.news\/index.php?rest_route=\/wp\/v2\/users\/1"}],"replies":[{"embeddable":true,"href":"https:\/\/agromt.news\/index.php?rest_route=%2Fwp%2Fv2%2Fcomments&post=23991"}],"version-history":[{"count":0,"href":"https:\/\/agromt.news\/index.php?rest_route=\/wp\/v2\/posts\/23991\/revisions"}],"wp:featuredmedia":[{"embeddable":true,"href":"https:\/\/agromt.news\/index.php?rest_route=\/wp\/v2\/media\/23992"}],"wp:attachment":[{"href":"https:\/\/agromt.news\/index.php?rest_route=%2Fwp%2Fv2%2Fmedia&parent=23991"}],"wp:term":[{"taxonomy":"category","embeddable":true,"href":"https:\/\/agromt.news\/index.php?rest_route=%2Fwp%2Fv2%2Fcategories&post=23991"},{"taxonomy":"post_tag","embeddable":true,"href":"https:\/\/agromt.news\/index.php?rest_route=%2Fwp%2Fv2%2Ftags&post=23991"}],"curies":[{"name":"wp","href":"https:\/\/api.w.org\/{rel}","templated":true}]}}