{"id":23987,"date":"2025-11-13T16:08:19","date_gmt":"2025-11-13T20:08:19","guid":{"rendered":"https:\/\/agromt.news\/?p=23987"},"modified":"2025-11-13T16:08:19","modified_gmt":"2025-11-13T20:08:19","slug":"fazenda-reduz-para-22-projecao-de-crescimento-do-pib-em-2025","status":"publish","type":"post","link":"https:\/\/agromt.news\/?p=23987","title":{"rendered":"Fazenda reduz para 2,2% proje\u00e7\u00e3o de crescimento do PIB em 2025"},"content":{"rendered":"<p> <br \/>\n<\/p>\n<div>\n<p>O <a href=\"https:\/\/www.canalrural.com.br\/tag\/ministerio-da-fazenda\/\">Minist\u00e9rio da Fazenda<\/a> reduziu de 2,3% para 2,2% a proje\u00e7\u00e3o de crescimento do Produto Interno Bruto (PIB) em 2025. A estimativa foi divulgada nesta quinta-feira (13), em Bras\u00edlia, no Boletim Macrofiscal da Secretaria de Pol\u00edtica Econ\u00f4mica (SPE).<img decoding=\"async\" src=\"https:\/\/agromt.news\/wp-content\/uploads\/2025\/11\/Fazenda-reduz-para-22-projecao-de-crescimento-do-PIB-em.png\"\/><img decoding=\"async\" src=\"https:\/\/agromt.news\/wp-content\/uploads\/2025\/11\/Fazenda-reduz-para-22-projecao-de-crescimento-do-PIB-em.png\"\/><img decoding=\"async\" src=\"https:\/\/agromt.news\/wp-content\/uploads\/2025\/11\/Fazenda-reduz-para-22-projecao-de-crescimento-do-PIB-em.gif\"\/><img decoding=\"async\" src=\"https:\/\/agromt.news\/wp-content\/uploads\/2025\/11\/Fazenda-reduz-para-22-projecao-de-crescimento-do-PIB-em.gif\"\/><\/p>\n<p>Segundo o minist\u00e9rio, a revis\u00e3o decorre do desempenho mais fraco da economia no terceiro trimestre e dos efeitos defasados da pol\u00edtica monet\u00e1ria restritiva. Para 2026, a proje\u00e7\u00e3o de crescimento foi mantida em 2,4%.<\/p>\n<p>A proje\u00e7\u00e3o para a infla\u00e7\u00e3o oficial (<a href=\"https:\/\/www.canalrural.com.br\/tag\/ipca\/\">IPCA<\/a>) em 2025 caiu de 4,8% para 4,6%, mas o \u00edndice ainda deve encerrar o ano acima do teto da meta, fixado em 4,5% pelo Conselho Monet\u00e1rio Nacional (<a href=\"https:\/\/www.canalrural.com.br\/tag\/cmn\/\">CMN<\/a>).<\/p>\n<p>Para 2026, a expectativa foi revisada de 3,6% para 3,5%. A SPE prev\u00ea que a infla\u00e7\u00e3o deve convergir para 3,2% at\u00e9 o segundo trimestre de 2027, horizonte considerado relevante para a pol\u00edtica monet\u00e1ria.<\/p>\n<p>Segundo a SPE, a redu\u00e7\u00e3o na proje\u00e7\u00e3o reflete fatores como a valoriza\u00e7\u00e3o do real, menor infla\u00e7\u00e3o no atacado para produtos agropecu\u00e1rios e industriais, excesso de oferta global de bens e uma aplica\u00e7\u00e3o da bandeira amarela nas tarifas de energia em dezembro.<\/p>\n<h2 class=\"wp-block-heading\" id=\"h-principais-projecoes-da-fazenda\">Principais proje\u00e7\u00f5es da Fazenda<\/h2>\n<figure class=\"wp-block-table\">\n<table class=\"has-fixed-layout\">\n<tbody>\n<tr>\n<td><strong>Indicador<\/strong><\/td>\n<td><strong>2025<\/strong><\/td>\n<td>2026<\/td>\n<\/tr>\n<tr>\n<td>PIB real<\/td>\n<td>de 2,3% para 2,2%<\/td>\n<td>mantido em 2,4%<\/td>\n<\/tr>\n<tr>\n<td>IPCA<\/td>\n<td>de 4,8% para 4,6%<\/td>\n<td>de 3,6% para 3,5%<\/td>\n<\/tr>\n<\/tbody>\n<\/table>\n<\/figure>\n<p><em>Fonte: Minist\u00e9rio da Fazenda<\/em><\/p>\n<h2 class=\"wp-block-heading\" id=\"h-desempenho-setorial\">Desempenho setorial<\/h2>\n<p>A revis\u00e3o do PIB para 2025 mostra din\u00e2micas distintas entre os setores da economia. A agropecu\u00e1ria foi o destaque positivo com previs\u00e3o de crescimento elevada de 8,3% para 9,5%. A ind\u00fastria recuou de 1,4% para 1,3%, e o setor de servi\u00e7os passou de 2,1% para 1,9%.<\/p>\n<p>Para 2026, o crescimento projetado de 2,4% deve ser sustentado por uma recupera\u00e7\u00e3o mais intensa na ind\u00fastria e nos servi\u00e7os, compensando a esperada desacelera\u00e7\u00e3o da agropecu\u00e1ria.<\/p>\n<h2 class=\"wp-block-heading\" id=\"h-atividade-domestica\">Atividade dom\u00e9stica<\/h2>\n<p>O boletim aponta que a economia brasileira segue em trajet\u00f3ria de desacelera\u00e7\u00e3o, reflexo dos juros elevados e da contra\u00e7\u00e3o no cr\u00e9dito.<\/p>\n<p>Embora o desemprego permane\u00e7a em n\u00edvel historicamente baixo, o relat\u00f3rio observa redu\u00e7\u00e3o da popula\u00e7\u00e3o ocupada e ritmo mais lento de crescimento dos rendimentos no terceiro trimestre.<\/p>\n<h2 class=\"wp-block-heading\" id=\"h-tarifas-dos-eua\">Tarifas dos EUA<\/h2>\n<p>No cen\u00e1rio internacional, o boletim afirma que a atividade global permanece resiliente, mas alerta para incertezas comerciais e geopol\u00edticas.<\/p>\n<p>O documento cita o impacto negativo das tarifas impostas pelos Estados Unidos \u00e0s exporta\u00e7\u00f5es brasileiras. Entre agosto e outubro de 2025, as vendas do Brasil para os EUA ca\u00edram US$ 2,5 bilh\u00f5es, uma redu\u00e7\u00e3o de 24,9% em rela\u00e7\u00e3o ao mesmo per\u00edodo de 2024.<\/p>\n<p>O Minist\u00e9rio da Fazenda informou que o governo tem buscado diversificar mercados e adotar pol\u00edticas de apoio ao setor exportador. O boletim menciona ainda que o di\u00e1logo entre os presidentes do Brasil e dos Estados Unidos pode contribuir para reduzir as tarifas.<\/p>\n<\/p><\/div>\n<p><br \/>\n<br \/><a href=\"https:\/\/www.canalrural.com.br\/economia\/fazenda-reduz-para-22-projecao-de-crescimento-do-pib-em-2025\/\">Source link <\/a><\/p>\n","protected":false},"excerpt":{"rendered":"<p>O Minist\u00e9rio da Fazenda reduziu de 2,3% para 2,2% a proje\u00e7\u00e3o de crescimento do Produto Interno Bruto (PIB) em 2025.<\/p>\n","protected":false},"author":1,"featured_media":23988,"comment_status":"open","ping_status":"open","sticky":false,"template":"","format":"standard","meta":{"_monsterinsights_skip_tracking":false,"_monsterinsights_sitenote_active":false,"_monsterinsights_sitenote_note":"","_monsterinsights_sitenote_category":0,"_uf_show_specific_survey":0,"_uf_disable_surveys":false,"footnotes":""},"categories":[1],"tags":[],"class_list":["post-23987","post","type-post","status-publish","format-standard","has-post-thumbnail","hentry","category-news"],"_links":{"self":[{"href":"https:\/\/agromt.news\/index.php?rest_route=\/wp\/v2\/posts\/23987"}],"collection":[{"href":"https:\/\/agromt.news\/index.php?rest_route=\/wp\/v2\/posts"}],"about":[{"href":"https:\/\/agromt.news\/index.php?rest_route=\/wp\/v2\/types\/post"}],"author":[{"embeddable":true,"href":"https:\/\/agromt.news\/index.php?rest_route=\/wp\/v2\/users\/1"}],"replies":[{"embeddable":true,"href":"https:\/\/agromt.news\/index.php?rest_route=%2Fwp%2Fv2%2Fcomments&post=23987"}],"version-history":[{"count":0,"href":"https:\/\/agromt.news\/index.php?rest_route=\/wp\/v2\/posts\/23987\/revisions"}],"wp:featuredmedia":[{"embeddable":true,"href":"https:\/\/agromt.news\/index.php?rest_route=\/wp\/v2\/media\/23988"}],"wp:attachment":[{"href":"https:\/\/agromt.news\/index.php?rest_route=%2Fwp%2Fv2%2Fmedia&parent=23987"}],"wp:term":[{"taxonomy":"category","embeddable":true,"href":"https:\/\/agromt.news\/index.php?rest_route=%2Fwp%2Fv2%2Fcategories&post=23987"},{"taxonomy":"post_tag","embeddable":true,"href":"https:\/\/agromt.news\/index.php?rest_route=%2Fwp%2Fv2%2Ftags&post=23987"}],"curies":[{"name":"wp","href":"https:\/\/api.w.org\/{rel}","templated":true}]}}