{"id":23970,"date":"2025-11-13T13:14:46","date_gmt":"2025-11-13T17:14:46","guid":{"rendered":"https:\/\/agromt.news\/?p=23970"},"modified":"2025-11-13T13:14:46","modified_gmt":"2025-11-13T17:14:46","slug":"brasil-muda-o-jogo-da-seguranca-alimentar-diz-ceo-da-upl-na-cop30","status":"publish","type":"post","link":"https:\/\/agromt.news\/?p=23970","title":{"rendered":"&#8216;Brasil muda o jogo da seguran\u00e7a alimentar&#8217;, diz CEO da UPL na COP30"},"content":{"rendered":"<p> <br \/>\n<br \/><img decoding=\"async\" src=\"https:\/\/agromt.news\/wp-content\/uploads\/2025\/11\/Brasil-muda-o-jogo-da-seguranca-alimentar-diz-CEO-da.jpg\" \/><\/p>\n<div>\n<p>Durante a COP30, em Bel\u00e9m (PA), o CEO global da UPL, <strong>Jai Shroff<\/strong>, refor\u00e7ou o papel estrat\u00e9gico da agricultura brasileira para a seguran\u00e7a alimentar mundial e detalhou a atua\u00e7\u00e3o da companhia no avan\u00e7o dos bioinsumos. A entrevista ao Canal Rural ocorreu na <strong>AgriZone<\/strong>, \u00e1rea oficial dedicada ao agro dentro da confer\u00eancia clim\u00e1tica \u2014 um marco in\u00e9dito na hist\u00f3ria das COPs.<\/p>\n<p><iframe title=\"CEO da UPL comenta import\u00e2ncia da AgriZone na COP 30\" width=\"800\" height=\"450\" src=\"https:\/\/www.youtube.com\/embed\/PZ2y1ggVcLY?feature=oembed\" frameborder=\"0\" allow=\"accelerometer; autoplay; clipboard-write; encrypted-media; gyroscope; picture-in-picture; web-share\" referrerpolicy=\"strict-origin-when-cross-origin\" allowfullscreen><\/iframe><noscript><iframe title=\"CEO da UPL comenta import\u00e2ncia da AgriZone na COP 30\" width=\"800\" height=\"450\" src=\"https:\/\/www.youtube.com\/embed\/PZ2y1ggVcLY?feature=oembed\" frameborder=\"0\" allow=\"accelerometer; autoplay; clipboard-write; encrypted-media; gyroscope; picture-in-picture; web-share\" referrerpolicy=\"strict-origin-when-cross-origin\" allowfullscreen><\/iframe><\/noscript><\/p>\n<p>Shroff destacou que a instala\u00e7\u00e3o de um espa\u00e7o exclusivo para o agro representa um momento \u201cemocionante\u201d para o setor. Segundo ele, a escolha da Amaz\u00f4nia como sede refor\u00e7a a necessidade de contar ao mundo a hist\u00f3ria dos agricultores, \u201cespecialmente dos brasileiros, mas tamb\u00e9m de todos os agricultores do planeta\u201d.<\/p>\n<p>Para o executivo, o Brasil tem papel determinante no enfrentamento da fome global. Ele afirmou que os produtores nacionais \u201cest\u00e3o mudando o jogo\u201d, gra\u00e7as \u00e0 alta efici\u00eancia, ao uso intensivo de tecnologia e \u00e0 capacidade de inova\u00e7\u00e3o. <\/p>\n<blockquote class=\"wp-block-quote is-layout-flow wp-block-quote-is-layout-flow\">\n<p>\u201cSem a agricultura brasileira, a crise alimentar mundial seria muito pior. Haveria muito mais pessoas passando fome\u201d, afirmou.<\/p>\n<\/blockquote>\n<h2 class=\"wp-block-heading\" id=\"h-lideranca-em-biologicos-e-solucoes-para-o-clima\"><strong>Lideran\u00e7a em biol\u00f3gicos e solu\u00e7\u00f5es para o clima<\/strong><\/h2>\n<p>Jai Shroff tamb\u00e9m ressaltou a estrat\u00e9gia da UPL em expandir sua atua\u00e7\u00e3o em bioinsumos. A empresa, parceira de longa data do programa <em><a href=\"https:\/\/planetacampo.canalrural.com.br\/\">Planeta Campo<\/a><\/em>, investe h\u00e1 mais de uma d\u00e9cada no desenvolvimento de tecnologias biol\u00f3gicas e hoje lidera o mercado global.<\/p>\n<p>Segundo ele, o fortalecimento desse portf\u00f3lio est\u00e1 ligado diretamente aos desafios impostos pelas mudan\u00e7as clim\u00e1ticas. \u201cH\u00e1 muito estresse na agricultura, nas plantas. Precisamos de tecnologias diferentes daquelas usadas no passado\u201d, explicou. Para isso, a UPL criou a divis\u00e3o <strong>NPP (Natural Plant Protection)<\/strong>, que concentra investimentos robustos em pesquisa e inova\u00e7\u00e3o.<\/p>\n<p>O objetivo, refor\u00e7a Shroff, \u00e9 apoiar agricultores na constru\u00e7\u00e3o de uma agricultura mais resiliente e produtiva, com solu\u00e7\u00f5es que preservem o solo, melhorem o desempenho das lavouras e ampliem a sustentabilidade do setor. \u201cEstamos focados em agricultura e alimenta\u00e7\u00e3o. Precisamos ajudar o produtor a lidar com estresses e a aumentar produtividade\u201d, afirmou.<\/p>\n<p>O CEO tamb\u00e9m celebrou o fato de uma COP incluir pela primeira vez um espa\u00e7o dedicado \u00e0 agricultura. Segundo ele, a AgriZone contribui para mostrar ao mundo o impacto positivo da agropecu\u00e1ria \u2014 especialmente a praticada no Brasil.<\/p>\n<\/p><\/div>\n<p><br \/>\n<br \/><a href=\"https:\/\/www.canalrural.com.br\/cop30\/brasil-muda-o-jogo-da-seguranca-alimentar-diz-ceo-da-upl-na-cop30\/\">Source link <\/a><\/p>\n","protected":false},"excerpt":{"rendered":"<p>Durante a COP30, em Bel\u00e9m (PA), o CEO global da UPL, Jai Shroff, refor\u00e7ou o papel estrat\u00e9gico da agricultura brasileira<\/p>\n","protected":false},"author":1,"featured_media":23971,"comment_status":"open","ping_status":"open","sticky":false,"template":"","format":"standard","meta":{"_monsterinsights_skip_tracking":false,"_monsterinsights_sitenote_active":false,"_monsterinsights_sitenote_note":"","_monsterinsights_sitenote_category":0,"_uf_show_specific_survey":0,"_uf_disable_surveys":false,"footnotes":""},"categories":[1],"tags":[],"class_list":["post-23970","post","type-post","status-publish","format-standard","has-post-thumbnail","hentry","category-news"],"_links":{"self":[{"href":"https:\/\/agromt.news\/index.php?rest_route=\/wp\/v2\/posts\/23970"}],"collection":[{"href":"https:\/\/agromt.news\/index.php?rest_route=\/wp\/v2\/posts"}],"about":[{"href":"https:\/\/agromt.news\/index.php?rest_route=\/wp\/v2\/types\/post"}],"author":[{"embeddable":true,"href":"https:\/\/agromt.news\/index.php?rest_route=\/wp\/v2\/users\/1"}],"replies":[{"embeddable":true,"href":"https:\/\/agromt.news\/index.php?rest_route=%2Fwp%2Fv2%2Fcomments&post=23970"}],"version-history":[{"count":0,"href":"https:\/\/agromt.news\/index.php?rest_route=\/wp\/v2\/posts\/23970\/revisions"}],"wp:featuredmedia":[{"embeddable":true,"href":"https:\/\/agromt.news\/index.php?rest_route=\/wp\/v2\/media\/23971"}],"wp:attachment":[{"href":"https:\/\/agromt.news\/index.php?rest_route=%2Fwp%2Fv2%2Fmedia&parent=23970"}],"wp:term":[{"taxonomy":"category","embeddable":true,"href":"https:\/\/agromt.news\/index.php?rest_route=%2Fwp%2Fv2%2Fcategories&post=23970"},{"taxonomy":"post_tag","embeddable":true,"href":"https:\/\/agromt.news\/index.php?rest_route=%2Fwp%2Fv2%2Ftags&post=23970"}],"curies":[{"name":"wp","href":"https:\/\/api.w.org\/{rel}","templated":true}]}}