{"id":23961,"date":"2025-11-13T11:51:17","date_gmt":"2025-11-13T15:51:17","guid":{"rendered":"https:\/\/agromt.news\/?p=23961"},"modified":"2025-11-13T11:51:17","modified_gmt":"2025-11-13T15:51:17","slug":"na-cop30-fgv-e-abiec-destacam-potencial-sustentavel-da-pecuaria","status":"publish","type":"post","link":"https:\/\/agromt.news\/?p=23961","title":{"rendered":"Na COP30, FGV e Abiec destacam potencial sustent\u00e1vel da pecu\u00e1ria"},"content":{"rendered":"<p> <br \/>\n<br \/><img decoding=\"async\" src=\"https:\/\/agromt.news\/wp-content\/uploads\/2025\/11\/Na-COP30-FGV-e-Abiec-destacam-potencial-sustentavel-da-pecuaria.jpg\" \/><\/p>\n<div>\n<p>A pecu\u00e1ria de corte brasileira pode reduzir em at\u00e9 92,6% as emiss\u00f5es de gases de efeito estufa por quilo de carne produzida at\u00e9 2050. A estimativa \u00e9 de um estudo da Funda\u00e7\u00e3o Get\u00falio Vargas <a href=\"https:\/\/www.canalrural.com.br\/tag\/fgv\/\">(FGV)<\/a>, em parceria com a Associa\u00e7\u00e3o Brasileira das Ind\u00fastrias Exportadoras de Carnes <a href=\"https:\/\/www.canalrural.com.br\/tag\/abiec\/\">(Abiec)<\/a>, que analisou diferentes cen\u00e1rios de mitiga\u00e7\u00e3o e efici\u00eancia produtiva no setor.<\/p>\n<p>Se o ritmo atual de ado\u00e7\u00e3o de tecnologias e pr\u00e1ticas sustent\u00e1veis for mantido, a queda projetada \u00e9 de 79,9%. O n\u00famero pode ser ainda maior caso sejam aceleradas a\u00e7\u00f5es como recupera\u00e7\u00e3o de pastagens degradadas, abate precoce e uso de aditivos alimentares que reduzem a fermenta\u00e7\u00e3o ent\u00e9rica \u2014 principal fonte de metano nos rebanhos.<\/p>\n<h3 class=\"wp-block-heading\" id=\"h-quatro-cenarios-de-descarbonizacao\">Quatro cen\u00e1rios de descarboniza\u00e7\u00e3o<\/h3>\n<p>O levantamento da FGV Agro considerou quatro trajet\u00f3rias poss\u00edveis para a pecu\u00e1ria at\u00e9 2050. No primeiro cen\u00e1rio, com continuidade das tend\u00eancias atuais, a emiss\u00e3o por quilo de carne cairia de 80 kg de CO\u2082 para 16,1 kg, uma redu\u00e7\u00e3o de quase 80%.<\/p>\n<p>O segundo cen\u00e1rio leva em conta o cumprimento da meta de desmatamento zero at\u00e9 2030, ampliando a queda para 86,3%. J\u00e1 o terceiro inclui a aplica\u00e7\u00e3o integral do Plano ABC+ \u2014 que incentiva a recupera\u00e7\u00e3o de pastagens e a integra\u00e7\u00e3o lavoura-pecu\u00e1ria \u2014 e eleva a redu\u00e7\u00e3o para 91,6%. O cen\u00e1rio mais avan\u00e7ado incorpora tamb\u00e9m inova\u00e7\u00f5es zoot\u00e9cnicas e t\u00e9cnicas de manejo de precis\u00e3o, atingindo 92,6% de queda.<\/p>\n<p>Segundo Guilherme Bastos, coordenador do FGV Agro, o resultado mostra que o pa\u00eds tem condi\u00e7\u00f5es de atingir suas metas clim\u00e1ticas \u201cpor meio da combina\u00e7\u00e3o de pol\u00edticas p\u00fablicas e tecnologias j\u00e1 dispon\u00edveis\u201d.<\/p>\n<h3 class=\"wp-block-heading\" id=\"h-politicas-publicas-e-incentivos-financeiros\">Pol\u00edticas p\u00fablicas e incentivos financeiros<\/h3>\n<p>A pesquisa destaca que alcan\u00e7ar o cen\u00e1rio mais otimista depende de pol\u00edticas p\u00fablicas consistentes e de incentivos econ\u00f4micos. Entre os fatores determinantes est\u00e3o o combate ao desmatamento ilegal e a expans\u00e3o de programas de rastreabilidade, como o Plano Nacional de Identifica\u00e7\u00e3o de Bovinos (PNIB).<\/p>\n<p>A Abiec tamb\u00e9m cita iniciativas como o Selo Verde do Par\u00e1 e o Protocolo Boi na Linha, criado pelo Imaflora, que padronizam crit\u00e9rios socioambientais nas compras de gado.<\/p>\n<p>De acordo com Fernando Sampaio, diretor de sustentabilidade da Abiec, \u201cos resultados confirmam que a pecu\u00e1ria brasileira j\u00e1 segue uma trajet\u00f3ria de descarboniza\u00e7\u00e3o estrutural, com potencial para consolidar o pa\u00eds como refer\u00eancia global em carne de baixo carbono\u201d.<\/p>\n<\/p><\/div>\n<p><br \/>\n<br \/><a href=\"https:\/\/www.canalrural.com.br\/cop30\/na-cop30-fgv-e-abiec-destacam-potencial-sustentavel-da-pecuaria\/\">Source link <\/a><\/p>\n","protected":false},"excerpt":{"rendered":"<p>A pecu\u00e1ria de corte brasileira pode reduzir em at\u00e9 92,6% as emiss\u00f5es de gases de efeito estufa por quilo de<\/p>\n","protected":false},"author":1,"featured_media":19258,"comment_status":"open","ping_status":"open","sticky":false,"template":"","format":"standard","meta":{"_monsterinsights_skip_tracking":false,"_monsterinsights_sitenote_active":false,"_monsterinsights_sitenote_note":"","_monsterinsights_sitenote_category":0,"_uf_show_specific_survey":0,"_uf_disable_surveys":false,"footnotes":""},"categories":[1],"tags":[],"class_list":["post-23961","post","type-post","status-publish","format-standard","has-post-thumbnail","hentry","category-news"],"_links":{"self":[{"href":"https:\/\/agromt.news\/index.php?rest_route=\/wp\/v2\/posts\/23961"}],"collection":[{"href":"https:\/\/agromt.news\/index.php?rest_route=\/wp\/v2\/posts"}],"about":[{"href":"https:\/\/agromt.news\/index.php?rest_route=\/wp\/v2\/types\/post"}],"author":[{"embeddable":true,"href":"https:\/\/agromt.news\/index.php?rest_route=\/wp\/v2\/users\/1"}],"replies":[{"embeddable":true,"href":"https:\/\/agromt.news\/index.php?rest_route=%2Fwp%2Fv2%2Fcomments&post=23961"}],"version-history":[{"count":0,"href":"https:\/\/agromt.news\/index.php?rest_route=\/wp\/v2\/posts\/23961\/revisions"}],"wp:featuredmedia":[{"embeddable":true,"href":"https:\/\/agromt.news\/index.php?rest_route=\/wp\/v2\/media\/19258"}],"wp:attachment":[{"href":"https:\/\/agromt.news\/index.php?rest_route=%2Fwp%2Fv2%2Fmedia&parent=23961"}],"wp:term":[{"taxonomy":"category","embeddable":true,"href":"https:\/\/agromt.news\/index.php?rest_route=%2Fwp%2Fv2%2Fcategories&post=23961"},{"taxonomy":"post_tag","embeddable":true,"href":"https:\/\/agromt.news\/index.php?rest_route=%2Fwp%2Fv2%2Ftags&post=23961"}],"curies":[{"name":"wp","href":"https:\/\/api.w.org\/{rel}","templated":true}]}}