{"id":23953,"date":"2025-11-12T20:42:09","date_gmt":"2025-11-13T00:42:09","guid":{"rendered":"https:\/\/agromt.news\/?p=23953"},"modified":"2025-11-12T20:42:09","modified_gmt":"2025-11-13T00:42:09","slug":"passou-a-hora-de-virar-a-pagina-diz-diretor-do-cecafe-sobre-taxacao-de-cafe-brasileiro-nos-eua","status":"publish","type":"post","link":"https:\/\/agromt.news\/?p=23953","title":{"rendered":"&#8216;Passou a hora de virar a p\u00e1gina&#8217;, diz diretor do Cecaf\u00e9 sobre taxa\u00e7\u00e3o de caf\u00e9 brasileiro nos EUA"},"content":{"rendered":"<p> <br \/>\n<br \/><img decoding=\"async\" src=\"https:\/\/agromt.news\/wp-content\/uploads\/2025\/07\/Agro-brasileiro-deveria-pressionar-Congresso-dos-EUA-contra-tarifaco-diz.jpg\" \/><\/p>\n<div>\n<p>O presidente do Conselho dos Exportadores de Caf\u00e9 do Brasil (Cecaf\u00e9), Marcos Matos, disse estar torcendo para que os Estados Unidos retirem a tarifa sobre o caf\u00e9 brasileiro. \u201cVamos torcer; est\u00e3o todos cansados dessas tarifas. Passou da hora de virar essa p\u00e1gina\u201d, disse ele ao <i>Broadcast Agro<\/i> (sistema de not\u00edcias em tempo real do Grupo Estado) <a href=\"https:\/\/www.canalrural.com.br\/agricultura\/cafe\/eua-dao-sinais-de-que-podem-rever-tarifa-do-cafe-medida-pode-beneficiar-o-brasil\/amp\/\">ap\u00f3s fala do secret\u00e1rio de Tesouro dos EUA, Scott Bessent, a respeito de \u201cal\u00edvios tarif\u00e1rios sobre caf\u00e9, bananas e outras frutas e produtos nos pr\u00f3ximos dias\u201d.<\/a><\/p>\n<p>Em comunicado, o Cecaf\u00e9 afirmou que houve uma movimenta\u00e7\u00e3o importante das principais ind\u00fastrias torrefadoras dos EUA. \u201cEles est\u00e3o em di\u00e1logo permanente com o Departamento de Com\u00e9rcio, com o Escrit\u00f3rio do Representante Comercial dos Estados Unidos (USTR) e com os secret\u00e1rios, justamente abordando a quest\u00e3o da isen\u00e7\u00e3o ao caf\u00e9\u201d, disse.<\/p>\n<p>A entidade tamb\u00e9m afirmou que o Brasil tem tido \u201cuma perda competitiva consider\u00e1vel\u201d desde a ordem executiva do \u00faltimo dia 5 de setembro, visto que outros produtores de caf\u00e9 do mundo ampliaram acesso ao mercado norte-americano com tarifas de apenas 10%. <\/p>\n<p>\u201cSeguimos com 50%, enquanto o consumidor dos EUA vai se adaptando a novos par\u00e2metros. O Brasil, obviamente, n\u00e3o conseguir\u00e1 reconquistar os espa\u00e7os no blends se essa situa\u00e7\u00e3o das tarifas se prolongar\u201d, disse o Cecaf\u00e9. <\/p>\n<p>A entidade acrescenta, em nota, que est\u00e1 pedindo aos governos do Brasil e dos EUA que anunciem \u00e0 sociedade e ao mercado que a negocia\u00e7\u00e3o efetivamente come\u00e7ou para grandes e importantes produtos, como o caf\u00e9. \u201cPrecisamos ter um olhar de produto a produto\u201d, disse. \u201c\u00c9 uma estrat\u00e9gia que pode destravar as negocia\u00e7\u00f5es dado a esse cen\u00e1rio que estamos vendo de algumas resist\u00eancias.\u201d<\/p>\n<\/p><\/div>\n<p><br \/>\n<br \/><a href=\"https:\/\/www.canalrural.com.br\/agricultura\/cafe\/passou-a-hora-de-virar-a-pagina-das-tarifas-diz-presidente-do-cecafe\/\">Source link <\/a><\/p>\n","protected":false},"excerpt":{"rendered":"<p>O presidente do Conselho dos Exportadores de Caf\u00e9 do Brasil (Cecaf\u00e9), Marcos Matos, disse estar torcendo para que os Estados<\/p>\n","protected":false},"author":1,"featured_media":17164,"comment_status":"open","ping_status":"open","sticky":false,"template":"","format":"standard","meta":{"_monsterinsights_skip_tracking":false,"_monsterinsights_sitenote_active":false,"_monsterinsights_sitenote_note":"","_monsterinsights_sitenote_category":0,"_uf_show_specific_survey":0,"_uf_disable_surveys":false,"footnotes":""},"categories":[1],"tags":[],"class_list":["post-23953","post","type-post","status-publish","format-standard","has-post-thumbnail","hentry","category-news"],"_links":{"self":[{"href":"https:\/\/agromt.news\/index.php?rest_route=\/wp\/v2\/posts\/23953"}],"collection":[{"href":"https:\/\/agromt.news\/index.php?rest_route=\/wp\/v2\/posts"}],"about":[{"href":"https:\/\/agromt.news\/index.php?rest_route=\/wp\/v2\/types\/post"}],"author":[{"embeddable":true,"href":"https:\/\/agromt.news\/index.php?rest_route=\/wp\/v2\/users\/1"}],"replies":[{"embeddable":true,"href":"https:\/\/agromt.news\/index.php?rest_route=%2Fwp%2Fv2%2Fcomments&post=23953"}],"version-history":[{"count":0,"href":"https:\/\/agromt.news\/index.php?rest_route=\/wp\/v2\/posts\/23953\/revisions"}],"wp:featuredmedia":[{"embeddable":true,"href":"https:\/\/agromt.news\/index.php?rest_route=\/wp\/v2\/media\/17164"}],"wp:attachment":[{"href":"https:\/\/agromt.news\/index.php?rest_route=%2Fwp%2Fv2%2Fmedia&parent=23953"}],"wp:term":[{"taxonomy":"category","embeddable":true,"href":"https:\/\/agromt.news\/index.php?rest_route=%2Fwp%2Fv2%2Fcategories&post=23953"},{"taxonomy":"post_tag","embeddable":true,"href":"https:\/\/agromt.news\/index.php?rest_route=%2Fwp%2Fv2%2Ftags&post=23953"}],"curies":[{"name":"wp","href":"https:\/\/api.w.org\/{rel}","templated":true}]}}