{"id":23949,"date":"2025-11-12T19:34:45","date_gmt":"2025-11-12T23:34:45","guid":{"rendered":"https:\/\/agromt.news\/?p=23949"},"modified":"2025-11-12T19:34:45","modified_gmt":"2025-11-12T23:34:45","slug":"quinta-feira-tem-alerta-de-temporais-e-pancadas-de-chuva-em-varias-regioes-do-pais","status":"publish","type":"post","link":"https:\/\/agromt.news\/?p=23949","title":{"rendered":"Quinta-feira tem alerta de temporais e pancadas de chuva em v\u00e1rias regi\u00f5es do pa\u00eds"},"content":{"rendered":"<p> <br \/>\n<br \/><img decoding=\"async\" src=\"https:\/\/agromt.news\/wp-content\/uploads\/2024\/10\/Frente-fria-traz-temporais-e-granizo-ao-Sul-confira-a.jpg\" \/><\/p>\n<div>\n<p>A atua\u00e7\u00e3o de uma \u00e1rea de baixa press\u00e3o no Paraguai, combinada com o avan\u00e7o de uma frente fria, provoca instabilidade em v\u00e1rias regi\u00f5es do Brasil nesta quinta-feira (13). Enquanto parte do pa\u00eds enfrenta pancadas de chuva e risco de temporais, outras \u00e1reas permanecem com tempo firme e temperaturas elevadas, segundo a Climatempo.<\/p>\n<div data-icp-cta=\"1\" id=\"icp-cta-unique\">Voc\u00ea quer entender como usar o clima a seu favor?<b> <\/b><a href=\"https:\/\/climacampo.canalrural.com.br\/climacampo_-01\">Preparamos um e-book exclusivo<\/a> para ajudar produtores rurais a se antecipar \u00e0s mudan\u00e7as do tempo e planejar melhor suas a\u00e7\u00f5es. Com base em previs\u00f5es meteorol\u00f3gicas confi\u00e1veis, ele oferece orienta\u00e7\u00f5es pr\u00e1ticas para proteger sua lavoura e otimizar seus resultados.<\/div>\n<h2 class=\"wp-block-heading\" id=\"h-sul\">Sul<\/h2>\n<p>No norte do Rio Grande do Sul, norte de Santa Catarina e Paran\u00e1, as pancadas de chuva persistem ao longo do dia, com possibilidade de forte intensidade e risco de temporais, especialmente no PR.<\/p>\n<p>No restante do Rio Grande do Sul, o tempo volta a ficar mais est\u00e1vel. As temperaturas sobem em boa parte do estado e tamb\u00e9m no norte do Paran\u00e1, enquanto em Santa Catarina e na metade sul paranaense o clima fica mais ameno.<\/p>\n<h2 class=\"wp-block-heading\" id=\"h-sudeste\">Sudeste<\/h2>\n<p>As instabilidades avan\u00e7am pelo oeste e sul de S\u00e3o Paulo e sul e oeste de Minas Gerais desde a manh\u00e3, provocando chuvas de moderada a forte intensidade e risco de temporais no Tri\u00e2ngulo Mineiro. <\/p>\n<p>Na capital paulista, o sol aparece entre nuvens durante a manh\u00e3 e h\u00e1 possibilidade de chuva \u00e0 tarde. As temperaturas variam entre 17 \u00b0C e 30 \u00b0C. J\u00e1 nas demais \u00e1reas do Sudeste, o tempo firme predomina, com sol e calor em grande parte da regi\u00e3o.<\/p>\n<h2 class=\"wp-block-heading\" id=\"h-centro-oeste\">Centro-Oeste<\/h2>\n<p>No Mato Grosso do Sul, sobretudo na metade sul, as pancadas de chuva ocorrem desde cedo, com risco de temporais e grandes volumes acumulados. As instabilidades se espalham para o restante do estado ao longo do dia.<\/p>\n<p>No Mato Grosso, as chuvas ganham for\u00e7a \u00e0 tarde, principalmente no oeste e sul. J\u00e1 em Goi\u00e1s, as instabilidades ficam restritas ao sul do estado, com tempo mais aberto nas demais \u00e1reas.<\/p>\n<h2 class=\"wp-block-heading\" id=\"h-nordeste\">Nordeste<\/h2>\n<p>Entre Ilh\u00e9us e Salvador, h\u00e1 previs\u00e3o de chuvas moderadas a fortes, com possibilidade de temporais. No interior e oeste da Bahia, Maranh\u00e3o e entre Alagoas e Rio Grande do Norte, podem ocorrer chuvas fracas e isoladas.<\/p>\n<p>Nas demais \u00e1reas, o tempo segue firme e seco, com umidade do ar baixa no interior, especialmente no Piau\u00ed, Cear\u00e1, oeste do Rio Grande do Norte, Para\u00edba, Pernambuco e norte da Bahia.<\/p>\n<h2 class=\"wp-block-heading\" id=\"h-norte\">Norte<\/h2>\n<p>As instabilidades se formam desde cedo no Amazonas, Acre, Rond\u00f4nia, oeste do Tocantins e oeste do Par\u00e1, e se intensificam ao longo do dia. No Amap\u00e1, o tempo permanece mais firme. As temperaturas seguem elevadas, deixando o clima abafado em toda a regi\u00e3o Norte.<\/p>\n<\/p><\/div>\n<p><br \/>\n<br \/><a href=\"https:\/\/www.canalrural.com.br\/tempo\/quinta-feira-tem-alerta-de-temporais-e-pancadas-de-chuva-em-varias-regioes-do-pais\/\">Source link <\/a><\/p>\n","protected":false},"excerpt":{"rendered":"<p>A atua\u00e7\u00e3o de uma \u00e1rea de baixa press\u00e3o no Paraguai, combinada com o avan\u00e7o de uma frente fria, provoca instabilidade<\/p>\n","protected":false},"author":1,"featured_media":2952,"comment_status":"open","ping_status":"open","sticky":false,"template":"","format":"standard","meta":{"_monsterinsights_skip_tracking":false,"_monsterinsights_sitenote_active":false,"_monsterinsights_sitenote_note":"","_monsterinsights_sitenote_category":0,"_uf_show_specific_survey":0,"_uf_disable_surveys":false,"footnotes":""},"categories":[1],"tags":[],"class_list":["post-23949","post","type-post","status-publish","format-standard","has-post-thumbnail","hentry","category-news"],"_links":{"self":[{"href":"https:\/\/agromt.news\/index.php?rest_route=\/wp\/v2\/posts\/23949"}],"collection":[{"href":"https:\/\/agromt.news\/index.php?rest_route=\/wp\/v2\/posts"}],"about":[{"href":"https:\/\/agromt.news\/index.php?rest_route=\/wp\/v2\/types\/post"}],"author":[{"embeddable":true,"href":"https:\/\/agromt.news\/index.php?rest_route=\/wp\/v2\/users\/1"}],"replies":[{"embeddable":true,"href":"https:\/\/agromt.news\/index.php?rest_route=%2Fwp%2Fv2%2Fcomments&post=23949"}],"version-history":[{"count":0,"href":"https:\/\/agromt.news\/index.php?rest_route=\/wp\/v2\/posts\/23949\/revisions"}],"wp:featuredmedia":[{"embeddable":true,"href":"https:\/\/agromt.news\/index.php?rest_route=\/wp\/v2\/media\/2952"}],"wp:attachment":[{"href":"https:\/\/agromt.news\/index.php?rest_route=%2Fwp%2Fv2%2Fmedia&parent=23949"}],"wp:term":[{"taxonomy":"category","embeddable":true,"href":"https:\/\/agromt.news\/index.php?rest_route=%2Fwp%2Fv2%2Fcategories&post=23949"},{"taxonomy":"post_tag","embeddable":true,"href":"https:\/\/agromt.news\/index.php?rest_route=%2Fwp%2Fv2%2Ftags&post=23949"}],"curies":[{"name":"wp","href":"https:\/\/api.w.org\/{rel}","templated":true}]}}