{"id":23947,"date":"2025-11-12T19:03:20","date_gmt":"2025-11-12T23:03:20","guid":{"rendered":"https:\/\/agromt.news\/?p=23947"},"modified":"2025-11-12T19:03:20","modified_gmt":"2025-11-12T23:03:20","slug":"precos-do-boi-gordo-seguem-em-alta-na-maioria-das-regioes","status":"publish","type":"post","link":"https:\/\/agromt.news\/?p=23947","title":{"rendered":"Pre\u00e7os do boi gordo seguem em alta na maioria das regi\u00f5es"},"content":{"rendered":"<p> <br \/>\n<br \/><img decoding=\"async\" src=\"https:\/\/agromt.news\/wp-content\/uploads\/2024\/11\/Arroba-de-boi-gordo-atinge-R-325-em-SP-e.jpg\" \/><\/p>\n<div>\n<p>O <a href=\"https:\/\/www.canalrural.com.br\/?s=boi+gordo\">mercado f\u00edsico <\/a>do boi gordo voltou a registrar alta em grande parte das regi\u00f5es produtoras ao longo desta semana. Estados como Goi\u00e1s, Mato Grosso, Tocantins e Minas Gerais apresentaram valoriza\u00e7\u00e3o consistente, reduzindo o diferencial de base entre os mercados.<\/p>\n<p>Apesar de especula\u00e7\u00f5es sobre a China e o uso do Fluazuron, ainda n\u00e3o h\u00e1 informa\u00e7\u00f5es concretas. As autoridades chinesas n\u00e3o divulgaram resultados da investiga\u00e7\u00e3o iniciada no final do ano passado sobre o impacto das importa\u00e7\u00f5es de carne na produ\u00e7\u00e3o local, afirmou Fernando Henrique Iglesias, analista da consultoria <a href=\"https:\/\/safras.com.br\/\">Safras &amp; Mercado<\/a>.<\/p>\n<h3 class=\"wp-block-heading\" id=\"h-precos-medios-da-arroba-do-boi-gordo\"><strong>Pre\u00e7os m\u00e9dios da arroba do boi gordo <\/strong><\/h3>\n<ul class=\"wp-block-list\">\n<li><strong>S\u00e3o Paulo: <\/strong>R$ 324,58 (a prazo)<\/li>\n<li><strong>Goi\u00e1s<\/strong>: R$ 320,54<\/li>\n<li><strong>Minas Gerais: <\/strong>R$ 315,29<\/li>\n<li><strong>Mato Grosso do Sul<\/strong>: R$ 327,50<\/li>\n<li><strong>Mato Grosso:<\/strong> R$ 308,31<\/li>\n<\/ul>\n<h3 class=\"wp-block-heading\" id=\"h-mercado-atacadista\"><strong>Mercado atacadista<\/strong><\/h3>\n<p>O mercado atacadista registrou pre\u00e7os em predominante acomoda\u00e7\u00e3o nesta quarta-feira (12). Apesar disso, o ambiente de neg\u00f3cios sugere potencial de valoriza\u00e7\u00e3o no curto prazo, impulsionado pelo aumento do consumo no fim de ano, com o pagamento do d\u00e9cimo terceiro sal\u00e1rio, cria\u00e7\u00e3o de postos tempor\u00e1rios e confraterniza\u00e7\u00f5es t\u00edpicas do per\u00edodo.<\/p>\n<ul class=\"wp-block-list\">\n<li><strong>Quarto traseiro: <\/strong>R$ 25,00\/kg<\/li>\n<li><strong>Ponta de agulha: <\/strong>R$ 17,75\/kg<\/li>\n<li><strong>Quarto dianteiro: <\/strong>R$ 18,75\/kg<\/li>\n<\/ul>\n<h3 class=\"wp-block-heading\" id=\"h-cambio\"><strong>C\u00e2mbio<\/strong><\/h3>\n<p>O d\u00f3lar comercial encerrou o dia com alta de 0,35%, negociado a R$ 5,2921 para venda e R$ 5,2901 para compra. Durante o dia, a moeda norte-americana oscilou entre R$ 5,2661 e R$ 5,3021.<\/p>\n<p>O fechamento positivo do mercado f\u00edsico do boi gordo e a acomoda\u00e7\u00e3o dos pre\u00e7os no atacado indicam uma perspectiva de valoriza\u00e7\u00e3o nos pr\u00f3ximos dias, alinhada \u00e0 alta demanda t\u00edpica do fim de ano.<\/p>\n<\/p><\/div>\n<p><br \/>\n<br \/><a href=\"https:\/\/www.canalrural.com.br\/pecuaria\/precos-do-boi-gordo-seguem-em-alta-na-maioria-das-regioes\/\">Source link <\/a><\/p>\n","protected":false},"excerpt":{"rendered":"<p>O mercado f\u00edsico do boi gordo voltou a registrar alta em grande parte das regi\u00f5es produtoras ao longo desta semana.<\/p>\n","protected":false},"author":1,"featured_media":4503,"comment_status":"open","ping_status":"open","sticky":false,"template":"","format":"standard","meta":{"_monsterinsights_skip_tracking":false,"_monsterinsights_sitenote_active":false,"_monsterinsights_sitenote_note":"","_monsterinsights_sitenote_category":0,"_uf_show_specific_survey":0,"_uf_disable_surveys":false,"footnotes":""},"categories":[1],"tags":[],"class_list":["post-23947","post","type-post","status-publish","format-standard","has-post-thumbnail","hentry","category-news"],"_links":{"self":[{"href":"https:\/\/agromt.news\/index.php?rest_route=\/wp\/v2\/posts\/23947"}],"collection":[{"href":"https:\/\/agromt.news\/index.php?rest_route=\/wp\/v2\/posts"}],"about":[{"href":"https:\/\/agromt.news\/index.php?rest_route=\/wp\/v2\/types\/post"}],"author":[{"embeddable":true,"href":"https:\/\/agromt.news\/index.php?rest_route=\/wp\/v2\/users\/1"}],"replies":[{"embeddable":true,"href":"https:\/\/agromt.news\/index.php?rest_route=%2Fwp%2Fv2%2Fcomments&post=23947"}],"version-history":[{"count":0,"href":"https:\/\/agromt.news\/index.php?rest_route=\/wp\/v2\/posts\/23947\/revisions"}],"wp:featuredmedia":[{"embeddable":true,"href":"https:\/\/agromt.news\/index.php?rest_route=\/wp\/v2\/media\/4503"}],"wp:attachment":[{"href":"https:\/\/agromt.news\/index.php?rest_route=%2Fwp%2Fv2%2Fmedia&parent=23947"}],"wp:term":[{"taxonomy":"category","embeddable":true,"href":"https:\/\/agromt.news\/index.php?rest_route=%2Fwp%2Fv2%2Fcategories&post=23947"},{"taxonomy":"post_tag","embeddable":true,"href":"https:\/\/agromt.news\/index.php?rest_route=%2Fwp%2Fv2%2Ftags&post=23947"}],"curies":[{"name":"wp","href":"https:\/\/api.w.org\/{rel}","templated":true}]}}