{"id":23922,"date":"2025-11-12T14:20:21","date_gmt":"2025-11-12T18:20:21","guid":{"rendered":"https:\/\/agromt.news\/?p=23922"},"modified":"2025-11-12T14:20:21","modified_gmt":"2025-11-12T18:20:21","slug":"precos-do-boi-gordo-seguem-estaveis-em-sao-paulo","status":"publish","type":"post","link":"https:\/\/agromt.news\/?p=23922","title":{"rendered":"Pre\u00e7os do boi gordo seguem est\u00e1veis em S\u00e3o Paulo"},"content":{"rendered":"<p> <br \/>\n<\/p>\n<div>\n<p style=\"text-align:justify\">De acordo com a an\u00e1lise desta segunda-feira (11), publicada no informativo \u201cTem Boi na Linha\u201d, da Scot Consultoria, \u201cnas pra\u00e7as pecu\u00e1rias paulistas, as cota\u00e7\u00f5es n\u00e3o mudaram\u201d. A consultoria informa que \u201ca firmeza dos pre\u00e7os esteve sustentada por uma oferta contida que, embora atendesse \u00e0 demanda, n\u00e3o gerava excedentes\u201d. As escalas de abate no estado atendiam, em m\u00e9dia, a oito dias.&#13;\n<\/p>\n<p style=\"text-align:justify\">Na Bahia, a Scot aponta que \u201ca oferta de gado estava menor e a cota\u00e7\u00e3o subiu, com os frigor\u00edficos pagando mais pela arroba\u201d. No Sul do estado, \u201ca cota\u00e7\u00e3o do boi gordo subiu R$ 3,00\/@\u201d, enquanto os pre\u00e7os da vaca e da novilha permaneceram est\u00e1veis. No Oeste, \u201ca arroba da vaca e a da novilha subiu R$ 2,00 na compara\u00e7\u00e3o di\u00e1ria\u201d, sem altera\u00e7\u00e3o no valor pago pelo boi gordo. N\u00e3o h\u00e1 refer\u00eancia para o chamado \u201cboi China\u201d na Bahia.<\/p>\n<p style=\"text-align:justify\">No Rio Grande do Sul, a consultoria relata que \u201ca cota\u00e7\u00e3o da arroba vinha subindo no estado\u201d, movimento ligado a \u201cuma oferta contida e a uma demanda aquecida por carne bovina\u201d. No Oeste ga\u00facho, \u201ca cota\u00e7\u00e3o do boi gordo subiu R$ 0,05\/kg\u201d, enquanto os pre\u00e7os da vaca e da novilha n\u00e3o tiveram altera\u00e7\u00e3o. Na regi\u00e3o de Pelotas, \u201ca cota\u00e7\u00e3o do quilo do boi gordo subiu R$ 0,10\u201d, mantendo-se est\u00e1vel para as demais categorias.&#13;\n<\/p>\n<p style=\"text-align:justify\">Na primeira semana de novembro, as exporta\u00e7\u00f5es brasileiras de carne bovina in natura somaram 100,5 mil toneladas, com m\u00e9dia di\u00e1ria de 20,1 mil toneladas, um \u201caumento de 67,5% frente ao embarcado por dia no mesmo per\u00edodo de 2024\u201d. A cota\u00e7\u00e3o m\u00e9dia da tonelada ficou em US$ 5,5 mil, com \u201calta de 13,1% na compara\u00e7\u00e3o ano a ano\u201d.<br \/>&#13;<br \/>\n\u00a0<\/p>\n<\/p><\/div>\n<p><script data-cfasync=\"false\">\n    !function (f, b, e, v, n, t, s) {\n        if (f.fbq) return; n = f.fbq = function () {\n            n.callMethod ?\n                n.callMethod.apply(n, arguments) : n.queue.push(arguments)\n        };\n        if (!f._fbq) f._fbq = n; n.push = n; n.loaded = !0; n.version = '2.0';\n        n.queue = []; t = b.createElement(e); t.async = !0;\n        t.src = v; s = b.getElementsByTagName(e)[0];\n        s.parentNode.insertBefore(t, s)\n    }(window, document, 'script',\n        'https:\/\/connect.facebook.net\/en_US\/fbevents.js');\n    fbq('init', '522546078623747');\n    fbq('track', 'PageView');\n<\/script><br \/>\n<br \/><br \/>\n<br \/><a href=\"https:\/\/www.agrolink.com.br\/noticias\/precos-do-boi-gordo-seguem-estaveis-em-sao-paulo_507918.html\">Source link <\/a><\/p>\n","protected":false},"excerpt":{"rendered":"<p>De acordo com a an\u00e1lise desta segunda-feira (11), publicada no informativo \u201cTem Boi na Linha\u201d, da Scot Consultoria, \u201cnas pra\u00e7as<\/p>\n","protected":false},"author":1,"featured_media":5056,"comment_status":"open","ping_status":"open","sticky":false,"template":"","format":"standard","meta":{"_monsterinsights_skip_tracking":false,"_monsterinsights_sitenote_active":false,"_monsterinsights_sitenote_note":"","_monsterinsights_sitenote_category":0,"_uf_show_specific_survey":0,"_uf_disable_surveys":false,"footnotes":""},"categories":[8,1,14],"tags":[],"class_list":["post-23922","post","type-post","status-publish","format-standard","has-post-thumbnail","hentry","category-agro","category-news","category-politica-agro"],"_links":{"self":[{"href":"https:\/\/agromt.news\/index.php?rest_route=\/wp\/v2\/posts\/23922"}],"collection":[{"href":"https:\/\/agromt.news\/index.php?rest_route=\/wp\/v2\/posts"}],"about":[{"href":"https:\/\/agromt.news\/index.php?rest_route=\/wp\/v2\/types\/post"}],"author":[{"embeddable":true,"href":"https:\/\/agromt.news\/index.php?rest_route=\/wp\/v2\/users\/1"}],"replies":[{"embeddable":true,"href":"https:\/\/agromt.news\/index.php?rest_route=%2Fwp%2Fv2%2Fcomments&post=23922"}],"version-history":[{"count":0,"href":"https:\/\/agromt.news\/index.php?rest_route=\/wp\/v2\/posts\/23922\/revisions"}],"wp:featuredmedia":[{"embeddable":true,"href":"https:\/\/agromt.news\/index.php?rest_route=\/wp\/v2\/media\/5056"}],"wp:attachment":[{"href":"https:\/\/agromt.news\/index.php?rest_route=%2Fwp%2Fv2%2Fmedia&parent=23922"}],"wp:term":[{"taxonomy":"category","embeddable":true,"href":"https:\/\/agromt.news\/index.php?rest_route=%2Fwp%2Fv2%2Fcategories&post=23922"},{"taxonomy":"post_tag","embeddable":true,"href":"https:\/\/agromt.news\/index.php?rest_route=%2Fwp%2Fv2%2Ftags&post=23922"}],"curies":[{"name":"wp","href":"https:\/\/api.w.org\/{rel}","templated":true}]}}