{"id":23919,"date":"2025-11-12T13:23:52","date_gmt":"2025-11-12T17:23:52","guid":{"rendered":"https:\/\/agromt.news\/?p=23919"},"modified":"2025-11-12T13:23:52","modified_gmt":"2025-11-12T17:23:52","slug":"frete-registra-leve-queda-em-outubro-e-mantem-tendencia-de-estabilidade","status":"publish","type":"post","link":"https:\/\/agromt.news\/?p=23919","title":{"rendered":"Frete registra leve queda em outubro e mant\u00e9m tend\u00eancia de estabilidade"},"content":{"rendered":"<p> <br \/>\n<br \/><img decoding=\"async\" src=\"https:\/\/agromt.news\/wp-content\/uploads\/2025\/05\/Com-fim-da-colheita-da-soja-precos-de-frete-iniciam.jpg\" \/><\/p>\n<div>\n<p>O pre\u00e7o m\u00e9dio do frete rodovi\u00e1rio no pa\u00eds teve leve recuo em outubro, segundo o \u00cdndice de Frete Rodovi\u00e1rio (IFR) da Edenred Frete. O valor passou de R$ 7,25 por quil\u00f4metro rodado em setembro para R$ 7,23 em outubro, queda de 0,28%. Foi o terceiro m\u00eas consecutivo de retra\u00e7\u00e3o nos pre\u00e7os.<\/p>\n<p>A varia\u00e7\u00e3o indica estabilidade no mercado, ap\u00f3s meses de maior oscila\u00e7\u00e3o nos custos do transporte. Segundo a Edenred, o cen\u00e1rio reflete o equil\u00edbrio entre fatores que sustentam e limitam o avan\u00e7o dos valores.<\/p>\n<h3 class=\"wp-block-heading\" id=\"h-agro-e-industria-influenciam-mercado\">Agro e ind\u00fastria influenciam mercado<\/h3>\n<p>De um lado, o agroneg\u00f3cio mant\u00e9m expectativa positiva com a proje\u00e7\u00e3o de safra recorde em 2025, o que tende a garantir demanda constante por transporte. Por outro, a desacelera\u00e7\u00e3o da atividade industrial reduz o volume de embarques, pressionando os pre\u00e7os para baixo.<\/p>\n<p>A estabilidade dos <a href=\"https:\/\/www.canalrural.com.br\/tag\/combustiveis\/\">combust\u00edveis<\/a> tamb\u00e9m ajudou a conter varia\u00e7\u00f5es. O diesel S-10 manteve pre\u00e7o m\u00e9dio de R$ 6,21 por litro em outubro, segundo o \u00cdndice de Pre\u00e7os Edenred Ticket Log (IPTL), sem altera\u00e7\u00e3o em rela\u00e7\u00e3o a setembro.<\/p>\n<h3 class=\"wp-block-heading\" id=\"h-fiscalizacao-da-antt-reforca-estabilidade\">Fiscaliza\u00e7\u00e3o da ANTT refor\u00e7a estabilidade<\/h3>\n<p>Outro fator que contribuiu para a manuten\u00e7\u00e3o dos valores foi a fiscaliza\u00e7\u00e3o mais rigorosa da Ag\u00eancia Nacional de Transportes Terrestres <a href=\"https:\/\/www.canalrural.com.br\/tag\/antt\/\">(ANTT)<\/a> sobre o cumprimento da tabela de frete m\u00ednimo.<\/p>\n<p>De acordo com Vinicios Fernandes, diretor da Edenred Frete, o monitoramento mais intenso reduziu a dispers\u00e3o de pre\u00e7os. \u201cCom mais empresas se adequando \u00e0s regras, o mercado mostra maior equil\u00edbrio entre oferta e demanda\u201d, afirmou.<\/p>\n<p>O IFR \u00e9 calculado a partir de dados da plataforma Repom, com base em 8 milh\u00f5es de transa\u00e7\u00f5es anuais de frete e vale-ped\u00e1gio. A Edenred Frete atua h\u00e1 30 anos na gest\u00e3o e pagamento de despesas do transporte rodovi\u00e1rio de cargas.<\/p>\n<\/p><\/div>\n<p><br \/>\n<br \/><a href=\"https:\/\/www.canalrural.com.br\/economia\/frete-registra-leve-queda-em-outubro-e-mantem-tendencia-de-estabilidade\/\">Source link <\/a><\/p>\n","protected":false},"excerpt":{"rendered":"<p>O pre\u00e7o m\u00e9dio do frete rodovi\u00e1rio no pa\u00eds teve leve recuo em outubro, segundo o \u00cdndice de Frete Rodovi\u00e1rio (IFR)<\/p>\n","protected":false},"author":1,"featured_media":13222,"comment_status":"open","ping_status":"open","sticky":false,"template":"","format":"standard","meta":{"_monsterinsights_skip_tracking":false,"_monsterinsights_sitenote_active":false,"_monsterinsights_sitenote_note":"","_monsterinsights_sitenote_category":0,"_uf_show_specific_survey":0,"_uf_disable_surveys":false,"footnotes":""},"categories":[1],"tags":[],"class_list":["post-23919","post","type-post","status-publish","format-standard","has-post-thumbnail","hentry","category-news"],"_links":{"self":[{"href":"https:\/\/agromt.news\/index.php?rest_route=\/wp\/v2\/posts\/23919"}],"collection":[{"href":"https:\/\/agromt.news\/index.php?rest_route=\/wp\/v2\/posts"}],"about":[{"href":"https:\/\/agromt.news\/index.php?rest_route=\/wp\/v2\/types\/post"}],"author":[{"embeddable":true,"href":"https:\/\/agromt.news\/index.php?rest_route=\/wp\/v2\/users\/1"}],"replies":[{"embeddable":true,"href":"https:\/\/agromt.news\/index.php?rest_route=%2Fwp%2Fv2%2Fcomments&post=23919"}],"version-history":[{"count":0,"href":"https:\/\/agromt.news\/index.php?rest_route=\/wp\/v2\/posts\/23919\/revisions"}],"wp:featuredmedia":[{"embeddable":true,"href":"https:\/\/agromt.news\/index.php?rest_route=\/wp\/v2\/media\/13222"}],"wp:attachment":[{"href":"https:\/\/agromt.news\/index.php?rest_route=%2Fwp%2Fv2%2Fmedia&parent=23919"}],"wp:term":[{"taxonomy":"category","embeddable":true,"href":"https:\/\/agromt.news\/index.php?rest_route=%2Fwp%2Fv2%2Fcategories&post=23919"},{"taxonomy":"post_tag","embeddable":true,"href":"https:\/\/agromt.news\/index.php?rest_route=%2Fwp%2Fv2%2Ftags&post=23919"}],"curies":[{"name":"wp","href":"https:\/\/api.w.org\/{rel}","templated":true}]}}