{"id":23918,"date":"2025-11-12T13:09:36","date_gmt":"2025-11-12T17:09:36","guid":{"rendered":"https:\/\/agromt.news\/?p=23918"},"modified":"2025-11-12T13:09:36","modified_gmt":"2025-11-12T17:09:36","slug":"eua-dao-sinais-de-que-podem-rever-tarifa-do-cafe-medida-pode-beneficiar-o-brasil","status":"publish","type":"post","link":"https:\/\/agromt.news\/?p=23918","title":{"rendered":"EUA d\u00e3o sinais de que podem rever tarifa do caf\u00e9; medida pode beneficiar o Brasil"},"content":{"rendered":"<p> <br \/>\n<br \/><img decoding=\"async\" src=\"https:\/\/agromt.news\/wp-content\/uploads\/2025\/10\/BSCA-destaca-dialogo-entre-Brasil-e-EUA-sobre-tarifas-do.jpg\" \/><\/p>\n<div>\n<p>O presidente dos Estados Unidos, Donald Trump, afirmou em entrevista \u00e0 Fox News que o governo americano estuda reduzir tarifas sobre produtos agr\u00edcolas, incluindo o caf\u00e9, como forma de conter o aumento de pre\u00e7os no pa\u00eds. A medida pode beneficiar diretamente o Brasil, principal exportador mundial do gr\u00e3o.<\/p>\n<p>\u201cVamos reduzir algumas tarifas do caf\u00e9. Vamos permitir que entre um pouco de caf\u00e9 [no pa\u00eds]. Vamos resolver tudo isso muito r\u00e1pido, facilmente. \u00c9 cir\u00fargico. Mas os custos est\u00e3o bem mais baixos\u201d, disse Trump \u00e0 emissora americana.<\/p>\n<p>A declara\u00e7\u00e3o refor\u00e7a o esfor\u00e7o do governo norte-americano para controlar o custo de vida e minimizar os efeitos da infla\u00e7\u00e3o de alimentos sobre os consumidores.<\/p>\n<h2 class=\"wp-block-heading\" id=\"h-tesouro-confirma-que-anuncios-devem-sair-nos-proximos-dias\">Tesouro confirma que an\u00fancios devem sair nos pr\u00f3ximos dias<\/h2>\n<p>O secret\u00e1rio do Tesouro dos Estados Unidos, Scott Bessent, tamb\u00e9m comentou o tema em entrevista \u00e0 Fox News. Segundo ele, an\u00fancios substanciais devem ser feitos nos pr\u00f3ximos dias, envolvendo produtos agr\u00edcolas que n\u00e3o s\u00e3o produzidos em larga escala no pa\u00eds.<\/p>\n<p>\u201cVoc\u00ea ver\u00e1 alguns an\u00fancios substanciais nos pr\u00f3ximos dias em termos de coisas que n\u00e3o cultivamos aqui nos Estados Unidos, sendo o caf\u00e9 uma delas, bananas e outras frutas\u201d, afirmou Bessent.<\/p>\n<p>De acordo com reportagem da Bloomberg L\u00ednea, a revis\u00e3o tarif\u00e1ria faz parte de uma estrat\u00e9gia mais ampla da Casa Branca para reduzir press\u00f5es inflacion\u00e1rias e estimular a economia dom\u00e9stica, especialmente em setores ligados ao consumo de alimentos e bebidas.<\/p>\n<p>Apesar das declara\u00e7\u00f5es, o governo americano ainda n\u00e3o apresentou um cronograma nem especificou quais pa\u00edses seriam contemplados. Tamb\u00e9m n\u00e3o est\u00e1 claro se a mudan\u00e7a ser\u00e1 tempor\u00e1ria, como resposta emergencial \u00e0 infla\u00e7\u00e3o, ou se representar\u00e1 uma altera\u00e7\u00e3o estrutural na pol\u00edtica tarif\u00e1ria dos Estados Unidos.<\/p>\n<h2 class=\"wp-block-heading\" id=\"h-sentindo-falta-do-cafe-brasileiro\">Sentindo falta do caf\u00e9 brasileiro<\/h2>\n<p>Durante conversa com o presidente Luiz In\u00e1cio Lula da Silva no in\u00edcio de outubro, Donald <a href=\"https:\/\/www.canalrural.com.br\/agricultura\/cafe\/apos-alta-no-preco-trump-diz-que-eua-estao-sentindo-falta-do-cafe-brasileiro\/\">Trump havia dito que os Estados Unidos estavam \u201csentindo falta\u201d <\/a>de alguns produtos brasileiros afetados pelo tarifa\u00e7o, segundo reportagem da BBC News Brasil. Na ocasi\u00e3o, o republicano teria mencionado o caf\u00e9 entre os itens citados.<\/p>\n<p>O pre\u00e7o da bebida nos EUA vem subindo desde que o governo imp\u00f4s, em agosto, uma sobretaxa de 40% sobre produtos brasileiros. Analistas de mercado ouvidos pelo <strong>Canal Rural<\/strong> j\u00e1 alertavam que a medida poderia pressionar o valor da bebida para o consumidor americano, uma vez que o Brasil responde por cerca de 30% das importa\u00e7\u00f5es de caf\u00e9 verde dos Estados Unidos<\/p>\n<\/p><\/div>\n<p><br \/>\n<br \/><a href=\"https:\/\/www.canalrural.com.br\/agricultura\/cafe\/eua-dao-sinais-de-que-podem-rever-tarifa-do-cafe-medida-pode-beneficiar-o-brasil\/\">Source link <\/a><\/p>\n","protected":false},"excerpt":{"rendered":"<p>O presidente dos Estados Unidos, Donald Trump, afirmou em entrevista \u00e0 Fox News que o governo americano estuda reduzir tarifas<\/p>\n","protected":false},"author":1,"featured_media":22919,"comment_status":"open","ping_status":"open","sticky":false,"template":"","format":"standard","meta":{"_monsterinsights_skip_tracking":false,"_monsterinsights_sitenote_active":false,"_monsterinsights_sitenote_note":"","_monsterinsights_sitenote_category":0,"_uf_show_specific_survey":0,"_uf_disable_surveys":false,"footnotes":""},"categories":[1],"tags":[],"class_list":["post-23918","post","type-post","status-publish","format-standard","has-post-thumbnail","hentry","category-news"],"_links":{"self":[{"href":"https:\/\/agromt.news\/index.php?rest_route=\/wp\/v2\/posts\/23918"}],"collection":[{"href":"https:\/\/agromt.news\/index.php?rest_route=\/wp\/v2\/posts"}],"about":[{"href":"https:\/\/agromt.news\/index.php?rest_route=\/wp\/v2\/types\/post"}],"author":[{"embeddable":true,"href":"https:\/\/agromt.news\/index.php?rest_route=\/wp\/v2\/users\/1"}],"replies":[{"embeddable":true,"href":"https:\/\/agromt.news\/index.php?rest_route=%2Fwp%2Fv2%2Fcomments&post=23918"}],"version-history":[{"count":0,"href":"https:\/\/agromt.news\/index.php?rest_route=\/wp\/v2\/posts\/23918\/revisions"}],"wp:featuredmedia":[{"embeddable":true,"href":"https:\/\/agromt.news\/index.php?rest_route=\/wp\/v2\/media\/22919"}],"wp:attachment":[{"href":"https:\/\/agromt.news\/index.php?rest_route=%2Fwp%2Fv2%2Fmedia&parent=23918"}],"wp:term":[{"taxonomy":"category","embeddable":true,"href":"https:\/\/agromt.news\/index.php?rest_route=%2Fwp%2Fv2%2Fcategories&post=23918"},{"taxonomy":"post_tag","embeddable":true,"href":"https:\/\/agromt.news\/index.php?rest_route=%2Fwp%2Fv2%2Ftags&post=23918"}],"curies":[{"name":"wp","href":"https:\/\/api.w.org\/{rel}","templated":true}]}}