{"id":23848,"date":"2025-11-11T11:35:45","date_gmt":"2025-11-11T15:35:45","guid":{"rendered":"https:\/\/agromt.news\/?p=23848"},"modified":"2025-11-11T11:35:45","modified_gmt":"2025-11-11T15:35:45","slug":"agricultura-urbana-ganha-destaque-na-cop30-como-estrategia-contra-a-fome-e-o-clima","status":"publish","type":"post","link":"https:\/\/agromt.news\/?p=23848","title":{"rendered":"Agricultura urbana ganha destaque na COP30 como estrat\u00e9gia contra a fome e o clima"},"content":{"rendered":"<p> <br \/>\n<\/p>\n<div>\n<p>O painel sobre agricultura urbana, realizado na tarde de segunda-feira (10) na Arena AgriTalks durante a 30\u00aa Confer\u00eancia das Na\u00e7\u00f5es Unidas sobre Mudan\u00e7as Clim\u00e1ticas <strong><a href=\"https:\/\/www.canalrural.com.br\/cop30\/\">(COP30)<\/a><\/strong>, em Bel\u00e9m (PA), destacou a import\u00e2ncia das hortas urbanas para a seguran\u00e7a alimentar coletiva e a gera\u00e7\u00e3o de renda. O evento, que contou com a participa\u00e7\u00e3o da Empresa Brasileira de Pesquisa Agropecu\u00e1ria (Embrapa), apresentou quatro iniciativas ligadas ao Programa Nacional de Agricultura Urbana e Periurbana.<\/p>\n<p>Moderado pela analista da Embrapa Kelliane Fuscaldi, o painel abordou pol\u00edticas p\u00fablicas voltadas para a alimenta\u00e7\u00e3o adequada. Kelliane informou que a agricultura urbana \u00e9 uma estrat\u00e9gia fundamental para mitigar e adaptar \u00e0s mudan\u00e7as clim\u00e1ticas. \u201cA agricultura urbana est\u00e1 consolidada como pol\u00edtica p\u00fablica\u201d, declarou.<\/p>\n<figure class=\"wp-block-image size-full\"><img fetchpriority=\"high\" decoding=\"async\" width=\"900\" height=\"675\" alt=\"\" class=\"wp-image-4138081\"  data-lazy- src=\"https:\/\/agromt.news\/wp-content\/uploads\/2025\/11\/Agricultura-urbana-ganha-destaque-na-COP30-como-estrategia-contra-a.jpeg\"\/><img decoding=\"async\" width=\"900\" height=\"675\" src=\"https:\/\/agromt.news\/wp-content\/uploads\/2025\/11\/Agricultura-urbana-ganha-destaque-na-COP30-como-estrategia-contra-a.jpeg\" alt=\"\" class=\"wp-image-4138081\"  \/><figcaption class=\"wp-element-caption\">Foto: Francisco Lima<\/figcaption><\/figure>\n<h2 class=\"wp-block-heading\" id=\"h-iniciativas-em-destaque\">Iniciativas em destaque<\/h2>\n<p>Entre as iniciativas apresentadas, tr\u00eas foram desenvolvidas pela Embrapa: o Projeto T\u00e1 Na Horta, o Sisteminha e o Projeto Agricultura Urbana com Saneamento B\u00e1sico. Kelliane tamb\u00e9m mencionou o \u201cMarco de Refer\u00eancia sobre Sistemas Alimentares e Clima para as Pol\u00edticas P\u00fablicas\u201d, um guia que refor\u00e7a a agricultura urbana como estrat\u00e9gia essencial.<\/p>\n<p>O Projeto T\u00e1 Na Horta, apresentado pelo assessor da Embrapa Henrique Carvalho, foca na cria\u00e7\u00e3o de hortas comunit\u00e1rias a partir de parcerias com cooperativas locais. O objetivo \u00e9 garantir a seguran\u00e7a alimentar e, se houver excedentes, viabilizar a comercializa\u00e7\u00e3o dos produtos. \u201cA ideia \u00e9 criar uma modelagem f\u00e1cil e vers\u00e1til para a produ\u00e7\u00e3o comunit\u00e1ria\u201d, afirmou Carvalho.<\/p>\n<h3 class=\"wp-block-heading\" id=\"h-modelo-de-transferencia-de-tecnologia\">Modelo de transfer\u00eancia de tecnologia<\/h3>\n<p>O Sisteminha Embrapa ser\u00e1 implantado em \u00e1reas a partir de cem metros quadrados, com a meta de instalar 300 unidades. Guilhermina Cayres, chefe-adjunta de Transfer\u00eancia de Tecnologia da Embrapa Cocais (MA), destacou que a iniciativa busca a autonomia alimentar e a redu\u00e7\u00e3o de impactos ambientais. O pesquisador Wilson Tadeu enfatizou a simplicidade do sistema, que inclui o reuso de efluentes tratados para fertiliza\u00e7\u00e3o do solo.<\/p>\n<p>O projeto, que come\u00e7ar\u00e1 em Bigua\u00e7u (SC), visa criar um modelo replic\u00e1vel para outras regi\u00f5es do Brasil. \u201cQueremos que essa experi\u00eancia possa ser reproduc\u00edvel em outras localidades\u201d, concluiu Tadeu.<\/p>\n<h2 class=\"wp-block-heading\" id=\"h-contribuicoes-para-o-futuro\">Contribui\u00e7\u00f5es para o futuro<\/h2>\n<p>Kelliane Fuscaldi tamb\u00e9m apresentou dados sobre as emiss\u00f5es de gases de efeito estufa nas cidades, que consomem cerca de oitenta por cento dos alimentos produzidos. A aproxima\u00e7\u00e3o da produ\u00e7\u00e3o com o consumo, aliada a pr\u00e1ticas sustent\u00e1veis, pode contribuir para o fortalecimento da resili\u00eancia alimentar. \u201cA agricultura urbana pode ter um papel importante para o cumprimento das Contribui\u00e7\u00f5es Nacionalmente Determinadas (NDCs)\u201d, informou.<\/p>\n<p>As pol\u00edticas p\u00fablicas voltadas para a agricultura urbana, estabelecidas em 2018 e atualizadas em 2023, visam promover a transi\u00e7\u00e3o agroecol\u00f3gica e fortalecer a economia comunit\u00e1ria. A parceria entre Embrapa, o Programa das Na\u00e7\u00f5es Unidas para o Meio Ambiente (Pnuma) e a Prefeitura de Curitiba \u00e9 um exemplo de como a agricultura urbana pode ser implementada de forma colaborativa.<\/p>\n<p>Com informa\u00e7\u00f5es de: <a href=\"https:\/\/www.embrapa.br\/noticias-rss\/-\/asset_publisher\/HA73uEmvroGS\/content\/id\/104536393\" rel=\"nofollow\">embrapa.br<\/a>.<\/p>\n<p>Publicado com aux\u00edlio de intelig\u00eancia artificial e revis\u00e3o da Reda\u00e7\u00e3o Canal Rural.<\/p>\n<\/p><\/div>\n<p><br \/>\n<br \/><a href=\"https:\/\/www.canalrural.com.br\/agricultura\/agricultura-urbana-ganha-destaque-na-cop30-como-estrategia-contra-a-fome-e-o-clima\/\">Source link <\/a><\/p>\n","protected":false},"excerpt":{"rendered":"<p>O painel sobre agricultura urbana, realizado na tarde de segunda-feira (10) na Arena AgriTalks durante a 30\u00aa Confer\u00eancia das Na\u00e7\u00f5es<\/p>\n","protected":false},"author":1,"featured_media":23849,"comment_status":"open","ping_status":"open","sticky":false,"template":"","format":"standard","meta":{"_monsterinsights_skip_tracking":false,"_monsterinsights_sitenote_active":false,"_monsterinsights_sitenote_note":"","_monsterinsights_sitenote_category":0,"_uf_show_specific_survey":0,"_uf_disable_surveys":false,"footnotes":""},"categories":[1],"tags":[],"class_list":["post-23848","post","type-post","status-publish","format-standard","has-post-thumbnail","hentry","category-news"],"_links":{"self":[{"href":"https:\/\/agromt.news\/index.php?rest_route=\/wp\/v2\/posts\/23848"}],"collection":[{"href":"https:\/\/agromt.news\/index.php?rest_route=\/wp\/v2\/posts"}],"about":[{"href":"https:\/\/agromt.news\/index.php?rest_route=\/wp\/v2\/types\/post"}],"author":[{"embeddable":true,"href":"https:\/\/agromt.news\/index.php?rest_route=\/wp\/v2\/users\/1"}],"replies":[{"embeddable":true,"href":"https:\/\/agromt.news\/index.php?rest_route=%2Fwp%2Fv2%2Fcomments&post=23848"}],"version-history":[{"count":0,"href":"https:\/\/agromt.news\/index.php?rest_route=\/wp\/v2\/posts\/23848\/revisions"}],"wp:featuredmedia":[{"embeddable":true,"href":"https:\/\/agromt.news\/index.php?rest_route=\/wp\/v2\/media\/23849"}],"wp:attachment":[{"href":"https:\/\/agromt.news\/index.php?rest_route=%2Fwp%2Fv2%2Fmedia&parent=23848"}],"wp:term":[{"taxonomy":"category","embeddable":true,"href":"https:\/\/agromt.news\/index.php?rest_route=%2Fwp%2Fv2%2Fcategories&post=23848"},{"taxonomy":"post_tag","embeddable":true,"href":"https:\/\/agromt.news\/index.php?rest_route=%2Fwp%2Fv2%2Ftags&post=23848"}],"curies":[{"name":"wp","href":"https:\/\/api.w.org\/{rel}","templated":true}]}}