{"id":23847,"date":"2025-11-11T11:21:59","date_gmt":"2025-11-11T15:21:59","guid":{"rendered":"https:\/\/agromt.news\/?p=23847"},"modified":"2025-11-11T11:21:59","modified_gmt":"2025-11-11T15:21:59","slug":"atrasos-em-portos-agravam-prejuizo-de-exportadores-de-cafe-alerta-cecafe","status":"publish","type":"post","link":"https:\/\/agromt.news\/?p=23847","title":{"rendered":"Atrasos em portos agravam preju\u00edzo de exportadores de caf\u00e9, alerta Cecaf\u00e9"},"content":{"rendered":"<p> <br \/>\n<br \/><img decoding=\"async\" src=\"https:\/\/agromt.news\/wp-content\/uploads\/2025\/05\/Cafe-tem-queda-brusca-na-media-de-precos-no-mes.jpg\" \/><\/p>\n<div>\n<p>A entrada da nova safra de caf\u00e9 coincidiu com um agravamento dos atrasos em portos brasileiros e aumento dos custos log\u00edsticos. Em setembro, cerca de 939 mil sacas deixaram de ser embarcadas, o que representa 2.848 cont\u00eaineres. O preju\u00edzo direto aos exportadores foi de R$ 8,9 milh\u00f5es, segundo o Conselho dos Exportadores de Caf\u00e9 do Brasil <a href=\"https:\/\/www.canalrural.com.br\/tag\/cecafe\/\">(Cecaf\u00e9)<\/a>.<\/p>\n<p>Esse foi o terceiro maior impacto financeiro da s\u00e9rie hist\u00f3rica da entidade, atr\u00e1s apenas dos meses de novembro e dezembro de 2024. A impossibilidade de embarque tamb\u00e9m impediu que o pa\u00eds recebesse US$ 348 milh\u00f5es em receitas cambiais no per\u00edodo.<\/p>\n<h3 class=\"wp-block-heading\" id=\"h-logistica-travada-e-cobranca-por-investimentos\">Log\u00edstica travada e cobran\u00e7a por investimentos<\/h3>\n<p>Para Eduardo Heron, diretor t\u00e9cnico do Cecaf\u00e9, a situa\u00e7\u00e3o exp\u00f5e o esgotamento da infraestrutura portu\u00e1ria e refor\u00e7a a urg\u00eancia de investimentos. Ele defende a amplia\u00e7\u00e3o da capacidade de carga, a diversifica\u00e7\u00e3o de modais e mais agilidade em processos burocr\u00e1ticos, especialmente no leil\u00e3o do Tecon Santos 10 \u2014 terminal de cont\u00eaineres no <a href=\"https:\/\/www.canalrural.com.br\/tag\/porto-de-santos\/\">Porto de Santos<\/a>.<\/p>\n<p>Segundo Heron, a demora na realiza\u00e7\u00e3o do certame amplia os preju\u00edzos e compromete o fluxo de exporta\u00e7\u00f5es n\u00e3o s\u00f3 do caf\u00e9, mas tamb\u00e9m de outras cadeias do agroneg\u00f3cio, como a\u00e7\u00facar, algod\u00e3o e celulose. O Cecaf\u00e9 e a Associa\u00e7\u00e3o Log\u00edstica Brasil emitiram, em outubro, um comunicado p\u00fablico pedindo que o processo ocorra com ampla concorr\u00eancia e sem restri\u00e7\u00f5es de participa\u00e7\u00e3o.<\/p>\n<h3 class=\"wp-block-heading\" id=\"h-debate-sobre-o-leilao-do-tecon-santos-10\">Debate sobre o leil\u00e3o do Tecon Santos 10<\/h3>\n<p>O tema \u00e9 acompanhado pelo Tribunal de Contas da Uni\u00e3o (TCU), cuja \u00e1rea t\u00e9cnica apontou que limitar a participa\u00e7\u00e3o de empresas seria ilegal e contr\u00e1ria aos princ\u00edpios da concorr\u00eancia. O parecer recomenda que o leil\u00e3o seja realizado em fase \u00fanica e sem restri\u00e7\u00f5es, para evitar judicializa\u00e7\u00e3o e novos atrasos.<\/p>\n<p>Heron questiona o motivo de se restringir a entrada de operadores experientes em um momento em que o pa\u00eds busca aumentar a arrecada\u00e7\u00e3o e destravar gargalos log\u00edsticos. Ele defende que a decis\u00e3o final do Minist\u00e9rio de Portos e Aeroportos e da Antaq seja t\u00e9cnica e priorize o interesse p\u00fablico.<\/p>\n<h3 class=\"wp-block-heading\" id=\"h-indices-de-atraso-nos-portos\">\u00cdndices de atraso nos portos<\/h3>\n<p>O levantamento do Cecaf\u00e9 e da startup ElloX Digital mostra que 57% dos navios tiveram atrasos ou altera\u00e7\u00f5es de escala em setembro. No Porto de Santos, principal sa\u00edda do caf\u00e9 brasileiro, o \u00edndice chegou a 75%, com esperas que chegaram a 35 dias.<\/p>\n<p>No Rio de Janeiro, segundo maior polo exportador, 44% das embarca\u00e7\u00f5es registraram atrasos, com casos de at\u00e9 63 dias de intervalo entre os prazos de embarque.<\/p>\n<p>Heron conclui que, enquanto a oferta de capacidade portu\u00e1ria n\u00e3o for ampliada, o Brasil seguir\u00e1 perdendo efici\u00eancia e receita no com\u00e9rcio exterior, mesmo com o potencial crescente de exporta\u00e7\u00e3o do agroneg\u00f3cio.<\/p>\n<\/p><\/div>\n<p><br \/>\n<br \/><a href=\"https:\/\/www.canalrural.com.br\/agricultura\/cafe\/atrasos-em-portos-agravam-prejuizo-de-exportadores-de-cafe-alerta-cecafe\/\">Source link <\/a><\/p>\n","protected":false},"excerpt":{"rendered":"<p>A entrada da nova safra de caf\u00e9 coincidiu com um agravamento dos atrasos em portos brasileiros e aumento dos custos<\/p>\n","protected":false},"author":1,"featured_media":13388,"comment_status":"open","ping_status":"open","sticky":false,"template":"","format":"standard","meta":{"_monsterinsights_skip_tracking":false,"_monsterinsights_sitenote_active":false,"_monsterinsights_sitenote_note":"","_monsterinsights_sitenote_category":0,"_uf_show_specific_survey":0,"_uf_disable_surveys":false,"footnotes":""},"categories":[1],"tags":[],"class_list":["post-23847","post","type-post","status-publish","format-standard","has-post-thumbnail","hentry","category-news"],"_links":{"self":[{"href":"https:\/\/agromt.news\/index.php?rest_route=\/wp\/v2\/posts\/23847"}],"collection":[{"href":"https:\/\/agromt.news\/index.php?rest_route=\/wp\/v2\/posts"}],"about":[{"href":"https:\/\/agromt.news\/index.php?rest_route=\/wp\/v2\/types\/post"}],"author":[{"embeddable":true,"href":"https:\/\/agromt.news\/index.php?rest_route=\/wp\/v2\/users\/1"}],"replies":[{"embeddable":true,"href":"https:\/\/agromt.news\/index.php?rest_route=%2Fwp%2Fv2%2Fcomments&post=23847"}],"version-history":[{"count":0,"href":"https:\/\/agromt.news\/index.php?rest_route=\/wp\/v2\/posts\/23847\/revisions"}],"wp:featuredmedia":[{"embeddable":true,"href":"https:\/\/agromt.news\/index.php?rest_route=\/wp\/v2\/media\/13388"}],"wp:attachment":[{"href":"https:\/\/agromt.news\/index.php?rest_route=%2Fwp%2Fv2%2Fmedia&parent=23847"}],"wp:term":[{"taxonomy":"category","embeddable":true,"href":"https:\/\/agromt.news\/index.php?rest_route=%2Fwp%2Fv2%2Fcategories&post=23847"},{"taxonomy":"post_tag","embeddable":true,"href":"https:\/\/agromt.news\/index.php?rest_route=%2Fwp%2Fv2%2Ftags&post=23847"}],"curies":[{"name":"wp","href":"https:\/\/api.w.org\/{rel}","templated":true}]}}