{"id":23845,"date":"2025-11-11T11:03:50","date_gmt":"2025-11-11T15:03:50","guid":{"rendered":"https:\/\/agromt.news\/?p=23845"},"modified":"2025-11-11T11:03:50","modified_gmt":"2025-11-11T15:03:50","slug":"replantio-e-falhas-de-germinacao-exigem-cautela-nas-vendas-antecipadas-da-safra-de-soja-25-26","status":"publish","type":"post","link":"https:\/\/agromt.news\/?p=23845","title":{"rendered":"Replantio e falhas de germina\u00e7\u00e3o exigem cautela nas vendas antecipadas da safra de soja 25\/26"},"content":{"rendered":"<p> <br \/>\n<br \/><img decoding=\"async\" src=\"https:\/\/agromt.news\/wp-content\/uploads\/2025\/11\/Replantio-e-falhas-de-germinacao-exigem-cautela-nas-vendas-antecipadas.jpeg\" \/><\/p>\n<div>\n<p>O <a href=\"https:\/\/www.canalrural.com.br\/agricultura\/projeto-soja-brasil\/\">mercado de soja <\/a>encerrou a \u00faltima semana em queda, com destaque para a desvaloriza\u00e7\u00e3o do \u00cdndice Soja FOB Santos, que recuou de R$ 145,91 para R$ 144,78 por saca, uma baixa de 0,77%. A desvaloriza\u00e7\u00e3o dos pre\u00e7os dom\u00e9sticos ocorreu mesmo diante da leve alta observada na Bolsa de Chicago, onde o contrato de novembro\/25 subiu 0,18%.<\/p>\n<p>Segundo a plataforma <a href=\"https:\/\/www.graodireto.com.br\/\">Gr\u00e3o Direito<\/a>, o principal fator de press\u00e3o no Brasil foi o c\u00e2mbio. O d\u00f3lar caiu 0,46% na semana, encerrando a R$ 5,33, e, aliado \u00e0 redu\u00e7\u00e3o dos pr\u00eamios de exporta\u00e7\u00e3o, exerceu influ\u00eancia negativa superior \u00e0 leve valoriza\u00e7\u00e3o externa, resultando em pre\u00e7os mais baixos no porto.<\/p>\n<ul class=\"wp-block-list\">\n<li><strong><em>Fique por dentro das novidades e not\u00edcias recentes sobre a soja! Participe da nossa comunidade atrav\u00e9s do\u00a0<a href=\"https:\/\/chat.whatsapp.com\/BmMRwA0TZ2DHGyhzoaVEWu%5D\">link<\/a>! \ud83c\udf31<\/em><\/strong><\/li>\n<\/ul>\n<h2 class=\"wp-block-heading\" id=\"h-como-o-mercado-se-comportou\">Como o mercado se comportou?<\/h2>\n<h3 class=\"wp-block-heading\" id=\"h-semana-volatil\">Semana vol\u00e1til<\/h3>\n<p>A soja atravessou uma semana de forte volatilidade. O in\u00edcio foi marcado por otimismo com a melhora no relacionamento entre China e Estados Unidos, mas o movimento perdeu for\u00e7a nos dias seguintes.<\/p>\n<h3 class=\"wp-block-heading\" id=\"h-conflito-tarifario\">Conflito tarif\u00e1rio<\/h3>\n<p>A China anunciou a remo\u00e7\u00e3o das tarifas sobre uma lista de produtos importados dos Estados Unidos, por\u00e9m a soja ficou de fora. A decis\u00e3o interrompeu o otimismo inicial e trouxe instabilidade ao mercado internacional.<\/p>\n<h3 class=\"wp-block-heading\" id=\"h-cambio-em-queda\">C\u00e2mbio em queda<\/h3>\n<p>A valoriza\u00e7\u00e3o do real frente ao d\u00f3lar, impulsionada pela decis\u00e3o do Copom de manter a Selic em 15%, atraiu capital estrangeiro e reduziu o c\u00e2mbio, pressionando os pre\u00e7os dom\u00e9sticos da soja. Al\u00e9m disso, os pr\u00eamios de exporta\u00e7\u00e3o permaneceram est\u00e1veis, mas a queda no farelo de soja tamb\u00e9m contribuiu para a fraqueza do mercado interno.<\/p>\n<p>Na Bolsa de Chicago, o contrato de novembro\/25 encerrou a US$ 11,02 por bushel (+0,18%), e o de mar\u00e7o\/26, a US$ 11,26 por bushel (+0,27%). No Brasil, o d\u00f3lar recuou 0,74%, fechando a R$ 5,34, e os pre\u00e7os f\u00edsicos da soja tiveram leves ajustes, com pequenas quedas em algumas regi\u00f5es e altas pontuais em outras.<\/p>\n<h2 class=\"wp-block-heading\" id=\"h-o-que-esperar-do-mercado\">O que esperar do mercado?<\/h2>\n<h3 class=\"wp-block-heading\" id=\"h-cambio-e-volatilidade\">C\u00e2mbio e volatilidade<\/h3>\n<p>O \u00edndice do d\u00f3lar (DXY) manteve a sequ\u00eancia de quedas, refletindo dados mais fracos do mercado de trabalho nos Estados Unidos e aumento nas demiss\u00f5es em outubro. Com a paralisa\u00e7\u00e3o do governo americano, indicadores privados passaram a ter maior peso nas decis\u00f5es de mercado.<\/p>\n<p>A fraqueza recente do d\u00f3lar contrasta com o rali anterior, quando o Federal Reserve reduziu as apostas em cortes de juros.<\/p>\n<p>Atualmente, os contratos futuros de Fed Funds apontam 66% de probabilidade de corte em dezembro, deixando o d\u00f3lar sens\u00edvel a novos dados econ\u00f4micos e sujeito a forte volatilidade nas pr\u00f3ximas sess\u00f5es.<\/p>\n<h3 class=\"wp-block-heading\" id=\"h-plantio-da-safra-2025-26\">Plantio da safra 2025\/26<\/h3>\n<p>As chuvas em Mato Grosso ficaram abaixo do esperado, limitando o avan\u00e7o do plantio, que atingiu 85,68% das \u00e1reas, avan\u00e7o de 9,55 pontos percentuais na semana, mas ainda atrasado em rela\u00e7\u00e3o ao ritmo da safra anterior.<\/p>\n<p>As regi\u00f5es M\u00e9dio-Norte, Noroeste e Norte est\u00e3o pr\u00f3ximas da conclus\u00e3o da semeadura, enquanto Nordeste e Sudeste enfrentam maiores atrasos devido \u00e0 escassez de chuva.<\/p>\n<p>Segundo o relat\u00f3rio da NOAA, os volumes previstos entre 35 e 55 mm nos pr\u00f3ximos dias devem favorecer a retomada dos trabalhos e melhorar a umidade do solo.<\/p>\n<h3 class=\"wp-block-heading\" id=\"h-clima-e-risco-agricola\">Clima e risco agr\u00edcola<\/h3>\n<p>Entre 11 a 15 de novembro, as chuvas devem ficar dentro da m\u00e9dia em Mato Grosso, Goi\u00e1s, S\u00e3o Paulo, Mato Grosso do Sul e parte do Paran\u00e1, mas abaixo da m\u00e9dia em MAPITOBA, Santa Catarina, Rio Grande do Sul e Minas Gerais.<\/p>\n<p>Na semana seguinte, a precipita\u00e7\u00e3o deve se concentrar sobre Goi\u00e1s, Minas, Paran\u00e1 e S\u00e3o Paulo, enquanto Mato Grosso e Tocantins ainda apresentam d\u00e9ficit h\u00eddrico.<\/p>\n<p>O avan\u00e7o do plantio segue abaixo da m\u00e9dia hist\u00f3rica, e a irregularidade das chuvas aumenta o risco de replantio e falhas de germina\u00e7\u00e3o, exigindo cautela nas vendas antecipadas da safra 2025\/26.<\/p>\n<h3 class=\"wp-block-heading\" id=\"h-perspectiva\">Perspectiva<\/h3>\n<p>O mercado deve permanecer cauteloso nos pr\u00f3ximos dias. A instabilidade do c\u00e2mbio, aliada ao ritmo irregular do plantio e \u00e0 persist\u00eancia de riscos clim\u00e1ticos, tende a manter os pre\u00e7os da soja sustentados no curto prazo, mesmo diante de incertezas externas.<\/p>\n<\/p><\/div>\n<p><br \/>\n<br \/><a href=\"https:\/\/www.canalrural.com.br\/agricultura\/projeto-soja-brasil\/replantio-e-falhas-de-germinacao-exigem-cautela-nas-vendas-antecipadas-da-safra-de-soja-25-26\/\">Source link <\/a><\/p>\n","protected":false},"excerpt":{"rendered":"<p>O mercado de soja encerrou a \u00faltima semana em queda, com destaque para a desvaloriza\u00e7\u00e3o do \u00cdndice Soja FOB Santos,<\/p>\n","protected":false},"author":1,"featured_media":23846,"comment_status":"open","ping_status":"open","sticky":false,"template":"","format":"standard","meta":{"_monsterinsights_skip_tracking":false,"_monsterinsights_sitenote_active":false,"_monsterinsights_sitenote_note":"","_monsterinsights_sitenote_category":0,"_uf_show_specific_survey":0,"_uf_disable_surveys":false,"footnotes":""},"categories":[1],"tags":[],"class_list":["post-23845","post","type-post","status-publish","format-standard","has-post-thumbnail","hentry","category-news"],"_links":{"self":[{"href":"https:\/\/agromt.news\/index.php?rest_route=\/wp\/v2\/posts\/23845"}],"collection":[{"href":"https:\/\/agromt.news\/index.php?rest_route=\/wp\/v2\/posts"}],"about":[{"href":"https:\/\/agromt.news\/index.php?rest_route=\/wp\/v2\/types\/post"}],"author":[{"embeddable":true,"href":"https:\/\/agromt.news\/index.php?rest_route=\/wp\/v2\/users\/1"}],"replies":[{"embeddable":true,"href":"https:\/\/agromt.news\/index.php?rest_route=%2Fwp%2Fv2%2Fcomments&post=23845"}],"version-history":[{"count":0,"href":"https:\/\/agromt.news\/index.php?rest_route=\/wp\/v2\/posts\/23845\/revisions"}],"wp:featuredmedia":[{"embeddable":true,"href":"https:\/\/agromt.news\/index.php?rest_route=\/wp\/v2\/media\/23846"}],"wp:attachment":[{"href":"https:\/\/agromt.news\/index.php?rest_route=%2Fwp%2Fv2%2Fmedia&parent=23845"}],"wp:term":[{"taxonomy":"category","embeddable":true,"href":"https:\/\/agromt.news\/index.php?rest_route=%2Fwp%2Fv2%2Fcategories&post=23845"},{"taxonomy":"post_tag","embeddable":true,"href":"https:\/\/agromt.news\/index.php?rest_route=%2Fwp%2Fv2%2Ftags&post=23845"}],"curies":[{"name":"wp","href":"https:\/\/api.w.org\/{rel}","templated":true}]}}