{"id":23825,"date":"2025-11-11T02:26:45","date_gmt":"2025-11-11T06:26:45","guid":{"rendered":"https:\/\/agromt.news\/?p=23825"},"modified":"2025-11-11T02:26:45","modified_gmt":"2025-11-11T06:26:45","slug":"trigo-sofre-pressao-da-superoferta-mas-deve-se-recuperar","status":"publish","type":"post","link":"https:\/\/agromt.news\/?p=23825","title":{"rendered":"Trigo sofre press\u00e3o da superoferta, mas deve se recuperar"},"content":{"rendered":"<p> <br \/>\n<\/p>\n<div>\n<div class=\"row\">\n<div class=\"col-lg col-infos mt-0 mt-lg-0\">\n<div class=\"section-sub-title\">\n<p itemprop=\"description\">&#13;<br \/>\n                                Entre os fatores de alta, o destaque \u00e9 a queda de 19,17% nas exporta\u00e7\u00f5es ucranianas&#13;\n                            <\/p>\n<\/p><\/div>\n<div class=\"container\">\n<div class=\"row\">\n<div class=\"col-lg p-0\">\n<div>\n<div class=\"block-news-main-infos mt-3 text-start\">\n<p>                                            <strong class=\"fn\" itemprop=\"author\" style=\"color: rgb(112, 112, 112); \">&#13;<br \/>\n                                                <a href=\"https:\/\/www.agrolink.com.br\/noticias\/javascript:;\" class=\"text-uppercase\" target=\"_blank\" style=\"color: rgb(112, 112, 112); \" rel=\"noopener\">Agrolink<\/a>&#13;<br \/>\n&#13;<br \/>\n                                                    &#8211; Leonardo Gottems&#13;<br \/>\n&#13;<br \/>\n                                            <\/strong><br \/>\n                                        <\/p>\n<p>                                            <abbr><time datetime=\"2025 - 11 - 10T09:50\" itemprop=\"datePublished dateModified\"> Publicado em 10\/11\/2025 \u00e0s 09:50h.<\/time><\/abbr>\n                                    <\/div>\n<\/p><\/div>\n<\/p><\/div>\n<div class=\"col-lg p-0 text-lg-end\">\n<div>\n<div id=\"mdEnviarPagina\" class=\"modal fade\" role=\"dialog\">\n<div class=\"modal-dialog\">\n<div class=\"modal-content\">\n<div class=\"modal-body\">\n<p><strong>Estimado usu\u00e1rio.<\/strong><br \/>Preencha o formul\u00e1rio abaixo para remeter a p\u00e1gina.<\/p>\n<\/p><\/div>\n<\/p><\/div>\n<\/p><\/div>\n<\/div><\/div>\n<\/p><\/div>\n<\/p><\/div>\n<\/p><\/div>\n<\/p><\/div>\n<\/p><\/div>\n<div class=\"row justify-content-md-center mt-3\">\n<div class=\"col-lg-auto col-image block-news-main-image\">\n<p>                                <img decoding=\"async\" src=\"https:\/\/www.agrolink.com.br\/upload\/imagens-resizes\/6c4f6319ee0e40b9b53158f84e172997_858x483.jpg\" class=\"lazyload img-fluid\" alt=\"Entre os fatores de alta, o destaque \u00e9 a queda de 19,17% nas exporta\u00e7\u00f5es ucranianas\"\/><br \/>\n                                                <span class=\"d-block mt-1\">Entre os fatores de alta, o destaque \u00e9 a queda de 19,17% nas exporta\u00e7\u00f5es ucranianas &#8211; Foto: Mateus Zardin<\/span><\/p><\/div>\n<\/p><\/div>\n<div class=\"section-description section-description-noticias mt-3\">\n<p>O pre\u00e7o do <a href=\"https:\/\/www.agrolink.com.br\/culturas\/trigo\/?utm_source=agrolink-detalhe-noticia&amp;utm_medium=detalhe-noticia&amp;utm_campaign=links-internos\" target=\"_blank\" rel=\"noopener\">trigo<\/a> segue pressionado por uma superoferta t\u00edpica do per\u00edodo de colheita, mantendo-se abaixo do custo de produ\u00e7\u00e3o para muitos produtores. Segundo a TF Agroecon\u00f4mica, a tend\u00eancia \u00e9 de que as cota\u00e7\u00f5es voltem a subir \u00e0 medida que a oferta atual for sendo consumida, especialmente no primeiro semestre de 2026. A consultoria orienta que agricultores, cooperativas e cerealistas que precisarem vender no mercado f\u00edsico para cobrir despesas considerem reservar uma pequena parte da produ\u00e7\u00e3o para operar contratos futuros na CBOT ou na A3, na Argentina, como forma de compensar perdas quando os pre\u00e7os reagirem.&#13;\n<\/p>\n<p>Para os moinhos, o cen\u00e1rio tamb\u00e9m \u00e9 desafiador: o baixo capital de giro e a forte concorr\u00eancia com pre\u00e7os reduzidos t\u00eam limitado margens. De acordo com a TF Agroecon\u00f4mica, o uso do mercado futuro pode ser uma alternativa para equilibrar custos e assegurar mat\u00e9ria-prima mais barata. A correla\u00e7\u00e3o entre o pre\u00e7o f\u00edsico do trigo ga\u00facho e as cota\u00e7\u00f5es da CBOT \u00e9 de 0,6268, considerada relevante para estrat\u00e9gias de hedge.&#13;\n<\/p>\n<p>Entre os fatores de alta, o destaque \u00e9 a queda de 19,17% nas exporta\u00e7\u00f5es ucranianas na safra 2025\/26, abrindo espa\u00e7o para o trigo americano. No Brasil, o Paran\u00e1 colheu uma safra de qualidade superior, gerando demanda dos moinhos locais e segurando a queda dos pre\u00e7os. J\u00e1 entre os fatores de baixa, pesam a decep\u00e7\u00e3o do mercado com as compras menores da China, a ampla oferta global, especialmente da R\u00fassia, Austr\u00e1lia e Argentina, e o recuo das exporta\u00e7\u00f5es europeias, que pressionaram as cota\u00e7\u00f5es na Euronext. O mercado, portanto, atravessa um momento de ajuste, mas as proje\u00e7\u00f5es indicam uma tend\u00eancia de recupera\u00e7\u00e3o gradual \u00e0 medida que a oferta atual for absorvida, abrindo oportunidades estrat\u00e9gicas para quem souber se posicionar.<br \/>&#13;<br \/>\n\u00a0&#13;\n<\/p>\n<\/p><\/div>\n<\/p><\/div>\n<p><script data-cfasync=\"false\">\n    !function (f, b, e, v, n, t, s) {\n        if (f.fbq) return; n = f.fbq = function () {\n            n.callMethod ?\n                n.callMethod.apply(n, arguments) : n.queue.push(arguments)\n        };\n        if (!f._fbq) f._fbq = n; n.push = n; n.loaded = !0; n.version = '2.0';\n        n.queue = []; t = b.createElement(e); t.async = !0;\n        t.src = v; s = b.getElementsByTagName(e)[0];\n        s.parentNode.insertBefore(t, s)\n    }(window, document, 'script',\n        'https:\/\/connect.facebook.net\/en_US\/fbevents.js');\n    fbq('init', '522546078623747');\n    fbq('track', 'PageView');\n<\/script><br \/>\n<br \/><br \/>\n<br \/><a href=\"https:\/\/www.agrolink.com.br\/noticias\/trigo-sofre-pressao-da-superoferta--mas-deve-se-recuperar_507851.html\">Source link <\/a><\/p>\n","protected":false},"excerpt":{"rendered":"<p>&#13; Entre os fatores de alta, o destaque \u00e9 a queda de 19,17% nas exporta\u00e7\u00f5es ucranianas&#13; &#13; Agrolink&#13; &#13; &#8211;<\/p>\n","protected":false},"author":1,"featured_media":3718,"comment_status":"open","ping_status":"open","sticky":false,"template":"","format":"standard","meta":{"_monsterinsights_skip_tracking":false,"_monsterinsights_sitenote_active":false,"_monsterinsights_sitenote_note":"","_monsterinsights_sitenote_category":0,"_uf_show_specific_survey":0,"_uf_disable_surveys":false,"footnotes":""},"categories":[8,1,14],"tags":[],"class_list":["post-23825","post","type-post","status-publish","format-standard","has-post-thumbnail","hentry","category-agro","category-news","category-politica-agro"],"_links":{"self":[{"href":"https:\/\/agromt.news\/index.php?rest_route=\/wp\/v2\/posts\/23825"}],"collection":[{"href":"https:\/\/agromt.news\/index.php?rest_route=\/wp\/v2\/posts"}],"about":[{"href":"https:\/\/agromt.news\/index.php?rest_route=\/wp\/v2\/types\/post"}],"author":[{"embeddable":true,"href":"https:\/\/agromt.news\/index.php?rest_route=\/wp\/v2\/users\/1"}],"replies":[{"embeddable":true,"href":"https:\/\/agromt.news\/index.php?rest_route=%2Fwp%2Fv2%2Fcomments&post=23825"}],"version-history":[{"count":0,"href":"https:\/\/agromt.news\/index.php?rest_route=\/wp\/v2\/posts\/23825\/revisions"}],"wp:featuredmedia":[{"embeddable":true,"href":"https:\/\/agromt.news\/index.php?rest_route=\/wp\/v2\/media\/3718"}],"wp:attachment":[{"href":"https:\/\/agromt.news\/index.php?rest_route=%2Fwp%2Fv2%2Fmedia&parent=23825"}],"wp:term":[{"taxonomy":"category","embeddable":true,"href":"https:\/\/agromt.news\/index.php?rest_route=%2Fwp%2Fv2%2Fcategories&post=23825"},{"taxonomy":"post_tag","embeddable":true,"href":"https:\/\/agromt.news\/index.php?rest_route=%2Fwp%2Fv2%2Ftags&post=23825"}],"curies":[{"name":"wp","href":"https:\/\/api.w.org\/{rel}","templated":true}]}}