{"id":23824,"date":"2025-11-11T00:02:02","date_gmt":"2025-11-11T04:02:02","guid":{"rendered":"https:\/\/agromt.news\/?p=23824"},"modified":"2025-11-11T00:02:02","modified_gmt":"2025-11-11T04:02:02","slug":"trigo-brasileiro-tem-menor-pegada-de-carbono","status":"publish","type":"post","link":"https:\/\/agromt.news\/?p=23824","title":{"rendered":"Trigo brasileiro tem menor pegada de carbono"},"content":{"rendered":"<p> <br \/>\n<\/p>\n<div>\n<div class=\"row\">\n<div class=\"col-lg col-infos mt-0 mt-lg-0\">\n<div class=\"section-sub-title\">\n<p itemprop=\"description\">&#13;<br \/>\n                                O levantamento \u00e9 o primeiro na Am\u00e9rica do Sul&#13;\n                            <\/p>\n<\/p><\/div>\n<div class=\"container\">\n<div class=\"row\">\n<div class=\"col-lg p-0\">\n<div>\n<div class=\"block-news-main-infos mt-3 text-start\">\n<p>                                            <strong class=\"fn\" itemprop=\"author\" style=\"color: rgb(112, 112, 112); \">&#13;<br \/>\n                                                <a href=\"https:\/\/www.agrolink.com.br\/noticias\/javascript:;\" class=\"text-uppercase\" target=\"_blank\" style=\"color: rgb(112, 112, 112); \" rel=\"noopener\">Agrolink<\/a>&#13;<br \/>\n&#13;<br \/>\n                                                    &#8211; Leonardo Gottems&#13;<br \/>\n&#13;<br \/>\n                                            <\/strong><br \/>\n                                        <\/p>\n<p>                                            <abbr><time datetime=\"2025 - 11 - 10T10:12\" itemprop=\"datePublished dateModified\"> Publicado em 10\/11\/2025 \u00e0s 10:12h.<\/time><\/abbr>\n                                    <\/div>\n<\/p><\/div>\n<\/p><\/div>\n<div class=\"col-lg p-0 text-lg-end\">\n<div>\n<div id=\"mdEnviarPagina\" class=\"modal fade\" role=\"dialog\">\n<div class=\"modal-dialog\">\n<div class=\"modal-content\">\n<div class=\"modal-body\">\n<p><strong>Estimado usu\u00e1rio.<\/strong><br \/>Preencha o formul\u00e1rio abaixo para remeter a p\u00e1gina.<\/p>\n<\/p><\/div>\n<\/p><\/div>\n<\/p><\/div>\n<\/div><\/div>\n<\/p><\/div>\n<\/p><\/div>\n<\/p><\/div>\n<\/p><\/div>\n<\/p><\/div>\n<div class=\"row justify-content-md-center mt-3\">\n<div class=\"col-lg-auto col-image block-news-main-image\">\n<p>                                <img decoding=\"async\" src=\"https:\/\/www.agrolink.com.br\/upload\/imagens-resizes\/a735402e75fe4bb0b9d58f10c0fa1ddf_858x483.jpg\" class=\"lazyload img-fluid\" alt=\"O levantamento \u00e9 o primeiro na Am\u00e9rica do Sul\"\/><br \/>\n                                                <span class=\"d-block mt-1\">O levantamento \u00e9 o primeiro na Am\u00e9rica do Sul &#8211; Foto: Divulga\u00e7\u00e3o<\/span><\/p><\/div>\n<\/p><\/div>\n<div class=\"section-description section-description-noticias mt-3\">\n<p>Um estudo pioneiro da Empresa Brasileiro de Pesquisa Agropecu\u00e1ria (Embrapa), publicado no Journal of Cleaner Production, revelou que o <a href=\"https:\/\/www.agrolink.com.br\/culturas\/trigo\/?utm_source=agrolink-detalhe-noticia&amp;utm_medium=detalhe-noticia&amp;utm_campaign=links-internos\" target=\"_blank\" rel=\"noopener\">trigo<\/a> produzido no Brasil possui uma pegada de carbono inferior \u00e0 m\u00e9dia mundial e apresenta grande potencial para redu\u00e7\u00e3o adicional de emiss\u00f5es. A pesquisa, realizada no Sudeste do Paran\u00e1 com 61 propriedades rurais e uma ind\u00fastria moageira, apontou que a emiss\u00e3o m\u00e9dia nacional foi de 0,50 kg de CO2 por quilo de <a href=\"https:\/\/www.agrolink.com.br\/culturas\/trigo\/?utm_source=agrolink-detalhe-noticia&amp;utm_medium=detalhe-noticia&amp;utm_campaign=links-internos\" target=\"_blank\" rel=\"noopener\">trigo<\/a>, abaixo da m\u00e9dia global de 0,59 kg.&#13;\n<\/p>\n<p>O levantamento \u00e9 o primeiro na Am\u00e9rica do Sul a calcular a pegada de carbono do trigo desde o cultivo at\u00e9 a produ\u00e7\u00e3o de farinha, abrangendo todas as etapas produtivas. O uso de fertilizantes nitrogenados foi identificado como o principal fator de emiss\u00e3o de gases de efeito estufa na triticultura, respons\u00e1vel por at\u00e9 40% das emiss\u00f5es. A substitui\u00e7\u00e3o da ureia, fertilizante mais comum e de menor custo, pelo nitrato de am\u00f4nio com calc\u00e1rio (CAN) pode reduzir as emiss\u00f5es em at\u00e9 4%, al\u00e9m de minimizar a acidifica\u00e7\u00e3o do solo. Tecnologias como biofertilizantes, biopesticidas e fertilizantes de libera\u00e7\u00e3o lenta tamb\u00e9m foram apontadas como alternativas promissoras.<\/p>\n<p>O estudo mostrou ainda que a ado\u00e7\u00e3o de cultivares mais produtivas pode reduzir em at\u00e9 38% a pegada de carbono, ao elevar a efici\u00eancia no uso de insumos e diminuir a necessidade de \u00e1rea cultivada. Em compara\u00e7\u00e3o internacional, o Brasil se destaca frente a pa\u00edses como China, It\u00e1lia e \u00cdndia, aproximando-se de refer\u00eancias em sustentabilidade como Austr\u00e1lia e Alemanha, que registram \u00edndices pr\u00f3ximos a 0,35 kg de CO2 por quilo de trigo.&#13;\n<\/p>\n<p>Outro destaque foi a avalia\u00e7\u00e3o da pegada de carbono da farinha de trigo, feita em parceria com a Moageira Irati, que variou de 0,67 a 0,80 kg de CO2 por quilo, resultados inferiores aos observados na Espanha e na It\u00e1lia. O uso crescente de energia solar na ind\u00fastria de moagem e a efici\u00eancia do cultivo de sequeiro refor\u00e7am a vantagem ambiental brasileira. Os resultados do estudo servir\u00e3o de base para novos modelos de produ\u00e7\u00e3o sustent\u00e1vel, n\u00e3o apenas no trigo, mas tamb\u00e9m em cadeias derivadas, como carnes e energia, consolidando o pa\u00eds como refer\u00eancia em agricultura de baixo carbono.<\/p>\n<\/p><\/div>\n<\/p><\/div>\n<p><script data-cfasync=\"false\">\n    !function (f, b, e, v, n, t, s) {\n        if (f.fbq) return; n = f.fbq = function () {\n            n.callMethod ?\n                n.callMethod.apply(n, arguments) : n.queue.push(arguments)\n        };\n        if (!f._fbq) f._fbq = n; n.push = n; n.loaded = !0; n.version = '2.0';\n        n.queue = []; t = b.createElement(e); t.async = !0;\n        t.src = v; s = b.getElementsByTagName(e)[0];\n        s.parentNode.insertBefore(t, s)\n    }(window, document, 'script',\n        'https:\/\/connect.facebook.net\/en_US\/fbevents.js');\n    fbq('init', '522546078623747');\n    fbq('track', 'PageView');\n<\/script><br \/>\n<br \/><br \/>\n<br \/><a href=\"https:\/\/www.agrolink.com.br\/noticias\/trigo-brasileiro-tem-menor-pegada-de-carbono_507854.html\">Source link <\/a><\/p>\n","protected":false},"excerpt":{"rendered":"<p>&#13; O levantamento \u00e9 o primeiro na Am\u00e9rica do Sul&#13; &#13; Agrolink&#13; &#13; &#8211; Leonardo Gottems&#13; &#13; Publicado em 10\/11\/2025<\/p>\n","protected":false},"author":1,"featured_media":4536,"comment_status":"open","ping_status":"open","sticky":false,"template":"","format":"standard","meta":{"_monsterinsights_skip_tracking":false,"_monsterinsights_sitenote_active":false,"_monsterinsights_sitenote_note":"","_monsterinsights_sitenote_category":0,"_uf_show_specific_survey":0,"_uf_disable_surveys":false,"footnotes":""},"categories":[8,1,14],"tags":[],"class_list":["post-23824","post","type-post","status-publish","format-standard","has-post-thumbnail","hentry","category-agro","category-news","category-politica-agro"],"_links":{"self":[{"href":"https:\/\/agromt.news\/index.php?rest_route=\/wp\/v2\/posts\/23824"}],"collection":[{"href":"https:\/\/agromt.news\/index.php?rest_route=\/wp\/v2\/posts"}],"about":[{"href":"https:\/\/agromt.news\/index.php?rest_route=\/wp\/v2\/types\/post"}],"author":[{"embeddable":true,"href":"https:\/\/agromt.news\/index.php?rest_route=\/wp\/v2\/users\/1"}],"replies":[{"embeddable":true,"href":"https:\/\/agromt.news\/index.php?rest_route=%2Fwp%2Fv2%2Fcomments&post=23824"}],"version-history":[{"count":0,"href":"https:\/\/agromt.news\/index.php?rest_route=\/wp\/v2\/posts\/23824\/revisions"}],"wp:featuredmedia":[{"embeddable":true,"href":"https:\/\/agromt.news\/index.php?rest_route=\/wp\/v2\/media\/4536"}],"wp:attachment":[{"href":"https:\/\/agromt.news\/index.php?rest_route=%2Fwp%2Fv2%2Fmedia&parent=23824"}],"wp:term":[{"taxonomy":"category","embeddable":true,"href":"https:\/\/agromt.news\/index.php?rest_route=%2Fwp%2Fv2%2Fcategories&post=23824"},{"taxonomy":"post_tag","embeddable":true,"href":"https:\/\/agromt.news\/index.php?rest_route=%2Fwp%2Fv2%2Ftags&post=23824"}],"curies":[{"name":"wp","href":"https:\/\/api.w.org\/{rel}","templated":true}]}}