{"id":23816,"date":"2025-11-10T20:21:43","date_gmt":"2025-11-11T00:21:43","guid":{"rendered":"https:\/\/agromt.news\/?p=23816"},"modified":"2025-11-10T20:21:43","modified_gmt":"2025-11-11T00:21:43","slug":"lula-afirma-que-crise-climatica-expoe-desigualdades-e-ameaca-futuras-geracoes","status":"publish","type":"post","link":"https:\/\/agromt.news\/?p=23816","title":{"rendered":"Lula afirma que crise clim\u00e1tica exp\u00f5e desigualdades e amea\u00e7a futuras gera\u00e7\u00f5es"},"content":{"rendered":"<p> <br \/>\n<br \/><img decoding=\"async\" src=\"https:\/\/agromt.news\/wp-content\/uploads\/2025\/11\/Lula-fala-em-COP-da-verdade-e-cobra-acao-global.webp.webp\" \/><\/p>\n<div>\n<p>Bel\u00e9m se tornou, nesta segunda-feira (10), o centro mundial das negocia\u00e7\u00f5es sobre mitiga\u00e7\u00e3o e adapta\u00e7\u00e3o \u00e0s mudan\u00e7as clim\u00e1ticas. A capital paraense abriga oficialmente a 30\u00aa Confer\u00eancia das Na\u00e7\u00f5es Unidas sobre Mudan\u00e7a Clim\u00e1tica (COP30), que re\u00fane delega\u00e7\u00f5es de 194 pa\u00edses e da Uni\u00e3o Europeia at\u00e9 21 de novembro. <\/p>\n<p>A cerim\u00f4nia de abertura contou com a presen\u00e7a do presidente da COP30, Andr\u00e9 Aranha Corr\u00eaa do Lago e do presidente do Brasil, Luiz In\u00e1cio Lula da Silva. Na ocasi\u00e3o, foi destacado o compromisso firmado entre Bacu e Bel\u00e9m, que define um \u201cmapa do caminho\u201d para destravar o financiamento clim\u00e1tico internacional.<\/p>\n<p>Em seu discurso, Corr\u00eaa do Lago ressaltou a import\u00e2ncia da coopera\u00e7\u00e3o multilateral no enfrentamento da crise clim\u00e1tica. <\/p>\n<p>\u201cO combate \u00e0 mudan\u00e7a do clima, o multilateralismo \u00e9 definitivamente o caminho. E por mais que eu seja suspeito em falar bem da diplomacia multilateral, eu vou faz\u00ea-lo. Lembrar que o Protocolo de Montreal em duas d\u00e9cadas e meia conseguiu eliminar 95% dos gases que provocavam o buraco da camada de oz\u00f4nio que agora est\u00e1 se reconstituindo\u201d, afirmou.<\/p>\n<p>O embaixador tamb\u00e9m lembrou que o <a href=\"https:\/\/www.canalrural.com.br\/tag\/acordo-de-paris\/\">Acordo de Paris<\/a>, firmado h\u00e1 10 anos, reduziu as proje\u00e7\u00f5es de aumento da temperatura global, mas destacou que \u201cainda h\u00e1 muito a ser feito\u201d.<\/p>\n<p>Na sequ\u00eancia, o presidente Lula discursou chamando aten\u00e7\u00e3o para o car\u00e1ter social da crise clim\u00e1tica. \u201cA emerg\u00eancia clim\u00e1tica \u00e9 uma crise de desigualdade, h\u00e1 uma d\u00edvida aberta com as futuras gera\u00e7\u00f5es que n\u00e3o podem perder a chance de sonhar e ter esperan\u00e7a\u201d, declarou.<\/p>\n<h2 class=\"wp-block-heading\" id=\"h-proximas-semanas\">Pr\u00f3ximas semanas<\/h2>\n<p>As atividades da COP30 seguem ao longo das pr\u00f3ximas semanas, com negocia\u00e7\u00f5es sobre metas de descarboniza\u00e7\u00e3o, financiamento verde e pol\u00edticas globais de mitiga\u00e7\u00e3o dos impactos clim\u00e1ticos. O Canal Rural acompanha todos os desdobramentos diretamente de Bel\u00e9m do Par\u00e1.<\/p>\n<\/p><\/div>\n<p><br \/>\n<br \/><a href=\"https:\/\/www.canalrural.com.br\/cop30\/lula-afirma-que-crise-climatica-expoe-desigualdades-e-ameaca-futuras-geracoes\/\">Source link <\/a><\/p>\n","protected":false},"excerpt":{"rendered":"<p>Bel\u00e9m se tornou, nesta segunda-feira (10), o centro mundial das negocia\u00e7\u00f5es sobre mitiga\u00e7\u00e3o e adapta\u00e7\u00e3o \u00e0s mudan\u00e7as clim\u00e1ticas. A capital<\/p>\n","protected":false},"author":1,"featured_media":23575,"comment_status":"open","ping_status":"open","sticky":false,"template":"","format":"standard","meta":{"_monsterinsights_skip_tracking":false,"_monsterinsights_sitenote_active":false,"_monsterinsights_sitenote_note":"","_monsterinsights_sitenote_category":0,"_uf_show_specific_survey":0,"_uf_disable_surveys":false,"footnotes":""},"categories":[1],"tags":[],"class_list":["post-23816","post","type-post","status-publish","format-standard","has-post-thumbnail","hentry","category-news"],"_links":{"self":[{"href":"https:\/\/agromt.news\/index.php?rest_route=\/wp\/v2\/posts\/23816"}],"collection":[{"href":"https:\/\/agromt.news\/index.php?rest_route=\/wp\/v2\/posts"}],"about":[{"href":"https:\/\/agromt.news\/index.php?rest_route=\/wp\/v2\/types\/post"}],"author":[{"embeddable":true,"href":"https:\/\/agromt.news\/index.php?rest_route=\/wp\/v2\/users\/1"}],"replies":[{"embeddable":true,"href":"https:\/\/agromt.news\/index.php?rest_route=%2Fwp%2Fv2%2Fcomments&post=23816"}],"version-history":[{"count":0,"href":"https:\/\/agromt.news\/index.php?rest_route=\/wp\/v2\/posts\/23816\/revisions"}],"wp:featuredmedia":[{"embeddable":true,"href":"https:\/\/agromt.news\/index.php?rest_route=\/wp\/v2\/media\/23575"}],"wp:attachment":[{"href":"https:\/\/agromt.news\/index.php?rest_route=%2Fwp%2Fv2%2Fmedia&parent=23816"}],"wp:term":[{"taxonomy":"category","embeddable":true,"href":"https:\/\/agromt.news\/index.php?rest_route=%2Fwp%2Fv2%2Fcategories&post=23816"},{"taxonomy":"post_tag","embeddable":true,"href":"https:\/\/agromt.news\/index.php?rest_route=%2Fwp%2Fv2%2Ftags&post=23816"}],"curies":[{"name":"wp","href":"https:\/\/api.w.org\/{rel}","templated":true}]}}