{"id":23807,"date":"2025-11-10T18:39:26","date_gmt":"2025-11-10T22:39:26","guid":{"rendered":"https:\/\/agromt.news\/?p=23807"},"modified":"2025-11-10T18:39:26","modified_gmt":"2025-11-10T22:39:26","slug":"canal-rural-apresenta-ruralize-se-e-abre-celebracao-dos-30-anos-com-novas-frentes-de-negocio-para-2026","status":"publish","type":"post","link":"https:\/\/agromt.news\/?p=23807","title":{"rendered":"Canal Rural apresenta &#8216;Ruralize-se&#8217; e abre celebra\u00e7\u00e3o dos 30 anos com novas frentes de neg\u00f3cio para 2026"},"content":{"rendered":"<p> <br \/>\n<br \/><img decoding=\"async\" src=\"https:\/\/agromt.news\/wp-content\/uploads\/2025\/11\/Canal-Rural-apresenta-Ruralize-se-e-abre-celebracao-dos-30-anos.jpg\" \/><\/p>\n<div>\n<p>O <strong>Canal Rural <\/strong>anuncia o novo posicionamento que guiar\u00e1 a companhia em 2026, quando completar\u00e1 30 anos. A marca apresenta ao mercado o conceito \u201cRuralize-se\u201d, um convite para ampliar o significado do rural e reconhecer o seu protagonismo como o maior p\u00fablico consumidor do Brasil. As novidades foram apresentadas ao mercado na \u00faltima sexta-feira (7), em evento que reuniu parceiros e grandes anunciantes em S\u00e3o Paulo.<\/p>\n<p>O conceito parte do entendimento de que o mundo rural extrapola a porteira e est\u00e1 presente nas capitais e nas pequenas cidades, reunindo pessoas com alto poder de compra e aspira\u00e7\u00f5es sofisticadas. Tamb\u00e9m refor\u00e7a a voca\u00e7\u00e3o do Canal Rural como a plataforma que conhece profundamente o agro e conecta marcas a esse universo, unindo relev\u00e2ncia, engajamento e relacionamento para gerar neg\u00f3cios em diferentes janelas.<\/p>\n<p>\u201cSomos a principal plataforma de comunica\u00e7\u00e3o do agroneg\u00f3cio brasileiro, presente em todas as telas e formatos. Nos \u00faltimos anos, investimos muito em conte\u00fado e tecnologia para estreitar cada vez mais nossa rela\u00e7\u00e3o com o mercado e criar novas oportunidades de neg\u00f3cios\u201d, afirma Julio Cargnino, CEO do Canal Rural.<\/p>\n<p>Idealizado em parceria estrat\u00e9gica, \u201cRuralize-se\u201d traduz desejo, paix\u00e3o e pertencimento. Para o publicit\u00e1rio S\u00e9rgio Valente, que desenvolveu o novo conceito, \u201c\u2018Ruralize-se\u2019 \u00e9 gostar do agro e vontade de pertencer. \u201cQuem \u00e9 do agro viaja para a Europa, compra marcas, carros e roupas de grife. Precisamos contar para o mundo que esse p\u00fablico compra e tem dinheiro. E ningu\u00e9m entende mais do maior p\u00fablico consumidor do Brasil e sabe chegar at\u00e9 ele do que o Canal Rural\u201d.<\/p>\n<h2 class=\"wp-block-heading\" id=\"h-novidades-em-2026\">Novidades em 2026 <\/h2>\n<p>Ao longo de 2026, o Canal Rural dar\u00e1 sequ\u00eancia ao ciclo de inova\u00e7\u00e3o nas frentes editoriais, comerciais e de distribui\u00e7\u00e3o. Entre os destaques, a expans\u00e3o do calend\u00e1rio de eventos com a cria\u00e7\u00e3o da BR IN Eventos; a estreia do Celeiro de Ideias, unidade dedicada de <em>branded content<\/em> para co-cria\u00e7\u00e3o com ag\u00eancias e anunciantes, e o Celeiro de Insights, que vai traduzir dados em oportunidades reais de neg\u00f3cios.<\/p>\n<p>Outro an\u00fancio \u00e9 a evolu\u00e7\u00e3o da parceria estrat\u00e9gica Canal Rural + CNN, que amplifica a presen\u00e7a cotidiana do agro nas telas e plataformas de ambas as marcas, com alcance potencial de dezenas de milh\u00f5es de pessoas. A parceria, que j\u00e1 existia no digital, agora ser\u00e1 ampliada tamb\u00e9m para a TV, com a cria\u00e7\u00e3o de uma vertical agro na CNN, operado em conjunto com o Canal Rural.<\/p>\n<p>A estrat\u00e9gia contempla tamb\u00e9m o crescimento consistente nas plataformas digitais \u2014 com avan\u00e7os expressivos em visualiza\u00e7\u00f5es e seguidores nos \u00faltimos dois anos \u2014 e o fortalecimento de plataformas transversais como Planeta Campo e A Protagonista. O pr\u00f3ximo ano tamb\u00e9m refor\u00e7ar\u00e1 o jornalismo di\u00e1rio do Canal Rural voltado ao produtor, de servi\u00e7os como meteorologia e cota\u00e7\u00f5es, e da cobertura dos diferentes elos que comp\u00f5em 100% do agro.<\/p>\n<\/p><\/div>\n<p><br \/>\n<br \/><a href=\"https:\/\/www.canalrural.com.br\/diversos\/canal-rural-apresenta-ruralize-se-e-abre-celebracao-dos-30-anos-com-novas-frentes-de-negocio-para-2026\/\">Source link <\/a><\/p>\n","protected":false},"excerpt":{"rendered":"<p>O Canal Rural anuncia o novo posicionamento que guiar\u00e1 a companhia em 2026, quando completar\u00e1 30 anos. A marca apresenta<\/p>\n","protected":false},"author":1,"featured_media":23808,"comment_status":"open","ping_status":"open","sticky":false,"template":"","format":"standard","meta":{"_monsterinsights_skip_tracking":false,"_monsterinsights_sitenote_active":false,"_monsterinsights_sitenote_note":"","_monsterinsights_sitenote_category":0,"_uf_show_specific_survey":0,"_uf_disable_surveys":false,"footnotes":""},"categories":[1],"tags":[],"class_list":["post-23807","post","type-post","status-publish","format-standard","has-post-thumbnail","hentry","category-news"],"_links":{"self":[{"href":"https:\/\/agromt.news\/index.php?rest_route=\/wp\/v2\/posts\/23807"}],"collection":[{"href":"https:\/\/agromt.news\/index.php?rest_route=\/wp\/v2\/posts"}],"about":[{"href":"https:\/\/agromt.news\/index.php?rest_route=\/wp\/v2\/types\/post"}],"author":[{"embeddable":true,"href":"https:\/\/agromt.news\/index.php?rest_route=\/wp\/v2\/users\/1"}],"replies":[{"embeddable":true,"href":"https:\/\/agromt.news\/index.php?rest_route=%2Fwp%2Fv2%2Fcomments&post=23807"}],"version-history":[{"count":0,"href":"https:\/\/agromt.news\/index.php?rest_route=\/wp\/v2\/posts\/23807\/revisions"}],"wp:featuredmedia":[{"embeddable":true,"href":"https:\/\/agromt.news\/index.php?rest_route=\/wp\/v2\/media\/23808"}],"wp:attachment":[{"href":"https:\/\/agromt.news\/index.php?rest_route=%2Fwp%2Fv2%2Fmedia&parent=23807"}],"wp:term":[{"taxonomy":"category","embeddable":true,"href":"https:\/\/agromt.news\/index.php?rest_route=%2Fwp%2Fv2%2Fcategories&post=23807"},{"taxonomy":"post_tag","embeddable":true,"href":"https:\/\/agromt.news\/index.php?rest_route=%2Fwp%2Fv2%2Ftags&post=23807"}],"curies":[{"name":"wp","href":"https:\/\/api.w.org\/{rel}","templated":true}]}}