{"id":23789,"date":"2025-11-10T15:55:53","date_gmt":"2025-11-10T19:55:53","guid":{"rendered":"https:\/\/agromt.news\/?p=23789"},"modified":"2025-11-10T15:55:53","modified_gmt":"2025-11-10T19:55:53","slug":"a-tecnologia-pode-tornar-a-descarbonizacao-viavel-e-acessivel-diz-lider-global-da-upl","status":"publish","type":"post","link":"https:\/\/agromt.news\/?p=23789","title":{"rendered":"&#8216;A tecnologia pode tornar a descarboniza\u00e7\u00e3o vi\u00e1vel e acess\u00edvel&#8217;, diz l\u00edder global da UPL"},"content":{"rendered":"<p> <br \/>\n<br \/><img decoding=\"async\" src=\"https:\/\/agromt.news\/wp-content\/uploads\/2025\/11\/A-tecnologia-pode-tornar-a-descarbonizacao-viavel-e-acessivel-diz.jpg\" \/><\/p>\n<div>\n<p>O CEO global do Grupo UPL, Jai Shroff, afirmou que a tecnologia tem papel decisivo na transi\u00e7\u00e3o clim\u00e1tica e pode tornar o processo de descarboniza\u00e7\u00e3o \u201cn\u00e3o apenas vi\u00e1vel, mas tamb\u00e9m economicamente acess\u00edvel\u201d. A declara\u00e7\u00e3o foi feita durante a C\u00fapula do Clima realizada em Bel\u00e9m (PA), nos dias 6 e 7 de novembro, evento que reuniu l\u00edderes de 143 pa\u00edses e antecede a 30\u00aa Confer\u00eancia das Na\u00e7\u00f5es Unidas sobre Mudan\u00e7a do Clima <strong><a href=\"https:\/\/www.canalrural.com.br\/cop30\/\">(COP30)<\/a><\/strong>, que come\u00e7ou nesta segunda-feira (10).<\/p>\n<p>O executivo foi convidado pelo governo brasileiro, por meio do embaixador Andr\u00e9 Corr\u00eaa do Lago, secret\u00e1rio de Clima, Energia e Meio Ambiente do Minist\u00e9rio das Rela\u00e7\u00f5es Exteriores e presidente da COP30. A c\u00fapula, organizada pelo presidente Luiz In\u00e1cio Lula da Silva, teve como foco o papel da Amaz\u00f4nia e das florestas tropicais no enfrentamento das mudan\u00e7as clim\u00e1ticas.<\/p>\n<p>Para Shroff, o encontro em Bel\u00e9m mostrou avan\u00e7os concretos na mobiliza\u00e7\u00e3o global. \u201cFoi \u00f3timo ver tantos l\u00edderes comprometidos com a iniciativa da floresta tropical. Acho muito empolgante ver esses compromissos sendo assumidos\u201d, afirmou.<\/p>\n<p>Ele tamb\u00e9m ressaltou que as discuss\u00f5es sobre preserva\u00e7\u00e3o ambiental e financiamento para as florestas s\u00e3o essenciais para alcan\u00e7ar resultados duradouros. \u201cHavia um sentimento geral de otimismo, a sensa\u00e7\u00e3o de que bons avan\u00e7os estavam sendo alcan\u00e7ados. As pessoas realmente confiam que a tecnologia pode tornar o processo de descarboniza\u00e7\u00e3o n\u00e3o apenas vi\u00e1vel, mas acess\u00edvel\u201d, disse.<\/p>\n<p>Segundo o CEO, a COP \u00e9 um catalisador para essa transi\u00e7\u00e3o. \u201cEstou muito mais otimista hoje do que quando cheguei ao Brasil. Eu n\u00e3o tinha certeza, diante de todos os desafios que o mundo enfrenta, se haveria um compromisso real. Mas pude ver que muitos pa\u00edses e l\u00edderes est\u00e3o totalmente comprometidos com essa causa.\u201d<\/p>\n<p>Shroff defendeu que o sucesso da agenda clim\u00e1tica depende da coopera\u00e7\u00e3o entre diferentes setores. \u201cTodos fazemos parte do mesmo planeta e precisamos salv\u00e1-lo. Quando o mundo inteiro se une, podemos causar um enorme impacto. \u00c9 exatamente isso que a COP faz: re\u00fane todas as partes interessadas, promove o di\u00e1logo e busca solu\u00e7\u00f5es.\u201d<\/p>\n<p>A UPL, uma das cinco maiores empresas de solu\u00e7\u00f5es agr\u00edcolas do mundo e l\u00edder global em biossolu\u00e7\u00f5es, participar\u00e1 da COP30 em dois espa\u00e7os. Na <strong>AgriZone<\/strong>, \u00e1rea organizada pela Embrapa, a companhia apresentar\u00e1 a <strong>Agrosfera<\/strong>, ambiente dedicado \u00e0 sustentabilidade na produ\u00e7\u00e3o de alimentos. A iniciativa integra a campanha <strong>\u201cHer\u00f3is da Agrosfera\u201d<\/strong>, que destaca agricultores de diferentes pa\u00edses que adotam pr\u00e1ticas sustent\u00e1veis, contribuindo para reduzir emiss\u00f5es de gases de efeito estufa, regenerar o solo e preservar a biodiversidade.<\/p>\n<p>A empresa tamb\u00e9m marcar\u00e1 presen\u00e7a na <strong>Blue Zone<\/strong>, \u00e1rea oficial das negocia\u00e7\u00f5es da ONU, com um estande que servir\u00e1 caf\u00e9 carbono negativo da marca Mi\u00f3, produzido em Minas Gerais com insumos do portf\u00f3lio da UPL. O produto captura mais CO\u2082 do que emite e ser\u00e1 o caf\u00e9 oficial do espa\u00e7o, simbolizando o papel do agro brasileiro na agenda de descarboniza\u00e7\u00e3o.<\/p>\n<p>Durante a confer\u00eancia, Jai Shroff atuar\u00e1 como <strong>copresidente do Grupo de Trabalho de Sistemas Alimentares da Sustainable Business COP (SBCOP)<\/strong>, iniciativa coordenada pela Confedera\u00e7\u00e3o Nacional da Ind\u00fastria (CNI) para ampliar a participa\u00e7\u00e3o do setor privado nas negocia\u00e7\u00f5es clim\u00e1ticas globais.<\/p>\n<p>Com presen\u00e7a em 140 pa\u00edses, a UPL pretende usar a COP30 para refor\u00e7ar seu compromisso com a inova\u00e7\u00e3o e a sustentabilidade na agricultura, destacando o papel dos produtores como agentes da transi\u00e7\u00e3o clim\u00e1tica e da seguran\u00e7a alimentar global.<\/p>\n<\/p><\/div>\n<p><br \/>\n<br \/><a href=\"https:\/\/www.canalrural.com.br\/cop30\/a-tecnologia-pode-tornar-a-descarbonizacao-viavel-e-acessivel-diz-lider-global-da-upl\/\">Source link <\/a><\/p>\n","protected":false},"excerpt":{"rendered":"<p>O CEO global do Grupo UPL, Jai Shroff, afirmou que a tecnologia tem papel decisivo na transi\u00e7\u00e3o clim\u00e1tica e pode<\/p>\n","protected":false},"author":1,"featured_media":23790,"comment_status":"open","ping_status":"open","sticky":false,"template":"","format":"standard","meta":{"_monsterinsights_skip_tracking":false,"_monsterinsights_sitenote_active":false,"_monsterinsights_sitenote_note":"","_monsterinsights_sitenote_category":0,"_uf_show_specific_survey":0,"_uf_disable_surveys":false,"footnotes":""},"categories":[1],"tags":[],"class_list":["post-23789","post","type-post","status-publish","format-standard","has-post-thumbnail","hentry","category-news"],"_links":{"self":[{"href":"https:\/\/agromt.news\/index.php?rest_route=\/wp\/v2\/posts\/23789"}],"collection":[{"href":"https:\/\/agromt.news\/index.php?rest_route=\/wp\/v2\/posts"}],"about":[{"href":"https:\/\/agromt.news\/index.php?rest_route=\/wp\/v2\/types\/post"}],"author":[{"embeddable":true,"href":"https:\/\/agromt.news\/index.php?rest_route=\/wp\/v2\/users\/1"}],"replies":[{"embeddable":true,"href":"https:\/\/agromt.news\/index.php?rest_route=%2Fwp%2Fv2%2Fcomments&post=23789"}],"version-history":[{"count":0,"href":"https:\/\/agromt.news\/index.php?rest_route=\/wp\/v2\/posts\/23789\/revisions"}],"wp:featuredmedia":[{"embeddable":true,"href":"https:\/\/agromt.news\/index.php?rest_route=\/wp\/v2\/media\/23790"}],"wp:attachment":[{"href":"https:\/\/agromt.news\/index.php?rest_route=%2Fwp%2Fv2%2Fmedia&parent=23789"}],"wp:term":[{"taxonomy":"category","embeddable":true,"href":"https:\/\/agromt.news\/index.php?rest_route=%2Fwp%2Fv2%2Fcategories&post=23789"},{"taxonomy":"post_tag","embeddable":true,"href":"https:\/\/agromt.news\/index.php?rest_route=%2Fwp%2Fv2%2Ftags&post=23789"}],"curies":[{"name":"wp","href":"https:\/\/api.w.org\/{rel}","templated":true}]}}