{"id":23787,"date":"2025-11-10T15:36:48","date_gmt":"2025-11-10T19:36:48","guid":{"rendered":"https:\/\/agromt.news\/?p=23787"},"modified":"2025-11-10T15:36:48","modified_gmt":"2025-11-10T19:36:48","slug":"entenda-o-que-causou-o-tornado-com-ventos-acima-de-300-km-h-que-destruiu-cidade-no-parana","status":"publish","type":"post","link":"https:\/\/agromt.news\/?p=23787","title":{"rendered":"Entenda o que causou o tornado com ventos acima de 300 km\/h que destruiu cidade no Paran\u00e1"},"content":{"rendered":"<p> <br \/>\n<br \/><img decoding=\"async\" src=\"https:\/\/agromt.news\/wp-content\/uploads\/2025\/11\/equipes-intensificam-atendimento-em-Rio-Bonito-do-Iguacu.jpg\" \/><\/p>\n<div>\n<p>O tornado que devastou Rio Bonito do Igua\u00e7u, no Paran\u00e1, no \u00faltimo fim de semana, foi preliminarmente classificado como F4, com ventos que podem ter superado os 300 km\/h. A avalia\u00e7\u00e3o \u00e9 do meteorologista do Canal Rural, Arthur M\u00fcller<\/p>\n<p>\u201c\u00c9 comum termos ciclones extratropicais e at\u00e9 forma\u00e7\u00e3o de tornados no Sul do Brasil. O que \u00e9 raro \u00e9 um tornado dessa magnitude atingir diretamente uma \u00e1rea urbana. Quando isso acontece, o estrago \u00e9 praticamente inevit\u00e1vel\u201d, afirmou.<\/p>\n<p>Segundo M\u00fcller, a forma\u00e7\u00e3o do tornado est\u00e1 relacionada \u00e0 presen\u00e7a de tempestades superc\u00e9lulas inseridas dentro do sistema associado ao ciclone extratropical que atuava na regi\u00e3o.<\/p>\n<p>\u201cEssas superc\u00e9lulas s\u00e3o tempestades muito organizadas e com rota\u00e7\u00e3o interna. Elas t\u00eam capacidade de produzir ventos extremos e gerar tornados\u201d, explicou. \u201cNossas estimativas apontam para um F4, o que significa rajadas passando dos 300 km\/h. Com essa intensidade, quase nada permanece de p\u00e9.\u201d<\/p>\n<h2 class=\"wp-block-heading\" id=\"h-diferenca-entre-os-fenomenos\">Diferen\u00e7a entre os fen\u00f4menos<\/h2>\n<p>Para reduzir confus\u00f5es comuns, M\u00fcller refor\u00e7ou a diferen\u00e7a entre tornado, ciclone extratropical e furac\u00e3o:<\/p>\n<p>\u201cO tornado \u00e9 aquele funil que toca o solo e causa destrui\u00e7\u00e3o numa faixa estreita. A gente consegue ver a estrutura dele. J\u00e1 o ciclone extratropical \u00e9 um sistema muito maior, que aparece nas imagens de sat\u00e9lite com aquele formato de v\u00edrgula. E o furac\u00e3o depende de \u00e1guas quentes para se formar e \u00e9 outro tipo de sistema.\u201d<\/p>\n<h2 class=\"wp-block-heading\" id=\"h-alertas\">Alertas<\/h2>\n<p>O meteorologista tamb\u00e9m destacou que alertas para tempestades severas estavam ativos antes do fen\u00f4meno tocar o solo.<\/p>\n<p>\u201cHavia uma \u00e1rea de risco indicada. Quando falamos em \u00e1rea de risco, n\u00e3o significa que o tornado vai acontecer exatamente ali, mas que h\u00e1 potencial. A popula\u00e7\u00e3o tem que estar atenta quando esse tipo de alerta \u00e9 emitido\u201d, afirmou.<\/p>\n<p>Segundo M\u00fcller, a comunica\u00e7\u00e3o do risco ainda \u00e9 um desafio no Brasil. \u201cA informa\u00e7\u00e3o precisa chegar \u00e0s pessoas antes, n\u00e3o depois da trag\u00e9dia. Grande parte do trabalho \u00e9 educativo. Muita gente s\u00f3 lembra da meteorologia quando a desgra\u00e7a acontece, e preven\u00e7\u00e3o salva vidas\u201d.<\/p>\n<p><iframe title=\"Passagem de tornado gera destrui\u00e7\u00e3o no Paran\u00e1\" width=\"800\" height=\"450\" src=\"https:\/\/www.youtube.com\/embed\/o1BPNDCnIQw?feature=oembed\" frameborder=\"0\" allow=\"accelerometer; autoplay; clipboard-write; encrypted-media; gyroscope; picture-in-picture; web-share\" referrerpolicy=\"strict-origin-when-cross-origin\" allowfullscreen><\/iframe><noscript><iframe title=\"Passagem de tornado gera destrui\u00e7\u00e3o no Paran\u00e1\" width=\"800\" height=\"450\" src=\"https:\/\/www.youtube.com\/embed\/o1BPNDCnIQw?feature=oembed\" frameborder=\"0\" allow=\"accelerometer; autoplay; clipboard-write; encrypted-media; gyroscope; picture-in-picture; web-share\" referrerpolicy=\"strict-origin-when-cross-origin\" allowfullscreen><\/iframe><\/noscript>\n\t<\/div>\n<p><br \/>\n<br \/><a href=\"https:\/\/www.canalrural.com.br\/diversos\/entenda-o-que-causou-o-tornado-com-ventos-acima-de-300-km-h-que-destruiu-cidade-no-parana\/\">Source link <\/a><\/p>\n","protected":false},"excerpt":{"rendered":"<p>O tornado que devastou Rio Bonito do Igua\u00e7u, no Paran\u00e1, no \u00faltimo fim de semana, foi preliminarmente classificado como F4,<\/p>\n","protected":false},"author":1,"featured_media":23788,"comment_status":"open","ping_status":"open","sticky":false,"template":"","format":"standard","meta":{"_monsterinsights_skip_tracking":false,"_monsterinsights_sitenote_active":false,"_monsterinsights_sitenote_note":"","_monsterinsights_sitenote_category":0,"_uf_show_specific_survey":0,"_uf_disable_surveys":false,"footnotes":""},"categories":[1],"tags":[],"class_list":["post-23787","post","type-post","status-publish","format-standard","has-post-thumbnail","hentry","category-news"],"_links":{"self":[{"href":"https:\/\/agromt.news\/index.php?rest_route=\/wp\/v2\/posts\/23787"}],"collection":[{"href":"https:\/\/agromt.news\/index.php?rest_route=\/wp\/v2\/posts"}],"about":[{"href":"https:\/\/agromt.news\/index.php?rest_route=\/wp\/v2\/types\/post"}],"author":[{"embeddable":true,"href":"https:\/\/agromt.news\/index.php?rest_route=\/wp\/v2\/users\/1"}],"replies":[{"embeddable":true,"href":"https:\/\/agromt.news\/index.php?rest_route=%2Fwp%2Fv2%2Fcomments&post=23787"}],"version-history":[{"count":0,"href":"https:\/\/agromt.news\/index.php?rest_route=\/wp\/v2\/posts\/23787\/revisions"}],"wp:featuredmedia":[{"embeddable":true,"href":"https:\/\/agromt.news\/index.php?rest_route=\/wp\/v2\/media\/23788"}],"wp:attachment":[{"href":"https:\/\/agromt.news\/index.php?rest_route=%2Fwp%2Fv2%2Fmedia&parent=23787"}],"wp:term":[{"taxonomy":"category","embeddable":true,"href":"https:\/\/agromt.news\/index.php?rest_route=%2Fwp%2Fv2%2Fcategories&post=23787"},{"taxonomy":"post_tag","embeddable":true,"href":"https:\/\/agromt.news\/index.php?rest_route=%2Fwp%2Fv2%2Ftags&post=23787"}],"curies":[{"name":"wp","href":"https:\/\/api.w.org\/{rel}","templated":true}]}}