{"id":23654,"date":"2025-11-07T18:08:35","date_gmt":"2025-11-07T22:08:35","guid":{"rendered":"https:\/\/agromt.news\/?p=23654"},"modified":"2025-11-07T18:08:35","modified_gmt":"2025-11-07T22:08:35","slug":"ciclone-atinge-o-sul-a-partir-desta-quinta-feira-06-11","status":"publish","type":"post","link":"https:\/\/agromt.news\/?p=23654","title":{"rendered":"Ciclone atinge o Sul a partir desta quinta-feira (06.11)"},"content":{"rendered":"<p> <br \/>\n<\/p>\n<div>\n<p style=\"text-align:justify\">Entre esta quinta-feira (6) e o pr\u00f3ximo domingo (9), um ciclone extratropical deve atingir diversas regi\u00f5es do Sul e Sudeste do Brasil, com potencial para causar chuvas intensas, ventos severos e queda acentuada nas temperaturas. A sexta-feira (7) ser\u00e1 o ponto cr\u00edtico do evento, especialmente no Rio Grande do Sul e em Santa Catarina, onde os volumes de chuva podem ultrapassar 100 mil\u00edmetros.&#13;\n<\/p>\n<p style=\"text-align:justify\">De acordo com o meteorologista Gabriel Rodrigues, do Portal Agrolink, o sistema come\u00e7a a se organizar entre o norte da Argentina e o Uruguai nesta noite de quinta. \u201cA instabilidade deve alcan\u00e7ar o oeste ga\u00facho entre o fim da noite e a madrugada de sexta\u201d, explica. O ciclone, associado a um sistema de baixa press\u00e3o, trar\u00e1 risco elevado de temporais, granizo e rajadas superiores a 90 km\/h em \u00e1reas como Iju\u00ed, Tr\u00eas Passos e S\u00e3o Miguel do Oeste (SC). No litoral norte e m\u00e9dio do RS, o vento pode ultrapassar os 100 km\/h.<\/p>\n<p style=\"text-align:justify\">Segundo boletim do governo ga\u00facho, o maior risco se concentra nas regi\u00f5es Noroeste, Norte, Miss\u00f5es e Centro do estado. \u201cH\u00e1 chance de forma\u00e7\u00e3o de uma linha de instabilidade com potencial para tornados\u201d, alerta o comunicado.<\/p>\n<p style=\"text-align:justify\">Em 24 horas, os acumulados podem variar entre 50 e 100 mm, com picos acima de 150 mm nas Miss\u00f5es e no Noroeste do Rio Grande do Sul. J\u00e1 na Regi\u00e3o Metropolitana de Porto Alegre, os volumes devem superar 70 mm. A instabilidade pode provocar alagamentos urbanos e dificultar o manejo no campo.\u00a0\u201cMesmo sendo um fen\u00f4meno relativamente r\u00e1pido, o volume de \u00e1gua e os ventos fortes podem causar perdas em lavouras em est\u00e1gios cr\u00edticos, atrasar colheitas e prejudicar estradas vicinais\u201d, destaca Rodrigues.&#13;\n<\/p>\n<p style=\"text-align:justify\">O governo do RS emitiu alerta para poss\u00edveis cheias em rios com resposta r\u00e1pida, como o Ca\u00ed e o Paranhana, que podem transbordar em munic\u00edpios como S\u00e3o Sebasti\u00e3o do Ca\u00ed, Montenegro, Tr\u00eas Coroas e Igrejinha. Arroios e \u00e1reas de relevo acentuado tamb\u00e9m est\u00e3o sob risco de enxurradas.<\/p>\n<\/p><\/div>\n<p><script data-cfasync=\"false\">\n    !function (f, b, e, v, n, t, s) {\n        if (f.fbq) return; n = f.fbq = function () {\n            n.callMethod ?\n                n.callMethod.apply(n, arguments) : n.queue.push(arguments)\n        };\n        if (!f._fbq) f._fbq = n; n.push = n; n.loaded = !0; n.version = '2.0';\n        n.queue = []; t = b.createElement(e); t.async = !0;\n        t.src = v; s = b.getElementsByTagName(e)[0];\n        s.parentNode.insertBefore(t, s)\n    }(window, document, 'script',\n        'https:\/\/connect.facebook.net\/en_US\/fbevents.js');\n    fbq('init', '522546078623747');\n    fbq('track', 'PageView');\n<\/script><br \/>\n<br \/><br \/>\n<br \/><a href=\"https:\/\/www.agrolink.com.br\/noticias\/ciclone-atinge-o-sul-a-partir-desta-quinta-feira--06-11-_507764.html\">Source link <\/a><\/p>\n","protected":false},"excerpt":{"rendered":"<p>Entre esta quinta-feira (6) e o pr\u00f3ximo domingo (9), um ciclone extratropical deve atingir diversas regi\u00f5es do Sul e Sudeste<\/p>\n","protected":false},"author":1,"featured_media":6905,"comment_status":"open","ping_status":"open","sticky":false,"template":"","format":"standard","meta":{"_monsterinsights_skip_tracking":false,"_monsterinsights_sitenote_active":false,"_monsterinsights_sitenote_note":"","_monsterinsights_sitenote_category":0,"_uf_show_specific_survey":0,"_uf_disable_surveys":false,"footnotes":""},"categories":[8,1,14],"tags":[],"class_list":["post-23654","post","type-post","status-publish","format-standard","has-post-thumbnail","hentry","category-agro","category-news","category-politica-agro"],"_links":{"self":[{"href":"https:\/\/agromt.news\/index.php?rest_route=\/wp\/v2\/posts\/23654"}],"collection":[{"href":"https:\/\/agromt.news\/index.php?rest_route=\/wp\/v2\/posts"}],"about":[{"href":"https:\/\/agromt.news\/index.php?rest_route=\/wp\/v2\/types\/post"}],"author":[{"embeddable":true,"href":"https:\/\/agromt.news\/index.php?rest_route=\/wp\/v2\/users\/1"}],"replies":[{"embeddable":true,"href":"https:\/\/agromt.news\/index.php?rest_route=%2Fwp%2Fv2%2Fcomments&post=23654"}],"version-history":[{"count":0,"href":"https:\/\/agromt.news\/index.php?rest_route=\/wp\/v2\/posts\/23654\/revisions"}],"wp:featuredmedia":[{"embeddable":true,"href":"https:\/\/agromt.news\/index.php?rest_route=\/wp\/v2\/media\/6905"}],"wp:attachment":[{"href":"https:\/\/agromt.news\/index.php?rest_route=%2Fwp%2Fv2%2Fmedia&parent=23654"}],"wp:term":[{"taxonomy":"category","embeddable":true,"href":"https:\/\/agromt.news\/index.php?rest_route=%2Fwp%2Fv2%2Fcategories&post=23654"},{"taxonomy":"post_tag","embeddable":true,"href":"https:\/\/agromt.news\/index.php?rest_route=%2Fwp%2Fv2%2Ftags&post=23654"}],"curies":[{"name":"wp","href":"https:\/\/api.w.org\/{rel}","templated":true}]}}