{"id":23649,"date":"2025-11-07T17:24:32","date_gmt":"2025-11-07T21:24:32","guid":{"rendered":"https:\/\/agromt.news\/?p=23649"},"modified":"2025-11-07T17:24:32","modified_gmt":"2025-11-07T21:24:32","slug":"canal-rural-leva-o-forum-planeta-campo-a-cop30-e-reune-lideres-do-agro-em-belem","status":"publish","type":"post","link":"https:\/\/agromt.news\/?p=23649","title":{"rendered":"Canal Rural leva o F\u00f3rum Planeta Campo \u00e0 COP30 e re\u00fane l\u00edderes do agro em Bel\u00e9m"},"content":{"rendered":"<p> <br \/>\n<br \/><img decoding=\"async\" src=\"https:\/\/agromt.news\/wp-content\/uploads\/2025\/11\/Canal-Rural-leva-o-Forum-Planeta-Campo-a-COP30-e.jpg\" \/><\/p>\n<div>\n<p>O <strong>Canal Rural<\/strong> promover\u00e1, no dia <strong>11 de novembro<\/strong>, o <a href=\"https:\/\/planetacampo.canalrural.com.br\/\"><strong>F\u00f3rum Planeta Campo \u2013 Especial COP30<\/strong>,<\/a> diretamente de <strong>Bel\u00e9m (PA)<\/strong>, durante a <strong>Confer\u00eancia das Na\u00e7\u00f5es Unidas sobre Mudan\u00e7as Clim\u00e1ticas (COP30)<\/strong>. O evento ser\u00e1 realizado a partir das <strong>13h<\/strong>, no espa\u00e7o <strong>CNA\/Senar<\/strong>, reunindo autoridades, pesquisadores e executivos de grandes empresas para debater o papel do <strong>agroneg\u00f3cio na agenda clim\u00e1tica global<\/strong>.<\/p>\n<p>Al\u00e9m dos debates, o f\u00f3rum tamb\u00e9m contar\u00e1 com <strong>premia\u00e7\u00f5es<\/strong> que v\u00e3o reconhecer <strong>destaques da agroind\u00fastria<\/strong>, da <strong>agricultura familiar<\/strong> e de <strong>pequenos, m\u00e9dios e grandes produtores rurais<\/strong> que contribuem para a sustentabilidade no campo.<\/p>\n<p>O F\u00f3rum Planeta Campo \u00e9 uma realiza\u00e7\u00e3o do Canal Rural, com patroc\u00ednio master da <strong>ApexBrasil,<\/strong> do Minist\u00e9rio do Desenvolvimento, Ind\u00fastria Com\u00e9rcio e Servi\u00e7os (MDIC); da <strong>JBS<\/strong>; e da <strong>UPL<\/strong>. O patroc\u00ednio \u00e9 do <strong>Sistema OCB, Portos do Paran\u00e1, CNA\/Senar, SLC Agr\u00edcola, Fapecen, Itaipu Binacional, Governo do Brasil, Cooxup\u00e9 e Assembleia Legislativa do Estado de Santa Catarina<\/strong>.<\/p>\n<h3 class=\"wp-block-heading\" id=\"h-abertura-reune-liderancas-do-agro-e-da-pesquisa\">Abertura re\u00fane lideran\u00e7as do agro e da pesquisa<\/h3>\n<p>A abertura do evento contar\u00e1 com <strong>Marusa Trevisan<\/strong>, apresentadora do Canal Rural, e a participa\u00e7\u00e3o de <strong>Silvia Massruha<\/strong>, presidente da <strong>Embrapa<\/strong>, e <strong>Munir Louren\u00e7o<\/strong>, conselheiro da <strong>CNA<\/strong>. Tamb\u00e9m participar\u00e3o <strong>Jai Shroff<\/strong>, CEO global da <strong>UPL<\/strong>, e <strong>Gilberto Tomazoni<\/strong>, CEO global da <strong>JBS<\/strong>, refor\u00e7ando o compromisso do setor com a produ\u00e7\u00e3o sustent\u00e1vel e o desenvolvimento de tecnologias de baixo carbono.<\/p>\n<h3 class=\"wp-block-heading\" id=\"h-paineis-sobre-o-futuro-sustentavel-do-agro\">Pain\u00e9is sobre o futuro sustent\u00e1vel do agro<\/h3>\n<p>A programa\u00e7\u00e3o do F\u00f3rum Planeta Campo inclui quatro pain\u00e9is tem\u00e1ticos que abordam desde o papel do Brasil na seguran\u00e7a alimentar at\u00e9 as m\u00e9tricas de sustentabilidade aplicadas no campo.<\/p>\n<ul class=\"wp-block-list\">\n<li><strong>13h \u2013 Abertura<\/strong><\/li>\n<li><strong>14h \u2013 O agro que alimenta:<\/strong><br \/>Com <strong>Roberto Rodrigues<\/strong> (ex-ministro da Agricultura), <strong>Rodrigo Justos<\/strong> (CNA), <strong>deputado Mauro de Nadal<\/strong> (presidente da Frente Parlamentar da COP30 de SC) e <strong>Laudemir Muller<\/strong> (ApexBrasil).<\/li>\n<li><strong>14h40 \u2013 Agropecu\u00e1ria regenerativa como padr\u00e3o global:<\/strong><br \/>Com <strong>Gisela Introvini<\/strong> (FAPCEN) e <strong>Aur\u00e9lio Pavinato<\/strong> (SLC Agr\u00edcola), o painel discutir\u00e1 pr\u00e1ticas que restauram o solo e reduzem emiss\u00f5es.<\/li>\n<li><strong>15h20 \u2013 Agro de baixo carbono \u2013 m\u00e9tricas e resultados (Case Roncador):<\/strong><br \/>Participam <strong>Rog\u00e9rio Mello<\/strong> (UPL), <strong>Talita Pinto<\/strong> (FGV) e <strong>Roberta Carnevalli<\/strong> (Embrapa Soja), que apresentar\u00e3o indicadores de sustentabilidade e resultados pr\u00e1ticos no campo.<\/li>\n<li><strong>16h \u2013 Rastreabilidade total da cadeia de alimentos:<\/strong><br \/><strong>Li\u00e8ge Corr\u00eaa<\/strong> (JBS) e <strong>Nat\u00e1lia Fernandes Carr<\/strong> (Cooxup\u00e9) abordar\u00e3o o avan\u00e7o da rastreabilidade e sua import\u00e2ncia para os mercados internacionais.<\/li>\n<\/ul>\n<h3 class=\"wp-block-heading\" id=\"h-um-palco-global-para-o-agro-brasileiro\">Um palco global para o agro brasileiro<\/h3>\n<p>O <strong>F\u00f3rum Planeta Campo \u2013 Especial COP30<\/strong> refor\u00e7a o protagonismo do <strong>Canal Rural<\/strong> na difus\u00e3o de conhecimento e na valoriza\u00e7\u00e3o das iniciativas sustent\u00e1veis do agro brasileiro.<br \/>Com temas alinhados aos <strong>objetivos clim\u00e1ticos globais<\/strong>, o evento mostrar\u00e1 como o Brasil pode ser um <strong>modelo de produ\u00e7\u00e3o respons\u00e1vel<\/strong>, unindo tecnologia, ci\u00eancia e gest\u00e3o eficiente de recursos naturais.<\/p>\n<\/p><\/div>\n<p><br \/>\n<br \/><a href=\"https:\/\/www.canalrural.com.br\/cop30\/canal-rural-leva-o-forum-planeta-campo-a-cop30-e-reune-lideres-do-agro-em-belem\/\">Source link <\/a><\/p>\n","protected":false},"excerpt":{"rendered":"<p>O Canal Rural promover\u00e1, no dia 11 de novembro, o F\u00f3rum Planeta Campo \u2013 Especial COP30, diretamente de Bel\u00e9m (PA),<\/p>\n","protected":false},"author":1,"featured_media":23650,"comment_status":"open","ping_status":"open","sticky":false,"template":"","format":"standard","meta":{"_monsterinsights_skip_tracking":false,"_monsterinsights_sitenote_active":false,"_monsterinsights_sitenote_note":"","_monsterinsights_sitenote_category":0,"_uf_show_specific_survey":0,"_uf_disable_surveys":false,"footnotes":""},"categories":[1],"tags":[],"class_list":["post-23649","post","type-post","status-publish","format-standard","has-post-thumbnail","hentry","category-news"],"_links":{"self":[{"href":"https:\/\/agromt.news\/index.php?rest_route=\/wp\/v2\/posts\/23649"}],"collection":[{"href":"https:\/\/agromt.news\/index.php?rest_route=\/wp\/v2\/posts"}],"about":[{"href":"https:\/\/agromt.news\/index.php?rest_route=\/wp\/v2\/types\/post"}],"author":[{"embeddable":true,"href":"https:\/\/agromt.news\/index.php?rest_route=\/wp\/v2\/users\/1"}],"replies":[{"embeddable":true,"href":"https:\/\/agromt.news\/index.php?rest_route=%2Fwp%2Fv2%2Fcomments&post=23649"}],"version-history":[{"count":0,"href":"https:\/\/agromt.news\/index.php?rest_route=\/wp\/v2\/posts\/23649\/revisions"}],"wp:featuredmedia":[{"embeddable":true,"href":"https:\/\/agromt.news\/index.php?rest_route=\/wp\/v2\/media\/23650"}],"wp:attachment":[{"href":"https:\/\/agromt.news\/index.php?rest_route=%2Fwp%2Fv2%2Fmedia&parent=23649"}],"wp:term":[{"taxonomy":"category","embeddable":true,"href":"https:\/\/agromt.news\/index.php?rest_route=%2Fwp%2Fv2%2Fcategories&post=23649"},{"taxonomy":"post_tag","embeddable":true,"href":"https:\/\/agromt.news\/index.php?rest_route=%2Fwp%2Fv2%2Ftags&post=23649"}],"curies":[{"name":"wp","href":"https:\/\/api.w.org\/{rel}","templated":true}]}}