{"id":23570,"date":"2025-11-06T12:57:57","date_gmt":"2025-11-06T16:57:57","guid":{"rendered":"https:\/\/agromt.news\/?p=23570"},"modified":"2025-11-06T12:57:57","modified_gmt":"2025-11-06T16:57:57","slug":"aprosoja-lanca-carta-manifesto-dos-produtores-para-a-cop30","status":"publish","type":"post","link":"https:\/\/agromt.news\/?p=23570","title":{"rendered":"Aprosoja lan\u00e7a Carta-Manifesto dos produtores para a COP30"},"content":{"rendered":"<p> <br \/>\n<br \/><img decoding=\"async\" src=\"https:\/\/agromt.news\/wp-content\/uploads\/2025\/11\/Aprosoja-lanca-Carta-Manifesto-dos-produtores-para-a-COP30.jpg\" \/><\/p>\n<div>\n<p>As <a href=\"https:\/\/aprosoja.com.br\/\">Aprosojas <\/a><a href=\"https:\/\/www.google.com\/search?q=aprosoja+brasil&amp;sca_esv=45af21cbca4aa7f8&amp;source=hp&amp;ei=m7EMacbUObjP1sQPyY31qA8&amp;iflsig=AOw8s4IAAAAAaQy_qyynCJwZWy0gqZvoKAjhOQl3fssF&amp;ved=0ahUKEwiGjueI392QAxW4p5UCHclGHfUQ4dUDCBg&amp;uact=5&amp;oq=aprosoja+brasil&amp;gs_lp=Egdnd3Mtd2l6Ig9hcHJvc29qYSBicmFzaWwyCxAuGIAEGMcBGK8BMgYQABgWGB4yBhAAGBYYHjIIEAAYgAQYogQyCBAAGIAEGKIEMgUQABjvBUjNCVAAWJwJcAB4AJABAJgBzQGgAZIPqgEGMC4xMy4xuAEDyAEA-AEBmAIOoALaD8ICEBAuGIAEGEMYxwEYigUYrwHCAgoQABiABBhDGIoFwgIQEC4YgAQY0QMYQxjHARiKBcICERAuGIAEGLEDGNEDGIMBGMcBwgIOEAAYgAQYsQMYgwEYigXCAg4QLhiABBixAxjRAxjHAcICCBAAGIAEGLEDwgINEAAYgAQYsQMYQxiKBcICCxAAGIAEGLEDGIMBwgITEC4YgAQYsQMYQxjHARiKBRivAcICBRAAGIAEwgIOEC4YgAQYsQMYxwEYrwGYAwCSBwYwLjEzLjGgB42qAbIHBjAuMTMuMbgH2g_CBwcwLjguNS4xyAc2&amp;sclient=gws-wiz\">Brasil<\/a> e <a href=\"https:\/\/aprosoja.com.br\/\">Mato Grosso<\/a> apresentar\u00e3o, nesta quinta-feira (6), \u00e0s 14h, no Senado Federal, um documento com propostas dos produtores de soja para a <a href=\"https:\/\/www.canalrural.com.br\/?s=transi%C3%A7%C3%A3o+energ%C3%A9tica\">transi\u00e7\u00e3o energ\u00e9tica<\/a> e a <a href=\"https:\/\/www.canalrural.com.br\/?s=seguran%C3%A7a+alimentar\">seguran\u00e7a alimentar<\/a>. O estudo ser\u00e1 apresentado pelo professor de Direito da FGV, Daniel Vargas, autor do documento.<\/p>\n<ul class=\"wp-block-list\">\n<li><strong><em>Fique por dentro das novidades e not\u00edcias recentes sobre a soja! Participe da nossa comunidade atrav\u00e9s do\u00a0<a href=\"https:\/\/chat.whatsapp.com\/BmMRwA0TZ2DHGyhzoaVEWu\">link<\/a>! \ud83c\udf31<\/em><\/strong><\/li>\n<\/ul>\n<p>O objetivo \u00e9 propor uma agenda clim\u00e1tica tropical, soberana e produtiva, que valorize a contribui\u00e7\u00e3o do Brasil para a seguran\u00e7a alimentar e ambiental global, com foco na COP30. Segundo as entidades, \u201cn\u00e3o h\u00e1 solu\u00e7\u00e3o clim\u00e1tica vi\u00e1vel sem o protagonismo dos tr\u00f3picos.\u201d<\/p>\n<h3 class=\"wp-block-heading\" id=\"h-o-que-diz-o-documento\"><strong>O que diz o documento<\/strong><\/h3>\n<p>O documento parte do reconhecimento de que o Brasil \u00e9 a \u00fanica grande pot\u00eancia agroalimentar capaz de aliar alta produtividade \u00e0 ampla conserva\u00e7\u00e3o ambiental. Segundo o texto, o agroneg\u00f3cio responde por cerca de 27% do PIB e 40% das exporta\u00e7\u00f5es nacionais, alimentando quase 1 bilh\u00e3o de pessoas no mundo, enquanto preserva 66% da vegeta\u00e7\u00e3o nativa.<\/p>\n<p>As entidades defendem que o pa\u00eds transforme essa vantagem em lideran\u00e7a global na transi\u00e7\u00e3o verde, substituindo pol\u00edticas punitivas e excludentes por uma agenda tropical que una produ\u00e7\u00e3o e conserva\u00e7\u00e3o. O documento critica barreiras ambientais unilaterais, como o EUDR e o CBAM, e certifica\u00e7\u00f5es privadas sem mandato democr\u00e1tico, classificadas como formas de neocolonialismo ambiental que transferem aos tr\u00f3picos o \u00f4nus da transi\u00e7\u00e3o verde.<\/p>\n<p>Como sede da COP30, o Brasil deve liderar uma virada no debate global, cobrando a responsabilidade hist\u00f3rica dos maiores poluidores e propondo uma agenda soberana, que trate o verde como ativo econ\u00f4mico, o clima como vetor de desenvolvimento e a soberania nacional como base de legitimidade para uma transi\u00e7\u00e3o justa e produtiva.<\/p>\n<p>Confira mais detalhes do documento:<\/p>\n<h2 class=\"wp-block-heading\" id=\"h-diretrizes-para-uma-agenda-tropical\"><strong>Diretrizes para uma agenda tropical<\/strong><\/h2>\n<ul class=\"wp-block-list\">\n<li><strong>Verde como valor:<\/strong> tratar o meio ambiente como ativo produtivo, valorizando quem conserva e incorporando o verde \u00e0 economia por meio de PSA, cr\u00e9dito e mercado de carbono.<\/li>\n<li><strong>Clima como desenvolvimento:<\/strong> fazer do clima um vetor de crescimento e inclus\u00e3o, ampliando tecnologia, cr\u00e9dito e infraestrutura para a agropecu\u00e1ria sustent\u00e1vel.<\/li>\n<li><strong>Soberania como caminho:<\/strong> garantir autonomia cient\u00edfica e regulat\u00f3ria, com metas pr\u00f3prias e pol\u00edticas clim\u00e1ticas baseadas no C\u00f3digo Florestal e na Constitui\u00e7\u00e3o<\/li>\n<\/ul>\n<h2 class=\"wp-block-heading\" id=\"h-eixos-estrategicos\"><strong>Eixos estrat\u00e9gicos<\/strong><\/h2>\n<ul class=\"wp-block-list\">\n<li><strong>Seguran\u00e7a alimentar:<\/strong> recuperar pastagens degradadas, aumentar a produ\u00e7\u00e3o com inova\u00e7\u00e3o e cr\u00e9dito verde e fortalecer infraestrutura sustent\u00e1vel.<\/li>\n<li><strong>Seguran\u00e7a energ\u00e9tica:<\/strong> dobrar a gera\u00e7\u00e3o renov\u00e1vel rural com biocombust\u00edveis, biog\u00e1s e energia solar, consolidando o Brasil como pot\u00eancia em bioenergia.<\/li>\n<li><strong>Ci\u00eancia tropical e governan\u00e7a: <\/strong>criar m\u00e9tricas e padr\u00f5es tropicais, valorizar servi\u00e7os ambientais e revisar metas clim\u00e1ticas com base cient\u00edfica e soberana.<\/li>\n<li><strong>Produtivismo verde<\/strong>: unir tecnologia, efici\u00eancia e sustentabilidade para competir globalmente com um modelo de crescimento verde e produtivo.<\/li>\n<\/ul><\/div>\n<p><br \/>\n<br \/><a href=\"https:\/\/www.canalrural.com.br\/cop30\/aprosoja-lanca-carta-manifesto-dos-produtores-para-a-cop30\/\">Source link <\/a><\/p>\n","protected":false},"excerpt":{"rendered":"<p>As Aprosojas Brasil e Mato Grosso apresentar\u00e3o, nesta quinta-feira (6), \u00e0s 14h, no Senado Federal, um documento com propostas dos<\/p>\n","protected":false},"author":1,"featured_media":23571,"comment_status":"open","ping_status":"open","sticky":false,"template":"","format":"standard","meta":{"_monsterinsights_skip_tracking":false,"_monsterinsights_sitenote_active":false,"_monsterinsights_sitenote_note":"","_monsterinsights_sitenote_category":0,"_uf_show_specific_survey":0,"_uf_disable_surveys":false,"footnotes":""},"categories":[1],"tags":[],"class_list":["post-23570","post","type-post","status-publish","format-standard","has-post-thumbnail","hentry","category-news"],"_links":{"self":[{"href":"https:\/\/agromt.news\/index.php?rest_route=\/wp\/v2\/posts\/23570"}],"collection":[{"href":"https:\/\/agromt.news\/index.php?rest_route=\/wp\/v2\/posts"}],"about":[{"href":"https:\/\/agromt.news\/index.php?rest_route=\/wp\/v2\/types\/post"}],"author":[{"embeddable":true,"href":"https:\/\/agromt.news\/index.php?rest_route=\/wp\/v2\/users\/1"}],"replies":[{"embeddable":true,"href":"https:\/\/agromt.news\/index.php?rest_route=%2Fwp%2Fv2%2Fcomments&post=23570"}],"version-history":[{"count":0,"href":"https:\/\/agromt.news\/index.php?rest_route=\/wp\/v2\/posts\/23570\/revisions"}],"wp:featuredmedia":[{"embeddable":true,"href":"https:\/\/agromt.news\/index.php?rest_route=\/wp\/v2\/media\/23571"}],"wp:attachment":[{"href":"https:\/\/agromt.news\/index.php?rest_route=%2Fwp%2Fv2%2Fmedia&parent=23570"}],"wp:term":[{"taxonomy":"category","embeddable":true,"href":"https:\/\/agromt.news\/index.php?rest_route=%2Fwp%2Fv2%2Fcategories&post=23570"},{"taxonomy":"post_tag","embeddable":true,"href":"https:\/\/agromt.news\/index.php?rest_route=%2Fwp%2Fv2%2Ftags&post=23570"}],"curies":[{"name":"wp","href":"https:\/\/api.w.org\/{rel}","templated":true}]}}