{"id":23442,"date":"2025-11-04T17:05:52","date_gmt":"2025-11-04T21:05:52","guid":{"rendered":"https:\/\/agromt.news\/?p=23442"},"modified":"2025-11-04T17:05:52","modified_gmt":"2025-11-04T21:05:52","slug":"mais-duas-pessoas-morrem-em-funcao-da-doenca-em-sp","status":"publish","type":"post","link":"https:\/\/agromt.news\/?p=23442","title":{"rendered":"mais duas pessoas morrem em fun\u00e7\u00e3o da doen\u00e7a em SP"},"content":{"rendered":"<p> <br \/>\n<br \/><img decoding=\"async\" src=\"https:\/\/agromt.news\/wp-content\/uploads\/2025\/11\/mais-duas-pessoas-morrem-em-funcao-da-doenca-em-SP.jpg\" \/><\/p>\n<div>\n<p>Duas pessoas morreram, na cidade de Leme (interior de S\u00e3o Paulo), na semana passada, devido \u00e0 febre maculosa. A informa\u00e7\u00e3o foi confirmada pela Secretaria de Sa\u00fade do munic\u00edpio. N\u00e3o foram divulgados os nomes, g\u00eanero ou idade das v\u00edtimas.<\/p>\n<p>Segundo a secretaria, equipes t\u00e9cnicas da prefeitura adotaram todas as medidas de controle e vigil\u00e2ncia assim que os casos foram notificados. As a\u00e7\u00f5es de conten\u00e7\u00e3o t\u00eam sido realizadas pelo Setor de Vigil\u00e2ncia Epidemiol\u00f3gica e Zoonoses.<\/p>\n<p>O interior do estado de S\u00e3o Paulo vem sofrendo com casos da doen\u00e7a, que \u00e9 transmitida pelo carrapato. A cidade de Salto, distante cerca de 90 quil\u00f4metros de Leme, registrou tr\u00eas mortes por febre maculosa em 2025. Um parque local foi interditado pela prefeitura, j\u00e1 que duas dessas v\u00edtimas frequentaram o local.<\/p>\n<p>Neste ano, 36 casos da doen\u00e7a haviam sido registrados em todo o estado, com 18 \u00f3bitos contabilizados at\u00e9 outubro. Agora, j\u00e1 s\u00e3o 20. Em todo o ano passado, foram 72 casos, com 26 mortes.<\/p>\n<h2 class=\"wp-block-heading\" id=\"h-febre-maculosa\">Febre maculosa<\/h2>\n<p>A febre maculosa, tamb\u00e9m conhecida como doen\u00e7a do carrapato, \u00e9 uma infec\u00e7\u00e3o febril de gravidade vari\u00e1vel, com elevada taxa de letalidade. Causada por uma bact\u00e9ria do g\u00eanero Rickettsia, a doen\u00e7a \u00e9 transmitida pela picada de carrapato encontrado em ambientes com animais dom\u00e9sticos, como c\u00e3es e gatos, gado e \u00e1reas de vegeta\u00e7\u00e3o alta.<\/p>\n<p>Segundo a Secretaria de Estado de Sa\u00fade (SES) de S\u00e3o Paulo, menos de 1% dos carrapatos-estrela est\u00e3o contaminados com a bact\u00e9ria que causa a doen\u00e7a, portanto, apenas o contato com carrapato n\u00e3o significa uma infec\u00e7\u00e3o no indiv\u00edduo.<\/p>\n<h2 class=\"wp-block-heading\" id=\"h-sintomas\">Sintomas<\/h2>\n<p>Os principais sintomas da febre maculosa s\u00e3o: febre s\u00fabita, dores de cabe\u00e7a e nas articula\u00e7\u00f5es, fraqueza extrema, cansa\u00e7o ou falta de energia. Entre o terceiro e o quinto dia de infec\u00e7\u00e3o, aparecem erup\u00e7\u00f5es cut\u00e2neas nos punhos e tornozelos, eventualmente espalhando-se por todo o corpo.<\/p>\n<h2 class=\"wp-block-heading\" id=\"h-prevencao\">Preven\u00e7\u00e3o<\/h2>\n<p>A preven\u00e7\u00e3o \u00e9 essencial e inclui evitar \u00e1reas infestadas por carrapatos, usar cal\u00e7as compridas e botas ao circular em regi\u00f5es de risco. Se for encontrado algum carrapato na pele, \u00e9 preciso remov\u00ea-lo imediatamente, sem esmag\u00e1-lo com as unhas.<\/p>\n<\/p><\/div>\n<p><br \/>\n<br \/><a href=\"https:\/\/www.canalrural.com.br\/diversos\/febre-maculosa-mais-duas-pessoas-morrem-em-funcao-da-doenca-em-sp\/\">Source link <\/a><\/p>\n","protected":false},"excerpt":{"rendered":"<p>Duas pessoas morreram, na cidade de Leme (interior de S\u00e3o Paulo), na semana passada, devido \u00e0 febre maculosa. A informa\u00e7\u00e3o<\/p>\n","protected":false},"author":1,"featured_media":23443,"comment_status":"open","ping_status":"open","sticky":false,"template":"","format":"standard","meta":{"_monsterinsights_skip_tracking":false,"_monsterinsights_sitenote_active":false,"_monsterinsights_sitenote_note":"","_monsterinsights_sitenote_category":0,"_uf_show_specific_survey":0,"_uf_disable_surveys":false,"footnotes":""},"categories":[1],"tags":[],"class_list":["post-23442","post","type-post","status-publish","format-standard","has-post-thumbnail","hentry","category-news"],"_links":{"self":[{"href":"https:\/\/agromt.news\/index.php?rest_route=\/wp\/v2\/posts\/23442"}],"collection":[{"href":"https:\/\/agromt.news\/index.php?rest_route=\/wp\/v2\/posts"}],"about":[{"href":"https:\/\/agromt.news\/index.php?rest_route=\/wp\/v2\/types\/post"}],"author":[{"embeddable":true,"href":"https:\/\/agromt.news\/index.php?rest_route=\/wp\/v2\/users\/1"}],"replies":[{"embeddable":true,"href":"https:\/\/agromt.news\/index.php?rest_route=%2Fwp%2Fv2%2Fcomments&post=23442"}],"version-history":[{"count":0,"href":"https:\/\/agromt.news\/index.php?rest_route=\/wp\/v2\/posts\/23442\/revisions"}],"wp:featuredmedia":[{"embeddable":true,"href":"https:\/\/agromt.news\/index.php?rest_route=\/wp\/v2\/media\/23443"}],"wp:attachment":[{"href":"https:\/\/agromt.news\/index.php?rest_route=%2Fwp%2Fv2%2Fmedia&parent=23442"}],"wp:term":[{"taxonomy":"category","embeddable":true,"href":"https:\/\/agromt.news\/index.php?rest_route=%2Fwp%2Fv2%2Fcategories&post=23442"},{"taxonomy":"post_tag","embeddable":true,"href":"https:\/\/agromt.news\/index.php?rest_route=%2Fwp%2Fv2%2Ftags&post=23442"}],"curies":[{"name":"wp","href":"https:\/\/api.w.org\/{rel}","templated":true}]}}