{"id":23421,"date":"2025-11-04T12:38:34","date_gmt":"2025-11-04T16:38:34","guid":{"rendered":"https:\/\/agromt.news\/?p=23421"},"modified":"2025-11-04T12:38:34","modified_gmt":"2025-11-04T16:38:34","slug":"segunda-superlua-do-ano-podera-ser-vista-no-brasil-saiba-quando","status":"publish","type":"post","link":"https:\/\/agromt.news\/?p=23421","title":{"rendered":"Segunda superlua do ano poder\u00e1 ser vista no Brasil; saiba quando"},"content":{"rendered":"<p> <br \/>\n<br \/><img decoding=\"async\" src=\"https:\/\/agromt.news\/wp-content\/uploads\/2025\/11\/Segunda-superlua-do-ano-podera-ser-vista-no-Brasil-saiba.jpg\" \/><\/p>\n<div>\n<p>A segunda superlua de 2025 ser\u00e1 nesta quarta-feira (5) e poder\u00e1 ser vista em todo o Brasil e no exterior. O fen\u00f4meno ocorre quando a lua cheia est\u00e1 a menos de 360 mil quil\u00f4metros da Terra, parecendo maior e mais brilhante do que o normal. A superlua do Castor, a maior e mais brilhante deste ano, permanecer\u00e1 vis\u00edvel por tr\u00eas dias consecutivos.<\/p>\n<p>O fen\u00f4meno poder\u00e1 ser observado a olho nu em todo o Brasil, desde que as condi\u00e7\u00f5es meteorol\u00f3gicas sejam favor\u00e1veis. Ele poder\u00e1 ser observado sem a necessidade de telesc\u00f3pios ou equipamentos especiais.<\/p>\n<p>A lua cheia coincide com o perigeu, ponto de sua \u00f3rbita em que est\u00e1 mais pr\u00f3xima da Terra. O resultado \u00e9 um sat\u00e9lite cerca de 14% maior e at\u00e9 30% mais brilhante do que o normal.<br \/>Embora o termo superlua n\u00e3o seja usado oficialmente por astr\u00f4nomos, ele se popularizou por traduzir de forma simples esse efeito visual que chama a aten\u00e7\u00e3o a cada ocorr\u00eancia.<\/p>\n<h2 class=\"wp-block-heading\" id=\"h-horarios\">Hor\u00e1rios<\/h2>\n<p>A melhor hora para apreciar o espet\u00e1culo ser\u00e1 logo ap\u00f3s o p\u00f4r do sol. Em S\u00e3o Paulo, o nascer da lua deve ocorrer por volta das <strong>18h45<\/strong>; em Bel\u00e9m, \u00e0s <strong>18h14<\/strong>; e no Recife, \u00e0s <strong>17h28 <\/strong>\u2014 hor\u00e1rios aproximados, que variam conforme a regi\u00e3o e o fuso local.<\/p>\n<p>Para aproveitar o momento, basta procurar um local com boa visibilidade do horizonte e torcer por um c\u00e9u limpo. Nessa condi\u00e7\u00e3o, ser\u00e1 poss\u00edvel observar a lua a olho nu, mais pr\u00f3xima, brilhante e detalhada.<\/p>\n<p>De acordo com a astr\u00f4noma do Observat\u00f3rio Nacional, Josina Nascimento, o termo superlua \u00e9 reconhecido \u201capenas quando ocorre durante a fase cheia, mas sempre que a lua percorre sua \u00f3rbita em torno da terra, completando seu ciclo de fases, em algum momento ela estar\u00e1 no perigeu\u201d.<\/p>\n<p>Um m\u00eas depois, no dia 4 de dezembro, aparecer\u00e1 a terceira e \u00faltima superlua de 2025.<\/p>\n<div data-icp-cta=\"1\" id=\"icp-cta-unique\">Voc\u00ea quer entender como usar o clima a seu favor?<b> <\/b><a href=\"https:\/\/climacampo.canalrural.com.br\/climacampo_-01\">Preparamos um e-book exclusivo<\/a> para ajudar produtores rurais a se antecipar \u00e0s mudan\u00e7as do tempo e planejar melhor suas a\u00e7\u00f5es. Com base em previs\u00f5es meteorol\u00f3gicas confi\u00e1veis, ele oferece orienta\u00e7\u00f5es pr\u00e1ticas para proteger sua lavoura e otimizar seus resultados.<\/div>\n<\/div>\n<p><br \/>\n<br \/><a href=\"https:\/\/www.canalrural.com.br\/tempo\/segunda-superlua-do-ano-podera-ser-vista-no-brasil-saiba-quando\/\">Source link <\/a><\/p>\n","protected":false},"excerpt":{"rendered":"<p>A segunda superlua de 2025 ser\u00e1 nesta quarta-feira (5) e poder\u00e1 ser vista em todo o Brasil e no exterior.<\/p>\n","protected":false},"author":1,"featured_media":23422,"comment_status":"open","ping_status":"open","sticky":false,"template":"","format":"standard","meta":{"_monsterinsights_skip_tracking":false,"_monsterinsights_sitenote_active":false,"_monsterinsights_sitenote_note":"","_monsterinsights_sitenote_category":0,"_uf_show_specific_survey":0,"_uf_disable_surveys":false,"footnotes":""},"categories":[1],"tags":[],"class_list":["post-23421","post","type-post","status-publish","format-standard","has-post-thumbnail","hentry","category-news"],"_links":{"self":[{"href":"https:\/\/agromt.news\/index.php?rest_route=\/wp\/v2\/posts\/23421"}],"collection":[{"href":"https:\/\/agromt.news\/index.php?rest_route=\/wp\/v2\/posts"}],"about":[{"href":"https:\/\/agromt.news\/index.php?rest_route=\/wp\/v2\/types\/post"}],"author":[{"embeddable":true,"href":"https:\/\/agromt.news\/index.php?rest_route=\/wp\/v2\/users\/1"}],"replies":[{"embeddable":true,"href":"https:\/\/agromt.news\/index.php?rest_route=%2Fwp%2Fv2%2Fcomments&post=23421"}],"version-history":[{"count":0,"href":"https:\/\/agromt.news\/index.php?rest_route=\/wp\/v2\/posts\/23421\/revisions"}],"wp:featuredmedia":[{"embeddable":true,"href":"https:\/\/agromt.news\/index.php?rest_route=\/wp\/v2\/media\/23422"}],"wp:attachment":[{"href":"https:\/\/agromt.news\/index.php?rest_route=%2Fwp%2Fv2%2Fmedia&parent=23421"}],"wp:term":[{"taxonomy":"category","embeddable":true,"href":"https:\/\/agromt.news\/index.php?rest_route=%2Fwp%2Fv2%2Fcategories&post=23421"},{"taxonomy":"post_tag","embeddable":true,"href":"https:\/\/agromt.news\/index.php?rest_route=%2Fwp%2Fv2%2Ftags&post=23421"}],"curies":[{"name":"wp","href":"https:\/\/api.w.org\/{rel}","templated":true}]}}