{"id":23419,"date":"2025-11-04T11:59:36","date_gmt":"2025-11-04T15:59:36","guid":{"rendered":"https:\/\/agromt.news\/?p=23419"},"modified":"2025-11-04T11:59:36","modified_gmt":"2025-11-04T15:59:36","slug":"brasil-plantou-471-da-area-de-soja-25-26-aponta-conab","status":"publish","type":"post","link":"https:\/\/agromt.news\/?p=23419","title":{"rendered":"Brasil plantou 47,1% da \u00e1rea de soja 25\/26, aponta Conab"},"content":{"rendered":"<p> <br \/>\n<br \/><img decoding=\"async\" src=\"https:\/\/agromt.news\/wp-content\/uploads\/2024\/09\/plantio-soja-Mapa.jpg\" \/><\/p>\n<div>\n<p data-start=\"230\" data-end=\"675\">O plantio de soja da <a href=\"https:\/\/www.canalrural.com.br\/agricultura\/projeto-soja-brasil\/brasil-semeou-471-da-area-prevista-para-soja\/_wp_link_placeholder\" data-wplink-edit=\"true\">safra 2025\/26<\/a> alcan\u00e7ou 47,1% da \u00e1rea prevista no Brasil at\u00e9 s\u00e1bado (1), segundo boletim semanal da Companhia Nacional de Abastecimento (<a href=\"https:\/\/www.gov.br\/conab\/pt-br\">Conab<\/a>). O ritmo representa avan\u00e7o de 12,7 pontos percentuais em rela\u00e7\u00e3o \u00e0 semana anterior, por\u00e9m segue atrasado. Na compara\u00e7\u00e3o com a temporada 2024\/25, o plantio est\u00e1 6,2 pontos percentuais mais lento. Frente \u00e0 m\u00e9dia dos \u00faltimos cinco anos, o atraso \u00e9 ainda maior: 7,6 pontos percentuais.<\/p>\n<ul>\n<li data-start=\"230\" data-end=\"675\"><em><strong>Confira as \u00faltimas not\u00edcias sobre a soja: participe da comunidade <a href=\"https:\/\/chat.whatsapp.com\/BmMRwA0TZ2DHGyhzoaVEWu\">Soja Brasil!\u00a0<\/a><\/strong><\/em><\/li>\n<\/ul>\n<p data-start=\"677\" data-end=\"1035\">Entre os principais produtores, Mato Grosso continua liderando os trabalhos, com 80,1% da \u00e1rea semeada, seguido por Mato Grosso do Sul (73%). Paran\u00e1 e S\u00e3o Paulo v\u00eam na sequ\u00eancia, com 71% e 60%, respectivamente. Tamb\u00e9m h\u00e1 avan\u00e7o em outras regi\u00f5es: Bahia (21%), Tocantins (19%), Goi\u00e1s (29%), Minas Gerais (17,5%), Santa Catarina (12%) e Rio Grande do Sul (9%).<\/p>\n<\/p><\/div>\n<p><br \/>\n<br \/><a href=\"https:\/\/www.canalrural.com.br\/agricultura\/projeto-soja-brasil\/brasil-semeou-471-da-area-prevista-para-soja\/\">Source link <\/a><\/p>\n","protected":false},"excerpt":{"rendered":"<p>O plantio de soja da safra 2025\/26 alcan\u00e7ou 47,1% da \u00e1rea prevista no Brasil at\u00e9 s\u00e1bado (1), segundo boletim semanal<\/p>\n","protected":false},"author":1,"featured_media":1141,"comment_status":"open","ping_status":"open","sticky":false,"template":"","format":"standard","meta":{"_monsterinsights_skip_tracking":false,"_monsterinsights_sitenote_active":false,"_monsterinsights_sitenote_note":"","_monsterinsights_sitenote_category":0,"_uf_show_specific_survey":0,"_uf_disable_surveys":false,"footnotes":""},"categories":[1],"tags":[],"class_list":["post-23419","post","type-post","status-publish","format-standard","has-post-thumbnail","hentry","category-news"],"_links":{"self":[{"href":"https:\/\/agromt.news\/index.php?rest_route=\/wp\/v2\/posts\/23419"}],"collection":[{"href":"https:\/\/agromt.news\/index.php?rest_route=\/wp\/v2\/posts"}],"about":[{"href":"https:\/\/agromt.news\/index.php?rest_route=\/wp\/v2\/types\/post"}],"author":[{"embeddable":true,"href":"https:\/\/agromt.news\/index.php?rest_route=\/wp\/v2\/users\/1"}],"replies":[{"embeddable":true,"href":"https:\/\/agromt.news\/index.php?rest_route=%2Fwp%2Fv2%2Fcomments&post=23419"}],"version-history":[{"count":0,"href":"https:\/\/agromt.news\/index.php?rest_route=\/wp\/v2\/posts\/23419\/revisions"}],"wp:featuredmedia":[{"embeddable":true,"href":"https:\/\/agromt.news\/index.php?rest_route=\/wp\/v2\/media\/1141"}],"wp:attachment":[{"href":"https:\/\/agromt.news\/index.php?rest_route=%2Fwp%2Fv2%2Fmedia&parent=23419"}],"wp:term":[{"taxonomy":"category","embeddable":true,"href":"https:\/\/agromt.news\/index.php?rest_route=%2Fwp%2Fv2%2Fcategories&post=23419"},{"taxonomy":"post_tag","embeddable":true,"href":"https:\/\/agromt.news\/index.php?rest_route=%2Fwp%2Fv2%2Ftags&post=23419"}],"curies":[{"name":"wp","href":"https:\/\/api.w.org\/{rel}","templated":true}]}}