{"id":23417,"date":"2025-11-04T11:40:35","date_gmt":"2025-11-04T15:40:35","guid":{"rendered":"https:\/\/agromt.news\/?p=23417"},"modified":"2025-11-04T11:40:35","modified_gmt":"2025-11-04T15:40:35","slug":"trigo-mantem-boa-qualidade-mas-preco-tem-leve-queda","status":"publish","type":"post","link":"https:\/\/agromt.news\/?p=23417","title":{"rendered":"Trigo mant\u00e9m boa qualidade, mas pre\u00e7o tem leve queda"},"content":{"rendered":"<p> <br \/>\n<\/p>\n<div>\n<div class=\"row\">\n<div class=\"col-lg col-infos mt-0 mt-lg-0\">\n<div class=\"section-sub-title\">\n<p itemprop=\"description\">&#13;<br \/>\n                                Lavouras de trigo mant\u00eam sanidade e bom desempenho&#13;<br \/>\n&#13;<br \/>\n&#13;\n                            <\/p>\n<\/p><\/div>\n<div class=\"container\">\n<div class=\"row\">\n<div class=\"col-lg p-0\">\n<div>\n<div class=\"block-news-main-infos mt-3 text-start\">\n<p>                                            <strong class=\"fn\" itemprop=\"author\" style=\"color: rgb(112, 112, 112); \">&#13;<br \/>\n                                                <a href=\"https:\/\/www.agrolink.com.br\/noticias\/javascript:;\" class=\"text-uppercase\" target=\"_blank\" style=\"color: rgb(112, 112, 112); \" rel=\"noopener\">Agrolink<\/a>&#13;<br \/>\n&#13;<br \/>\n                                                    &#8211; Seane Lennon&#13;<br \/>\n&#13;<br \/>\n                                            <\/strong><br \/>\n                                        <\/p>\n<p>                                            <abbr><time datetime=\"2025 - 11 - 03T17:04\" itemprop=\"datePublished dateModified\"> Publicado em 03\/11\/2025 \u00e0s 17:04h.<\/time><\/abbr>\n                                    <\/div>\n<\/p><\/div>\n<\/p><\/div>\n<div class=\"col-lg p-0 text-lg-end\">\n<div>\n<div id=\"mdEnviarPagina\" class=\"modal fade\" role=\"dialog\">\n<div class=\"modal-dialog\">\n<div class=\"modal-content\">\n<div class=\"modal-body\">\n<p><strong>Estimado usu\u00e1rio.<\/strong><br \/>Preencha o formul\u00e1rio abaixo para remeter a p\u00e1gina.<\/p>\n<\/p><\/div>\n<\/p><\/div>\n<\/p><\/div>\n<\/div><\/div>\n<\/p><\/div>\n<\/p><\/div>\n<\/p><\/div>\n<\/p><\/div>\n<\/p><\/div>\n<div class=\"row justify-content-md-center mt-3\">\n<div class=\"col-lg-auto col-image block-news-main-image\">\n<p>                                <img decoding=\"async\" src=\"https:\/\/www.agrolink.com.br\/upload\/imagens-resizes\/8b0d6c482eee42a09eb5a234b86b4d1b_858x483.jpg\" class=\"lazyload img-fluid\"\/><br \/>\n                                                <span class=\"publicity-photo d-block mt-1\">Foto: Pixabay<\/span><\/p><\/div>\n<\/p><\/div>\n<div class=\"section-description section-description-noticias mt-3\">\n<p style=\"text-align:justify\">De acordo com o Informativo Conjuntural divulgado pela Emater\/RS-Ascar na quinta-feira (30), a colheita do <a href=\"https:\/\/www.agrolink.com.br\/culturas\/trigo\/?utm_source=agrolink-detalhe-noticia&amp;utm_medium=detalhe-noticia&amp;utm_campaign=links-internos\" target=\"_blank\" rel=\"noopener\">trigo<\/a> avan\u00e7ou de forma acelerada em todas as regi\u00f5es produtoras do Rio Grande do Sul. O relat\u00f3rio aponta que \u201ca predomin\u00e2ncia de condi\u00e7\u00f5es meteorol\u00f3gicas secas e ventos constantes favoreceu a redu\u00e7\u00e3o da umidade dos gr\u00e3os, a trilha e o desempenho das m\u00e1quinas no campo\u201d.&#13;\n<\/p>\n<p style=\"text-align:justify\">Segundo a Emater\/RS-Ascar, aproximadamente 27% da \u00e1rea cultivada j\u00e1 foi colhida, enquanto 42% das lavouras est\u00e3o em matura\u00e7\u00e3o, 28% em enchimento de gr\u00e3os e 3% em flora\u00e7\u00e3o. As produtividades variam entre 2.100 e 4.200 quilos por hectare, de acordo com o regime de chuvas, o n\u00edvel tecnol\u00f3gico e o manejo adotado.<\/p>\n<p style=\"text-align:justify\">O informativo destaca que, de modo geral, \u201ca cultura apresenta bom desempenho, especialmente nas \u00e1reas implantadas dentro do per\u00edodo de zoneamento e onde as plantas mantiveram a sanidade\u201d. A baixa incid\u00eancia de doen\u00e7as f\u00fangicas \u00e9 atribu\u00edda tanto ao manejo adequado quanto \u00e0s condi\u00e7\u00f5es ambientais desfavor\u00e1veis \u00e0 dissemina\u00e7\u00e3o de pat\u00f3genos.&#13;\n<\/p>\n<p style=\"text-align:justify\">Nas lavouras em matura\u00e7\u00e3o, a qualidade dos gr\u00e3os \u00e9 considerada satisfat\u00f3ria, com peso hectolitro (PH) variando entre 78 e 84 pontos, dentro do padr\u00e3o comercial. No entanto, a Emater\/RS-Ascar observa que \u201ca ocorr\u00eancia de chuvas excessivas em algumas localidades tem provocado redu\u00e7\u00e3o pontual no rendimento e no PH, especialmente onde a colheita foi retardada\u201d.<\/p>\n<p style=\"text-align:justify\">O levantamento tamb\u00e9m aponta heterogeneidade entre talh\u00f5es, com produtividades mais elevadas em \u00e1reas de maior investimento e redu\u00e7\u00e3o em cultivos que utilizaram menos insumos, produtos de menor qualidade ou sementes n\u00e3o certificadas.<\/p>\n<p style=\"text-align:justify\">A \u00e1rea total cultivada com trigo no Estado \u00e9 estimada em 1.141.224 hectares, com produtividade m\u00e9dia de 3.261 quilos por hectare. Em rela\u00e7\u00e3o \u00e0 comercializa\u00e7\u00e3o, o pre\u00e7o m\u00e9dio da saca de 60 quilos apresentou queda de 2,29% na compara\u00e7\u00e3o semanal, passando de R$ 61,50 para R$ 60,09.&#13;\n<\/p>\n<\/p><\/div>\n<\/p><\/div>\n<p><script data-cfasync=\"false\">\n    !function (f, b, e, v, n, t, s) {\n        if (f.fbq) return; n = f.fbq = function () {\n            n.callMethod ?\n                n.callMethod.apply(n, arguments) : n.queue.push(arguments)\n        };\n        if (!f._fbq) f._fbq = n; n.push = n; n.loaded = !0; n.version = '2.0';\n        n.queue = []; t = b.createElement(e); t.async = !0;\n        t.src = v; s = b.getElementsByTagName(e)[0];\n        s.parentNode.insertBefore(t, s)\n    }(window, document, 'script',\n        'https:\/\/connect.facebook.net\/en_US\/fbevents.js');\n    fbq('init', '522546078623747');\n    fbq('track', 'PageView');\n<\/script><br \/>\n<br \/><br \/>\n<br \/><a href=\"https:\/\/www.agrolink.com.br\/noticias\/trigo-mantem-boa-qualidade--mas-preco-tem-leve-queda_507644.html\">Source link <\/a><\/p>\n","protected":false},"excerpt":{"rendered":"<p>&#13; Lavouras de trigo mant\u00eam sanidade e bom desempenho&#13; &#13; &#13; &#13; Agrolink&#13; &#13; &#8211; Seane Lennon&#13; &#13; Publicado em<\/p>\n","protected":false},"author":1,"featured_media":3963,"comment_status":"open","ping_status":"open","sticky":false,"template":"","format":"standard","meta":{"_monsterinsights_skip_tracking":false,"_monsterinsights_sitenote_active":false,"_monsterinsights_sitenote_note":"","_monsterinsights_sitenote_category":0,"_uf_show_specific_survey":0,"_uf_disable_surveys":false,"footnotes":""},"categories":[8,1,14],"tags":[],"class_list":["post-23417","post","type-post","status-publish","format-standard","has-post-thumbnail","hentry","category-agro","category-news","category-politica-agro"],"_links":{"self":[{"href":"https:\/\/agromt.news\/index.php?rest_route=\/wp\/v2\/posts\/23417"}],"collection":[{"href":"https:\/\/agromt.news\/index.php?rest_route=\/wp\/v2\/posts"}],"about":[{"href":"https:\/\/agromt.news\/index.php?rest_route=\/wp\/v2\/types\/post"}],"author":[{"embeddable":true,"href":"https:\/\/agromt.news\/index.php?rest_route=\/wp\/v2\/users\/1"}],"replies":[{"embeddable":true,"href":"https:\/\/agromt.news\/index.php?rest_route=%2Fwp%2Fv2%2Fcomments&post=23417"}],"version-history":[{"count":0,"href":"https:\/\/agromt.news\/index.php?rest_route=\/wp\/v2\/posts\/23417\/revisions"}],"wp:featuredmedia":[{"embeddable":true,"href":"https:\/\/agromt.news\/index.php?rest_route=\/wp\/v2\/media\/3963"}],"wp:attachment":[{"href":"https:\/\/agromt.news\/index.php?rest_route=%2Fwp%2Fv2%2Fmedia&parent=23417"}],"wp:term":[{"taxonomy":"category","embeddable":true,"href":"https:\/\/agromt.news\/index.php?rest_route=%2Fwp%2Fv2%2Fcategories&post=23417"},{"taxonomy":"post_tag","embeddable":true,"href":"https:\/\/agromt.news\/index.php?rest_route=%2Fwp%2Fv2%2Ftags&post=23417"}],"curies":[{"name":"wp","href":"https:\/\/api.w.org\/{rel}","templated":true}]}}