{"id":23415,"date":"2025-11-04T11:07:21","date_gmt":"2025-11-04T15:07:21","guid":{"rendered":"https:\/\/agromt.news\/?p=23415"},"modified":"2025-11-04T11:07:21","modified_gmt":"2025-11-04T15:07:21","slug":"precos-do-acucar-reagem-no-encerramento-de-outubro","status":"publish","type":"post","link":"https:\/\/agromt.news\/?p=23415","title":{"rendered":"Pre\u00e7os do a\u00e7\u00facar reagem no encerramento de outubro"},"content":{"rendered":"<p> <br \/>\n<br \/><img decoding=\"async\" src=\"https:\/\/agromt.news\/wp-content\/uploads\/2024\/10\/cresce-vantagem-do-preco-domestico-sobre-exportacao.png\" \/><\/p>\n<div>\n<p>Os pre\u00e7os m\u00e9dios do a\u00e7\u00facar cristal branco negociado no mercado spot de S\u00e3o Paulo reagiram no encerramento da \u00faltima semana de outubro. Isso \u00e9 o que apontam os levantamentos do <a href=\"https:\/\/www.canalrural.com.br\/tag\/cepea\/\">Centro De Estudos Avan\u00e7ados em Economia Aplicada (Cepea).<\/a><\/p>\n<p>Segundo o instituto, o Indicador Cepea\/Esalq (cor Icumsa de 130 a 180) chegou a operar na casa dos R$ 111,00 por saca de 50 kg na segunda-feira, 27, o menor patamar nominal desde abril de 2021, mas, na sexta-feira 31, subiu para R$ 113,65\/sc.<\/p>\n<p>Pesquisadores explicam que a recupera\u00e7\u00e3o foi impulsionada pela maior concentra\u00e7\u00e3o das negocia\u00e7\u00f5es envolvendo o a\u00e7\u00facar cristal de melhor qualidade, o Icumsa 150. Usinas seguiram firmes nas posi\u00e7\u00f5es de venda, apoiadas na restri\u00e7\u00e3o de oferta \u2013 boa parte dessa qualidade tem sido direcionada ao mercado externo ao longo desta safra (2025\/26).<\/p>\n<p>J\u00e1 para o tipo cristal Icumsa 180, algumas usinas adotaram uma postura mais flex\u00edvel, buscando escoar estoques e garantir vendas nos pre\u00e7os vigentes. De modo geral, houve press\u00e3o de compradores por valores mais baixos, o que reduziu a liquidez, conforme levantamento do Cepea.<\/p>\n<p><em>*Sob supervis\u00e3o de Luis Roberto Toledo<\/em><\/p>\n<\/p><\/div>\n<p><br \/>\n<br \/><a href=\"https:\/\/www.canalrural.com.br\/agricultura\/precos-do-acucar-reagem-no-encerramento-de-outubro\/\">Source link <\/a><\/p>\n","protected":false},"excerpt":{"rendered":"<p>Os pre\u00e7os m\u00e9dios do a\u00e7\u00facar cristal branco negociado no mercado spot de S\u00e3o Paulo reagiram no encerramento da \u00faltima semana<\/p>\n","protected":false},"author":1,"featured_media":4156,"comment_status":"open","ping_status":"open","sticky":false,"template":"","format":"standard","meta":{"_monsterinsights_skip_tracking":false,"_monsterinsights_sitenote_active":false,"_monsterinsights_sitenote_note":"","_monsterinsights_sitenote_category":0,"_uf_show_specific_survey":0,"_uf_disable_surveys":false,"footnotes":""},"categories":[1],"tags":[],"class_list":["post-23415","post","type-post","status-publish","format-standard","has-post-thumbnail","hentry","category-news"],"_links":{"self":[{"href":"https:\/\/agromt.news\/index.php?rest_route=\/wp\/v2\/posts\/23415"}],"collection":[{"href":"https:\/\/agromt.news\/index.php?rest_route=\/wp\/v2\/posts"}],"about":[{"href":"https:\/\/agromt.news\/index.php?rest_route=\/wp\/v2\/types\/post"}],"author":[{"embeddable":true,"href":"https:\/\/agromt.news\/index.php?rest_route=\/wp\/v2\/users\/1"}],"replies":[{"embeddable":true,"href":"https:\/\/agromt.news\/index.php?rest_route=%2Fwp%2Fv2%2Fcomments&post=23415"}],"version-history":[{"count":0,"href":"https:\/\/agromt.news\/index.php?rest_route=\/wp\/v2\/posts\/23415\/revisions"}],"wp:featuredmedia":[{"embeddable":true,"href":"https:\/\/agromt.news\/index.php?rest_route=\/wp\/v2\/media\/4156"}],"wp:attachment":[{"href":"https:\/\/agromt.news\/index.php?rest_route=%2Fwp%2Fv2%2Fmedia&parent=23415"}],"wp:term":[{"taxonomy":"category","embeddable":true,"href":"https:\/\/agromt.news\/index.php?rest_route=%2Fwp%2Fv2%2Fcategories&post=23415"},{"taxonomy":"post_tag","embeddable":true,"href":"https:\/\/agromt.news\/index.php?rest_route=%2Fwp%2Fv2%2Ftags&post=23415"}],"curies":[{"name":"wp","href":"https:\/\/api.w.org\/{rel}","templated":true}]}}