{"id":23412,"date":"2025-11-04T10:25:53","date_gmt":"2025-11-04T14:25:53","guid":{"rendered":"https:\/\/agromt.news\/?p=23412"},"modified":"2025-11-04T10:25:53","modified_gmt":"2025-11-04T14:25:53","slug":"plano-clima-da-agricultura-sera-debatido-apos-a-cop30","status":"publish","type":"post","link":"https:\/\/agromt.news\/?p=23412","title":{"rendered":"Plano Clima da agricultura ser\u00e1 debatido ap\u00f3s a COP30"},"content":{"rendered":"<p> <br \/>\n<br \/><img decoding=\"async\" src=\"https:\/\/agromt.news\/wp-content\/uploads\/2025\/11\/Plano-Clima-da-agricultura-sera-debatido-apos-a-COP30.jpeg\" \/><\/p>\n<div>\n<p>O Plano Setorial de Agricultura e Pecu\u00e1ria no \u00e2mbito do Plano Clima ser\u00e1 discutido ap\u00f3s a 30\u00aa Confer\u00eancia das Na\u00e7\u00f5es Unidas sobre as Mudan\u00e7as Clim\u00e1ticas (<a href=\"https:\/\/www.canalrural.com.br\/cop30\/\">COP30<\/a>), informou o ministro da Agricultura, Carlos F\u00e1varo. <\/p>\n<p>\u201cO Minist\u00e9rio da Agricultura e o Minist\u00e9rio do Meio Ambiente chegaram a um bom termo, suspenderam a discuss\u00e3o para que ap\u00f3s a COP30 a gente volte a discutir o tema\u201d, afirmou F\u00e1varo. A declara\u00e7\u00e3o foi feita ap\u00f3s a abertura da Confer\u00eancia de Ministros da Agricultura das Am\u00e9ricas, evento que ocorre em Bras\u00edlia at\u00e9 esta quarta-feira (5).<\/p>\n<h3 class=\"wp-block-heading\" id=\"h-o-que-e-o-plano-clima\">O que \u00e9 o Plano Clima<\/h3>\n<p>O Plano Clima \u00e9 uma pol\u00edtica p\u00fablica que estabelece estrat\u00e9gias para o cumprimento das metas nacionais de redu\u00e7\u00e3o de emiss\u00f5es de gases de efeito estufa. Havia um impasse internamente no governo quanto ao plano setorial da agricultura, em virtude da metodologia de aloca\u00e7\u00e3o de emiss\u00f5es setoriais.<\/p>\n<p>Na proposta inicial apresentada pelo Minist\u00e9rio do Meio Ambiente e Mudan\u00e7a do Clima (<a href=\"https:\/\/www.canalrural.com.br\/tag\/mma\/\">MMA<\/a>) em consulta p\u00fablica as emiss\u00f5es de gases ligados ao efeito estufa provenientes do desmatamento em propriedades rurais, \u00e1reas quilombolas e assentamentos da reforma agr\u00e1ria foram alocadas nas emiss\u00f5es setoriais da agropecu\u00e1ria. Com isso, o setor passa de segundo para primeiro principal emissor de gases poluentes no pa\u00eds, respons\u00e1vel por 70% das emiss\u00f5es. <\/p>\n<p>A proposta desagradou ao agroneg\u00f3cio, que pediu a revis\u00e3o do Plano Clima setorial e o adiamento de sua apresenta\u00e7\u00e3o, o que foi apoiado pelo Minist\u00e9rio da Agricultura e Pecu\u00e1ria (<a href=\"https:\/\/www.canalrural.com.br\/tag\/mapa\/\">Mapa<\/a>). O setor alega que a gest\u00e3o do desmatamento \u00e9 de responsabilidade do governo. Tamb\u00e9m foram atribu\u00eddas ao setor agropecu\u00e1rio as emiss\u00f5es e remo\u00e7\u00f5es ligadas \u00e0 queima de combust\u00edveis f\u00f3sseis.<\/p>\n<p>A <i>Broadcast<\/i> apurou que a media\u00e7\u00e3o do impasse entre MMA e Agricultura quanto ao Plano Clima chegou at\u00e9 o presidente Luiz In\u00e1cio Lula da Silva. O MMA revisou a aloca\u00e7\u00e3o das emiss\u00f5es ligadas ao desmatamento, mas a vers\u00e3o final ser\u00e1 reapresentada somente ap\u00f3s a COP. Com a nova vers\u00e3o, o balan\u00e7o de emiss\u00f5es do setor passa de 1,4 bilh\u00e3o de toneladas de CO2 equivalente na vers\u00e3o da consulta p\u00fablica para 9300 MtCO2e, de acordo com fontes.<\/p>\n<\/p><\/div>\n<p><br \/>\n<br \/><a href=\"https:\/\/www.canalrural.com.br\/cop30\/favaro-plano-clima-setorial-da-agricultura-sera-discutido-apos-a-cop30\/\">Source link <\/a><\/p>\n","protected":false},"excerpt":{"rendered":"<p>O Plano Setorial de Agricultura e Pecu\u00e1ria no \u00e2mbito do Plano Clima ser\u00e1 discutido ap\u00f3s a 30\u00aa Confer\u00eancia das Na\u00e7\u00f5es<\/p>\n","protected":false},"author":1,"featured_media":23413,"comment_status":"open","ping_status":"open","sticky":false,"template":"","format":"standard","meta":{"_monsterinsights_skip_tracking":false,"_monsterinsights_sitenote_active":false,"_monsterinsights_sitenote_note":"","_monsterinsights_sitenote_category":0,"_uf_show_specific_survey":0,"_uf_disable_surveys":false,"footnotes":""},"categories":[1],"tags":[],"class_list":["post-23412","post","type-post","status-publish","format-standard","has-post-thumbnail","hentry","category-news"],"_links":{"self":[{"href":"https:\/\/agromt.news\/index.php?rest_route=\/wp\/v2\/posts\/23412"}],"collection":[{"href":"https:\/\/agromt.news\/index.php?rest_route=\/wp\/v2\/posts"}],"about":[{"href":"https:\/\/agromt.news\/index.php?rest_route=\/wp\/v2\/types\/post"}],"author":[{"embeddable":true,"href":"https:\/\/agromt.news\/index.php?rest_route=\/wp\/v2\/users\/1"}],"replies":[{"embeddable":true,"href":"https:\/\/agromt.news\/index.php?rest_route=%2Fwp%2Fv2%2Fcomments&post=23412"}],"version-history":[{"count":0,"href":"https:\/\/agromt.news\/index.php?rest_route=\/wp\/v2\/posts\/23412\/revisions"}],"wp:featuredmedia":[{"embeddable":true,"href":"https:\/\/agromt.news\/index.php?rest_route=\/wp\/v2\/media\/23413"}],"wp:attachment":[{"href":"https:\/\/agromt.news\/index.php?rest_route=%2Fwp%2Fv2%2Fmedia&parent=23412"}],"wp:term":[{"taxonomy":"category","embeddable":true,"href":"https:\/\/agromt.news\/index.php?rest_route=%2Fwp%2Fv2%2Fcategories&post=23412"},{"taxonomy":"post_tag","embeddable":true,"href":"https:\/\/agromt.news\/index.php?rest_route=%2Fwp%2Fv2%2Ftags&post=23412"}],"curies":[{"name":"wp","href":"https:\/\/api.w.org\/{rel}","templated":true}]}}