{"id":23223,"date":"2025-10-31T09:35:09","date_gmt":"2025-10-31T13:35:09","guid":{"rendered":"https:\/\/agromt.news\/?p=23223"},"modified":"2025-10-31T09:35:09","modified_gmt":"2025-10-31T13:35:09","slug":"apesar-de-tarifaco-exportacoes-brasileiras-de-frutas-crescem-30-no-3o-trimestre","status":"publish","type":"post","link":"https:\/\/agromt.news\/?p=23223","title":{"rendered":"Apesar de tarifa\u00e7o, exporta\u00e7\u00f5es brasileiras de frutas crescem 30% no 3\u00ba trimestre"},"content":{"rendered":"<p> <br \/>\n<br \/><img decoding=\"async\" src=\"https:\/\/agromt.news\/wp-content\/uploads\/2025\/07\/Tarifaco-de-Trump-coloca-em-risco-principal-polo-exportador-de.jpg\" \/><\/p>\n<div>\n<p>O terceiro trimestre foi positivo para o setor de frutas: foram 290,6 mil toneladas embarcadas, um crescimento de 30,2% frente ao mesmo per\u00edodo de 2024. Em receita, as exporta\u00e7\u00f5es alcan\u00e7aram US$ 323,6 milh\u00f5es, alta de 16,3%. No acumulado do ano, o com\u00e9rcio internacional de frutas j\u00e1 soma US$ 909,8 milh\u00f5es e 836,9 mil toneladas.<\/p>\n<p>Os dados s\u00e3o da Associa\u00e7\u00e3o Brasileira dos Produtores e Exportadores de Frutas (<a href=\"https:\/\/www.canalrural.com.br\/tag\/abrafrutas\/\">Abrafrutas<\/a>) e mostram a resili\u00eancia dos produtores. Isso porque o an\u00fancio do chamado \u201ctarifa\u00e7o\u201d imposto pelos Estados Unidos, no in\u00edcio do semestre, trouxe v\u00e1rias incertezas aos produtores brasileiros.<\/p>\n<p>\u201cOs n\u00fameros alcan\u00e7ados s\u00e3o o reflexo direto desse esfor\u00e7o coletivo, que une produtores, exportadores e institui\u00e7\u00f5es em torno de um mesmo prop\u00f3sito: mostrar ao mundo a for\u00e7a e a excel\u00eancia da fruticultura brasileira\u201d, afirma Guilherme Coelho, presidente da Abrafrutas.<\/p>\n<h3 class=\"wp-block-heading\" id=\"h-adaptacao-de-mercado\">Adapta\u00e7\u00e3o de mercado<\/h3>\n<p>Na avalia\u00e7\u00e3o da Abrafrutas, o resultado obtido no terceiro trimestre refor\u00e7a que o setor reagiu ao tarifa\u00e7o com maturidade, planejamento e negocia\u00e7\u00e3o. \u201cO trabalho vai muito al\u00e9m da porteira, envolve planejamento, qualifica\u00e7\u00e3o, parcerias e uma vis\u00e3o cada vez mais global\u201d, afirma Coelho.<\/p>\n<p>Al\u00e9m disso, o desempenho positivo tamb\u00e9m reflete a promo\u00e7\u00e3o das frutas brasileiras por meio de feiras internacionais. Em 2025, a Abrafrutas participou de diversos eventos estrat\u00e9gicos, como a <em>Fruit Logistica<\/em> na Alemanha, a <em>Fruit Attraction<\/em> em S\u00e3o Paulo e Madrid, e a <em>Asia Fruit Logistica<\/em> em Hong Kong.<\/p>\n<h3 class=\"wp-block-heading\" id=\"h-dialogo-para-amenizar-tarifaco-continua\">Di\u00e1logo para amenizar tarifa\u00e7o continua<\/h3>\n<p>Em declara\u00e7\u00e3o ao <em>Canal Rural<\/em>, o presidente da Abrafrutas afirmou que est\u00e1 otimista em rela\u00e7\u00e3o aos avan\u00e7os entre Brasil e Estados Unidos. Neste sentido, o di\u00e1logo do setor com as autoridades norte-americanas continua. \u201cSeguimos na busca por solu\u00e7\u00f5es diplom\u00e1ticas e comerciais que possam reverter ou amenizar as medidas impostas\u201d diz.<\/p>\n<p>Somado a isso, os Estados Unidos demonstraram compreender a necessidade de continuar adquirindo as frutas brasileiras. Segundo Coelho, houve negocia\u00e7\u00f5es que permitiram equilibrar perdas e ganhos de ambos os lados, especialmente com os envios que j\u00e1 estavam programados para aquele mercado.<\/p>\n<p>Apesar do otimismo com o di\u00e1logo aberto, a Abrafrutas segue atenta ao comportamento do mercado nos pr\u00f3ximos meses, principalmente quanto \u00e0 rea\u00e7\u00e3o do consumidor final diante de produtos que t\u00eam chegado \u00e0s prateleiras com pre\u00e7os um pouco mais elevados.<\/p>\n<\/p><\/div>\n<p><br \/>\n<br \/><a href=\"https:\/\/www.canalrural.com.br\/agricultura\/agronegocio\/apesar-de-tarifaco-exportacoes-brasileiras-de-frutas-avancam-30-no-3o-trimestre\/\">Source link <\/a><\/p>\n","protected":false},"excerpt":{"rendered":"<p>O terceiro trimestre foi positivo para o setor de frutas: foram 290,6 mil toneladas embarcadas, um crescimento de 30,2% frente<\/p>\n","protected":false},"author":1,"featured_media":16988,"comment_status":"open","ping_status":"open","sticky":false,"template":"","format":"standard","meta":{"_monsterinsights_skip_tracking":false,"_monsterinsights_sitenote_active":false,"_monsterinsights_sitenote_note":"","_monsterinsights_sitenote_category":0,"_uf_show_specific_survey":0,"_uf_disable_surveys":false,"footnotes":""},"categories":[1],"tags":[],"class_list":["post-23223","post","type-post","status-publish","format-standard","has-post-thumbnail","hentry","category-news"],"_links":{"self":[{"href":"https:\/\/agromt.news\/index.php?rest_route=\/wp\/v2\/posts\/23223"}],"collection":[{"href":"https:\/\/agromt.news\/index.php?rest_route=\/wp\/v2\/posts"}],"about":[{"href":"https:\/\/agromt.news\/index.php?rest_route=\/wp\/v2\/types\/post"}],"author":[{"embeddable":true,"href":"https:\/\/agromt.news\/index.php?rest_route=\/wp\/v2\/users\/1"}],"replies":[{"embeddable":true,"href":"https:\/\/agromt.news\/index.php?rest_route=%2Fwp%2Fv2%2Fcomments&post=23223"}],"version-history":[{"count":0,"href":"https:\/\/agromt.news\/index.php?rest_route=\/wp\/v2\/posts\/23223\/revisions"}],"wp:featuredmedia":[{"embeddable":true,"href":"https:\/\/agromt.news\/index.php?rest_route=\/wp\/v2\/media\/16988"}],"wp:attachment":[{"href":"https:\/\/agromt.news\/index.php?rest_route=%2Fwp%2Fv2%2Fmedia&parent=23223"}],"wp:term":[{"taxonomy":"category","embeddable":true,"href":"https:\/\/agromt.news\/index.php?rest_route=%2Fwp%2Fv2%2Fcategories&post=23223"},{"taxonomy":"post_tag","embeddable":true,"href":"https:\/\/agromt.news\/index.php?rest_route=%2Fwp%2Fv2%2Ftags&post=23223"}],"curies":[{"name":"wp","href":"https:\/\/api.w.org\/{rel}","templated":true}]}}