{"id":23220,"date":"2025-10-31T09:04:48","date_gmt":"2025-10-31T13:04:48","guid":{"rendered":"https:\/\/agromt.news\/?p=23220"},"modified":"2025-10-31T09:04:48","modified_gmt":"2025-10-31T13:04:48","slug":"brasil-cria-213-mil-empregos-formais-em-setembro","status":"publish","type":"post","link":"https:\/\/agromt.news\/?p=23220","title":{"rendered":"Brasil cria 213 mil empregos formais em setembro"},"content":{"rendered":"<p> <br \/>\n<br \/><img decoding=\"async\" src=\"https:\/\/agromt.news\/wp-content\/uploads\/2025\/07\/Brasil-registra-taxa-de-desemprego-de-58-segundo-IBGE.jpg\" \/><\/p>\n<div>\n<p>O Brasil abriu 213 mil postos de trabalho com carteira assinada em setembro, segundo dados do Cadastro Geral de Empregados e Desempregados (<a href=\"https:\/\/www.canalrural.com.br\/tag\/caged\/\">Caged<\/a>), divulgados nesta quinta-feira (30) pelo Minist\u00e9rio do Trabalho e Emprego. O resultado representa alta frente a agosto, quando haviam sido criadas 147 mil vagas, mas queda de 15,6% em rela\u00e7\u00e3o a setembro de 2024, quando o saldo foi de 252 mil empregos.<\/p>\n<p>Mesmo com a desacelera\u00e7\u00e3o, o n\u00famero ainda supera o de setembro de 2023, quando o pa\u00eds registrou a cria\u00e7\u00e3o de 204 mil postos formais. Segundo o governo, o resultado reflete os efeitos da atividade econ\u00f4mica mais moderada e dos juros ainda elevados, que reduzem o ritmo das contrata\u00e7\u00f5es.<\/p>\n<h3 class=\"wp-block-heading\" id=\"h-geracao-de-empregos-por-setor\">Gera\u00e7\u00e3o de empregos por setor<\/h3>\n<p>Todos os cinco grandes setores da economia registraram saldo positivo em setembro. O destaque ficou com o setor de servi\u00e7os, que abriu mais de 106 mil vagas, impulsionado pelas \u00e1reas de informa\u00e7\u00e3o, comunica\u00e7\u00e3o, finan\u00e7as, educa\u00e7\u00e3o e sa\u00fade.<\/p>\n<p>A ind\u00fastria criou 43 mil postos de trabalho, puxada principalmente pela ind\u00fastria de transforma\u00e7\u00e3o, respons\u00e1vel por quase 40 mil dessas vagas. No com\u00e9rcio, foram abertas 36 mil posi\u00e7\u00f5es, enquanto a constru\u00e7\u00e3o civil somou 23 mil e a agropecu\u00e1ria, pouco mais de 3 mil.<\/p>\n<p>Especialistas avaliam que a sustenta\u00e7\u00e3o do emprego em servi\u00e7os e constru\u00e7\u00e3o demonstra resili\u00eancia em atividades ligadas ao consumo e \u00e0 infraestrutura, embora o ritmo mais lento de expans\u00e3o sinalize cautela nas contrata\u00e7\u00f5es para o fim do ano.<\/p>\n<h3 class=\"wp-block-heading\" id=\"h-regioes-que-concentram-a-maior-parte-das-vagas\">Regi\u00f5es que concentram a maior parte das vagas<\/h3>\n<p>Todas as cinco regi\u00f5es do pa\u00eds apresentaram saldo positivo em setembro. O Sudeste liderou a gera\u00e7\u00e3o de empregos, com 80,6 mil novas vagas, seguido pelo Nordeste, com 72,3 mil, e pelo Sul, com 27,3 mil.<\/p>\n<p>Entre os estados, S\u00e3o Paulo foi o destaque, com 49 mil postos formais criados, \u00e0 frente do Rio de Janeiro (16 mil) e de Pernambuco (15,6 mil). No outro extremo, Roraima, Amap\u00e1 e Acre registraram os menores saldos, todos abaixo de mil vagas.<\/p>\n<p>De janeiro a setembro, o Caged contabiliza 1,7 milh\u00e3o de empregos com carteira assinada. No mesmo per\u00edodo de 2024, o saldo havia sido de quase 2 milh\u00f5es, o que confirma a perda de f\u00f4lego do mercado de trabalho em 2025.<\/p>\n<\/p><\/div>\n<p><br \/>\n<br \/><a href=\"https:\/\/www.canalrural.com.br\/economia\/caged-brasil-cria-213-mil-empregos-formais-em-setembro\/\">Source link <\/a><\/p>\n","protected":false},"excerpt":{"rendered":"<p>O Brasil abriu 213 mil postos de trabalho com carteira assinada em setembro, segundo dados do Cadastro Geral de Empregados<\/p>\n","protected":false},"author":1,"featured_media":17783,"comment_status":"open","ping_status":"open","sticky":false,"template":"","format":"standard","meta":{"_monsterinsights_skip_tracking":false,"_monsterinsights_sitenote_active":false,"_monsterinsights_sitenote_note":"","_monsterinsights_sitenote_category":0,"_uf_show_specific_survey":0,"_uf_disable_surveys":false,"footnotes":""},"categories":[1],"tags":[],"class_list":["post-23220","post","type-post","status-publish","format-standard","has-post-thumbnail","hentry","category-news"],"_links":{"self":[{"href":"https:\/\/agromt.news\/index.php?rest_route=\/wp\/v2\/posts\/23220"}],"collection":[{"href":"https:\/\/agromt.news\/index.php?rest_route=\/wp\/v2\/posts"}],"about":[{"href":"https:\/\/agromt.news\/index.php?rest_route=\/wp\/v2\/types\/post"}],"author":[{"embeddable":true,"href":"https:\/\/agromt.news\/index.php?rest_route=\/wp\/v2\/users\/1"}],"replies":[{"embeddable":true,"href":"https:\/\/agromt.news\/index.php?rest_route=%2Fwp%2Fv2%2Fcomments&post=23220"}],"version-history":[{"count":0,"href":"https:\/\/agromt.news\/index.php?rest_route=\/wp\/v2\/posts\/23220\/revisions"}],"wp:featuredmedia":[{"embeddable":true,"href":"https:\/\/agromt.news\/index.php?rest_route=\/wp\/v2\/media\/17783"}],"wp:attachment":[{"href":"https:\/\/agromt.news\/index.php?rest_route=%2Fwp%2Fv2%2Fmedia&parent=23220"}],"wp:term":[{"taxonomy":"category","embeddable":true,"href":"https:\/\/agromt.news\/index.php?rest_route=%2Fwp%2Fv2%2Fcategories&post=23220"},{"taxonomy":"post_tag","embeddable":true,"href":"https:\/\/agromt.news\/index.php?rest_route=%2Fwp%2Fv2%2Ftags&post=23220"}],"curies":[{"name":"wp","href":"https:\/\/api.w.org\/{rel}","templated":true}]}}