{"id":23212,"date":"2025-10-31T02:51:52","date_gmt":"2025-10-31T06:51:52","guid":{"rendered":"https:\/\/agromt.news\/?p=23212"},"modified":"2025-10-31T02:51:52","modified_gmt":"2025-10-31T06:51:52","slug":"industria-de-maquinas-cresce-11-em-setembro","status":"publish","type":"post","link":"https:\/\/agromt.news\/?p=23212","title":{"rendered":"Ind\u00fastria de m\u00e1quinas cresce 11% em setembro"},"content":{"rendered":"<p> <br \/>\n<\/p>\n<div>\n<p style=\"text-align:justify\">O desempenho da ind\u00fastria brasileira de m\u00e1quinas e equipamentos apresentou sinais de recupera\u00e7\u00e3o em setembro de 2025, ap\u00f3s a retra\u00e7\u00e3o de 5,1% registrada em agosto. Segundo dados divulgados nesta quarta-feira (29) pela Associa\u00e7\u00e3o Brasileira da Ind\u00fastria de M\u00e1quinas e Equipamentos (Abimaq), o m\u00eas foi marcado por melhora nas receitas l\u00edquidas de diversos segmentos, tanto no mercado interno quanto nas exporta\u00e7\u00f5es.&#13;\n<\/p>\n<p style=\"text-align:justify\">A receita l\u00edquida de vendas do setor atingiu R$ 27,2 bilh\u00f5es, alta de 11,2% em rela\u00e7\u00e3o a setembro de 2024. No acumulado do ano, entre janeiro e setembro, o crescimento foi de 10,8%, mantendo estabilidade em rela\u00e7\u00e3o ao resultado at\u00e9 agosto (10,7%). No mercado dom\u00e9stico, as vendas somaram R$ 20 bilh\u00f5es, avan\u00e7o de 18,2% sobre setembro de 2024 e de 1,4% frente a agosto de 2025.<\/p>\n<p style=\"text-align:justify\">De acordo com a Abimaq, o desempenho superou as expectativas, embora o cen\u00e1rio econ\u00f4mico continue afetado pela pol\u00edtica monet\u00e1ria contracionista, com a taxa b\u00e1sica de juros em 15% ao ano, o maior n\u00edvel desde julho de 2006.<\/p>\n<p style=\"text-align:justify\">O consumo aparente nacional de m\u00e1quinas e equipamentos tamb\u00e9m cresceu, totalizando R$ 35,6 bilh\u00f5es \u2014 alta de 9,6% em rela\u00e7\u00e3o a setembro de 2024 e de 3,7% sobre agosto de 2025 (ou 10,6% com ajuste sazonal). O avan\u00e7o compensou parte das perdas do m\u00eas anterior (-14,9%) e refletiu maior dinamismo nas compras internas de bens produzidos no pa\u00eds.<\/p>\n<p style=\"text-align:justify\">As exporta\u00e7\u00f5es alcan\u00e7aram US$ 1,325 bilh\u00e3o, aumento de 5,1% em rela\u00e7\u00e3o a agosto e de 1,8% frente a setembro de 2024. No acumulado do ano, o setor manteve o mesmo patamar de 2024, mesmo com a queda de 2,2% nos pre\u00e7os internacionais e a redu\u00e7\u00e3o de 8,2% nas compras dos Estados Unidos. Segundo a Abimaq, o crescimento no volume f\u00edsico exportado (2,8%) e o aumento nas vendas para a Am\u00e9rica do Sul (18,5%) compensaram as perdas no mercado norte-americano.&#13;\n<\/p>\n<p style=\"text-align:justify\">No caso dos Estados Unidos, as aquisi\u00e7\u00f5es de m\u00e1quinas e equipamentos brasileiros recuaram 10% em rela\u00e7\u00e3o a agosto de 2025 e 13,1% na compara\u00e7\u00e3o com setembro de 2024. O comportamento entre os segmentos foi desigual. Houve quedas expressivas nas exporta\u00e7\u00f5es de componentes (-28,9%), m\u00e1quinas agr\u00edcolas (-20,6%), m\u00e1quinas para a ind\u00fastria de transforma\u00e7\u00e3o (-18,5%) e m\u00e1quinas para infraestrutura (-14,8%).<\/p>\n<p style=\"text-align:justify\">O \u00fanico grupo setorial com desempenho positivo foi o de m\u00e1quinas para constru\u00e7\u00e3o civil, que registrou alta de 5,4% nas exporta\u00e7\u00f5es.<\/p>\n<p style=\"text-align:justify\">As importa\u00e7\u00f5es totalizaram US$ 2,783 bilh\u00f5es em setembro, crescimento de 8,1% em rela\u00e7\u00e3o a agosto e de 8,4% na compara\u00e7\u00e3o com setembro de 2024. No acumulado do ano, somaram US$ 23,97 bilh\u00f5es, o que representa aumento de 9% e o maior valor desde o in\u00edcio da s\u00e9rie hist\u00f3rica, em 1999.<\/p>\n<p style=\"text-align:justify\">Segundo a Abimaq, a redu\u00e7\u00e3o de 3% nos pre\u00e7os m\u00e9dios das m\u00e1quinas importadas contribuiu para o aumento do volume f\u00edsico adquirido (+11,9%), apesar das dificuldades de competitividade enfrentadas pelo setor nacional.<\/p>\n<p style=\"text-align:justify\">Com esses resultados, o saldo da balan\u00e7a comercial de m\u00e1quinas e equipamentos apresentou d\u00e9ficit de US$ 14,3 bilh\u00f5es entre janeiro e setembro de 2025, crescimento de 15,8% em rela\u00e7\u00e3o ao mesmo per\u00edodo do ano anterior.<\/p>\n<p style=\"text-align:justify\">A entidade destacou que, ap\u00f3s a expans\u00e3o de 15,1% no primeiro semestre, o ritmo de crescimento perdeu for\u00e7a no terceiro trimestre, refletindo os efeitos da pol\u00edtica monet\u00e1ria restritiva. \u201cA resili\u00eancia de segmentos menos sens\u00edveis \u00e0s taxas de juros, como a ind\u00fastria extrativa, a infraestrutura e os setores exportadores, mitigou parcialmente os impactos da restri\u00e7\u00e3o monet\u00e1ria sobre os investimentos produtivos\u201d, informou a Abimaq em nota.&#13;\n<\/p>\n<p style=\"text-align:justify\">No mercado externo, a associa\u00e7\u00e3o observou que as tarifas adicionais de 40% impostas pelos Estados Unidos sobre os produtos brasileiros tiveram impacto menor do que o previsto, o que levou \u00e0 revis\u00e3o positiva das proje\u00e7\u00f5es de exporta\u00e7\u00f5es e de receita total para o setor. A expectativa para o mercado dom\u00e9stico, no entanto, foi mantida.<\/p>\n<\/p><\/div>\n<p><script data-cfasync=\"false\">\n    !function (f, b, e, v, n, t, s) {\n        if (f.fbq) return; n = f.fbq = function () {\n            n.callMethod ?\n                n.callMethod.apply(n, arguments) : n.queue.push(arguments)\n        };\n        if (!f._fbq) f._fbq = n; n.push = n; n.loaded = !0; n.version = '2.0';\n        n.queue = []; t = b.createElement(e); t.async = !0;\n        t.src = v; s = b.getElementsByTagName(e)[0];\n        s.parentNode.insertBefore(t, s)\n    }(window, document, 'script',\n        'https:\/\/connect.facebook.net\/en_US\/fbevents.js');\n    fbq('init', '522546078623747');\n    fbq('track', 'PageView');\n<\/script><br \/>\n<br \/><br \/>\n<br \/><a href=\"https:\/\/www.agrolink.com.br\/noticias\/industria-de-maquinas-cresce-11--em-setembro_507507.html\">Source link <\/a><\/p>\n","protected":false},"excerpt":{"rendered":"<p>O desempenho da ind\u00fastria brasileira de m\u00e1quinas e equipamentos apresentou sinais de recupera\u00e7\u00e3o em setembro de 2025, ap\u00f3s a retra\u00e7\u00e3o<\/p>\n","protected":false},"author":1,"featured_media":1895,"comment_status":"open","ping_status":"open","sticky":false,"template":"","format":"standard","meta":{"_monsterinsights_skip_tracking":false,"_monsterinsights_sitenote_active":false,"_monsterinsights_sitenote_note":"","_monsterinsights_sitenote_category":0,"_uf_show_specific_survey":0,"_uf_disable_surveys":false,"footnotes":""},"categories":[8,1,14],"tags":[],"class_list":["post-23212","post","type-post","status-publish","format-standard","has-post-thumbnail","hentry","category-agro","category-news","category-politica-agro"],"_links":{"self":[{"href":"https:\/\/agromt.news\/index.php?rest_route=\/wp\/v2\/posts\/23212"}],"collection":[{"href":"https:\/\/agromt.news\/index.php?rest_route=\/wp\/v2\/posts"}],"about":[{"href":"https:\/\/agromt.news\/index.php?rest_route=\/wp\/v2\/types\/post"}],"author":[{"embeddable":true,"href":"https:\/\/agromt.news\/index.php?rest_route=\/wp\/v2\/users\/1"}],"replies":[{"embeddable":true,"href":"https:\/\/agromt.news\/index.php?rest_route=%2Fwp%2Fv2%2Fcomments&post=23212"}],"version-history":[{"count":0,"href":"https:\/\/agromt.news\/index.php?rest_route=\/wp\/v2\/posts\/23212\/revisions"}],"wp:featuredmedia":[{"embeddable":true,"href":"https:\/\/agromt.news\/index.php?rest_route=\/wp\/v2\/media\/1895"}],"wp:attachment":[{"href":"https:\/\/agromt.news\/index.php?rest_route=%2Fwp%2Fv2%2Fmedia&parent=23212"}],"wp:term":[{"taxonomy":"category","embeddable":true,"href":"https:\/\/agromt.news\/index.php?rest_route=%2Fwp%2Fv2%2Fcategories&post=23212"},{"taxonomy":"post_tag","embeddable":true,"href":"https:\/\/agromt.news\/index.php?rest_route=%2Fwp%2Fv2%2Ftags&post=23212"}],"curies":[{"name":"wp","href":"https:\/\/api.w.org\/{rel}","templated":true}]}}