{"id":23210,"date":"2025-10-30T22:52:26","date_gmt":"2025-10-31T02:52:26","guid":{"rendered":"https:\/\/agromt.news\/?p=23210"},"modified":"2025-10-30T22:52:26","modified_gmt":"2025-10-31T02:52:26","slug":"divida-publica-federal-cai-028-em-setembro","status":"publish","type":"post","link":"https:\/\/agromt.news\/?p=23210","title":{"rendered":"D\u00edvida P\u00fablica Federal cai 0,28% em setembro"},"content":{"rendered":"<p> <br \/>\n<\/p>\n<div>\n<p style=\"text-align:justify\">De acordo com a Ag\u00eancia Brasil, o vencimento de t\u00edtulos vinculados aos juros levou \u00e0 redu\u00e7\u00e3o da D\u00edvida P\u00fablica Federal (DPF) em setembro. Segundo dados divulgados nesta quinta-feira (29) pelo Tesouro Nacional, o montante passou de R$ 8,145 trilh\u00f5es em agosto para R$ 8,122 trilh\u00f5es no m\u00eas seguinte, uma queda de 0,28%.&#13;\n<\/p>\n<p style=\"text-align:justify\">Em setembro, o indicador havia superado pela primeira vez a marca de R$ 8 trilh\u00f5es. Conforme o Plano Anual de Financiamento (PAF), revisado no mesmo m\u00eas, a previs\u00e3o \u00e9 de que o estoque da DPF encerre 2025 entre R$ 8,5 trilh\u00f5es e R$ 8,8 trilh\u00f5es.<\/p>\n<p style=\"text-align:justify\">A D\u00edvida P\u00fablica Mobili\u00e1ria Interna (DPMFi) tamb\u00e9m registrou retra\u00e7\u00e3o de 0,31%, passando de R$ 7,845 trilh\u00f5es em agosto para R$ 7,82 trilh\u00f5es em setembro, informou o Tesouro \u00e0 Ag\u00eancia Brasil. No m\u00eas, o governo resgatou R$ 100,06 bilh\u00f5es em t\u00edtulos a mais do que emitiu, especialmente pap\u00e9is vinculados \u00e0 taxa Selic. Essa redu\u00e7\u00e3o foi parcialmente compensada pela apropria\u00e7\u00e3o de R$ 75,77 bilh\u00f5es em juros.<\/p>\n<p style=\"text-align:justify\">O Tesouro explicou que, por meio da apropria\u00e7\u00e3o de juros, o governo reconhece mensalmente a corre\u00e7\u00e3o dos rendimentos que incidem sobre os t\u00edtulos e incorpora o valor ao estoque da d\u00edvida. Com a Selic mantida em 15% ao ano, esse processo pressiona o n\u00edvel de endividamento p\u00fablico.&#13;\n<\/p>\n<p style=\"text-align:justify\">No m\u00eas de setembro, foram emitidos R$ 157,298 bilh\u00f5es em t\u00edtulos da DPMFi. Entretanto, os resgates superaram as emiss\u00f5es, somando R$ 257,354 bilh\u00f5es, segundo dados da Ag\u00eancia Brasil.<\/p>\n<p style=\"text-align:justify\">J\u00e1 a D\u00edvida P\u00fablica Federal Externa (DPFe) teve alta de 0,43%, passando de R$ 300,23 bilh\u00f5es em agosto para R$ 301,53 bilh\u00f5es em setembro. O principal fator para essa varia\u00e7\u00e3o foi a queda de 1,99% no d\u00f3lar durante o m\u00eas, ap\u00f3s a diminui\u00e7\u00e3o das tens\u00f5es geradas pelo tarifa\u00e7o implementado pelo ex-presidente Donald Trump, conforme observou o Tesouro Nacional.<\/p>\n<\/p><\/div>\n<p><script data-cfasync=\"false\">\n    !function (f, b, e, v, n, t, s) {\n        if (f.fbq) return; n = f.fbq = function () {\n            n.callMethod ?\n                n.callMethod.apply(n, arguments) : n.queue.push(arguments)\n        };\n        if (!f._fbq) f._fbq = n; n.push = n; n.loaded = !0; n.version = '2.0';\n        n.queue = []; t = b.createElement(e); t.async = !0;\n        t.src = v; s = b.getElementsByTagName(e)[0];\n        s.parentNode.insertBefore(t, s)\n    }(window, document, 'script',\n        'https:\/\/connect.facebook.net\/en_US\/fbevents.js');\n    fbq('init', '522546078623747');\n    fbq('track', 'PageView');\n<\/script><br \/>\n<br \/><br \/>\n<br \/><a href=\"https:\/\/www.agrolink.com.br\/noticias\/divida-publica-federal-cai-0-28--em-setembro_507510.html\">Source link <\/a><\/p>\n","protected":false},"excerpt":{"rendered":"<p>De acordo com a Ag\u00eancia Brasil, o vencimento de t\u00edtulos vinculados aos juros levou \u00e0 redu\u00e7\u00e3o da D\u00edvida P\u00fablica Federal<\/p>\n","protected":false},"author":1,"featured_media":1937,"comment_status":"open","ping_status":"open","sticky":false,"template":"","format":"standard","meta":{"_monsterinsights_skip_tracking":false,"_monsterinsights_sitenote_active":false,"_monsterinsights_sitenote_note":"","_monsterinsights_sitenote_category":0,"_uf_show_specific_survey":0,"_uf_disable_surveys":false,"footnotes":""},"categories":[8,1,14],"tags":[],"class_list":["post-23210","post","type-post","status-publish","format-standard","has-post-thumbnail","hentry","category-agro","category-news","category-politica-agro"],"_links":{"self":[{"href":"https:\/\/agromt.news\/index.php?rest_route=\/wp\/v2\/posts\/23210"}],"collection":[{"href":"https:\/\/agromt.news\/index.php?rest_route=\/wp\/v2\/posts"}],"about":[{"href":"https:\/\/agromt.news\/index.php?rest_route=\/wp\/v2\/types\/post"}],"author":[{"embeddable":true,"href":"https:\/\/agromt.news\/index.php?rest_route=\/wp\/v2\/users\/1"}],"replies":[{"embeddable":true,"href":"https:\/\/agromt.news\/index.php?rest_route=%2Fwp%2Fv2%2Fcomments&post=23210"}],"version-history":[{"count":0,"href":"https:\/\/agromt.news\/index.php?rest_route=\/wp\/v2\/posts\/23210\/revisions"}],"wp:featuredmedia":[{"embeddable":true,"href":"https:\/\/agromt.news\/index.php?rest_route=\/wp\/v2\/media\/1937"}],"wp:attachment":[{"href":"https:\/\/agromt.news\/index.php?rest_route=%2Fwp%2Fv2%2Fmedia&parent=23210"}],"wp:term":[{"taxonomy":"category","embeddable":true,"href":"https:\/\/agromt.news\/index.php?rest_route=%2Fwp%2Fv2%2Fcategories&post=23210"},{"taxonomy":"post_tag","embeddable":true,"href":"https:\/\/agromt.news\/index.php?rest_route=%2Fwp%2Fv2%2Ftags&post=23210"}],"curies":[{"name":"wp","href":"https:\/\/api.w.org\/{rel}","templated":true}]}}