{"id":23160,"date":"2025-10-30T12:04:29","date_gmt":"2025-10-30T16:04:29","guid":{"rendered":"https:\/\/agromt.news\/?p=23160"},"modified":"2025-10-30T12:04:29","modified_gmt":"2025-10-30T16:04:29","slug":"novembro-com-la-nina-deve-ser-marcado-por-frio-fora-de-epoca-e-muita-chuva-confira","status":"publish","type":"post","link":"https:\/\/agromt.news\/?p=23160","title":{"rendered":"Novembro com La Ni\u00f1a deve ser marcado por frio fora de \u00e9poca e muita chuva; confira"},"content":{"rendered":"<p> <br \/>\n<\/p>\n<div>\n<p>O m\u00eas de novembro de 2025 promete ser um dos mais chuvosos do ano em boa parte do pa\u00eds. Segundo a <strong>meteorologista Jos\u00e9lia Pegorim<\/strong>, da <strong>Climatempo<\/strong>, o <strong><a href=\"http:\/\/www.canalrural.com.br\/tag\/la-nina\/\">La Ni\u00f1a<\/a><\/strong> \u2014 fen\u00f4meno caracterizado pelo resfriamento das \u00e1guas do Oceano Pac\u00edfico Equatorial \u2014 est\u00e1 favorecendo a passagem de <strong>frentes frias<\/strong> mais intensas pelo <strong>Sul e Sudeste do Brasil<\/strong>. Algumas delas poder\u00e3o trazer <strong>ar polar<\/strong> com for\u00e7a suficiente para causar <strong>resfriamento at\u00edpico<\/strong> no Centro-Sul do pa\u00eds.<\/p>\n<div data-icp-cta=\"1\" id=\"icp-cta-unique\">Voc\u00ea quer entender como usar o clima a seu favor?<b> <\/b><a href=\"https:\/\/climacampo.canalrural.com.br\/climacampo_-01\">Preparamos um e-book exclusivo<\/a> para ajudar produtores rurais a se antecipar \u00e0s mudan\u00e7as do tempo e planejar melhor suas a\u00e7\u00f5es. Com base em previs\u00f5es meteorol\u00f3gicas confi\u00e1veis, ele oferece orienta\u00e7\u00f5es pr\u00e1ticas para proteger sua lavoura e otimizar seus resultados.<\/div>\n<p>Al\u00e9m disso, o La Ni\u00f1a estimula a forma\u00e7\u00e3o de <strong>corredores de umidade<\/strong>, que transportam o ar quente e \u00famido da Amaz\u00f4nia em dire\u00e7\u00e3o ao <strong>Centro-Oeste<\/strong> e <strong>Sudeste<\/strong>, aumentando as condi\u00e7\u00f5es para <strong>chuvas volumosas e persistentes<\/strong>.<\/p>\n<blockquote class=\"wp-block-quote is-layout-flow wp-block-quote-is-layout-flow\">\n<p>\u201cDurante novembro h\u00e1 chance de forma\u00e7\u00e3o de pelo menos um evento de <strong>Zona de Converg\u00eancia do Atl\u00e2ntico Sul (ZCAS)<\/strong>, que costuma provocar chuva intensa por v\u00e1rios dias consecutivos\u201d, afirma Jos\u00e9lia Pegorim.<\/p>\n<\/blockquote>\n<figure class=\"wp-block-image size-large\"><img fetchpriority=\"high\" decoding=\"async\" width=\"1024\" height=\"576\" alt=\"\" class=\"wp-image-4134939\"  data-lazy- src=\"https:\/\/agromt.news\/wp-content\/uploads\/2025\/10\/Novembro-com-La-Nina-deve-ser-marcado-por-frio-fora.jpg\"\/><img decoding=\"async\" width=\"1024\" height=\"576\" src=\"https:\/\/agromt.news\/wp-content\/uploads\/2025\/10\/Novembro-com-La-Nina-deve-ser-marcado-por-frio-fora.jpg\" alt=\"\" class=\"wp-image-4134939\"  \/><\/figure>\n<h3 class=\"wp-block-heading\" id=\"h-chuvas-acima-da-media-e-temporais-isolados\">Chuvas acima da m\u00e9dia e temporais isolados<\/h3>\n<p>As proje\u00e7\u00f5es indicam <strong>volumes de chuva acima da m\u00e9dia<\/strong> no <strong>Paran\u00e1<\/strong>, <strong>Sudeste<\/strong>, <strong>Centro-Oeste<\/strong>, <strong>Bahia<\/strong>, <strong>extremo norte<\/strong> e em <strong>grande parte do Amazonas<\/strong>. Regi\u00f5es como <strong>Belo Horizonte (MG)<\/strong> e <strong>Bras\u00edlia (DF)<\/strong> podem registrar <strong>ac\u00famulo superior a 300 mm<\/strong> ao longo do m\u00eas.<\/p>\n<p>No <strong>Rio Grande do Sul<\/strong>, s\u00e3o esperados alguns <strong>temporais localizados<\/strong>, mas o <strong>volume total de precipita\u00e7\u00e3o<\/strong> deve ficar <strong>ligeiramente abaixo da m\u00e9dia<\/strong>. J\u00e1 o <strong>Nordeste<\/strong>, especialmente o <strong>interior da regi\u00e3o<\/strong>, segue com <strong>pouca chuva<\/strong>, comportamento t\u00edpico para esta \u00e9poca do ano.<\/p>\n<h3 class=\"wp-block-heading\" id=\"h-temperaturas-abaixo-do-normal-no-centro-sul\">Temperaturas abaixo do normal no Centro-Sul<\/h3>\n<p>As temperaturas devem ficar <strong>um pouco abaixo da m\u00e9dia<\/strong> em grande parte do <strong>Centro-Oeste<\/strong>, do <strong>Paran\u00e1<\/strong> e da <strong>regi\u00e3o Sudeste<\/strong>. O motivo \u00e9 a combina\u00e7\u00e3o de <strong>muitos dias nublados<\/strong>, <strong>chuvas frequentes<\/strong> e a <strong>entrada de massas de ar frio<\/strong> vindas do sul do continente.<\/p>\n<blockquote class=\"wp-block-quote is-layout-flow wp-block-quote-is-layout-flow\">\n<p>\u201cA chance de <strong>onda de calor<\/strong> em novembro \u00e9 baixa, mas <strong>novos epis\u00f3dios de frio fora de \u00e9poca<\/strong> podem se repetir, como ocorreu em outubro\u201d, refor\u00e7a Pegorim.<\/p>\n<\/blockquote>\n<p>No <strong>centro-norte<\/strong> do pa\u00eds e no <strong>extremo sul<\/strong>, as temperaturas devem variar de <strong>dentro da m\u00e9dia a ligeiramente acima<\/strong>, enquanto o <strong>Nordeste<\/strong> tende a ser a regi\u00e3o <strong>mais quente do Brasil<\/strong> neste m\u00eas, com <strong>v\u00e1rios dias acima de 40 \u00b0C<\/strong> no interior.<\/p>\n<figure class=\"wp-block-image size-large\"><img decoding=\"async\" width=\"1024\" height=\"576\" alt=\"\" class=\"wp-image-4134940\"  data-lazy- src=\"https:\/\/agromt.news\/wp-content\/uploads\/2025\/10\/1761840269_56_Novembro-com-La-Nina-deve-ser-marcado-por-frio-fora.jpg\"\/><img loading=\"lazy\" decoding=\"async\" width=\"1024\" height=\"576\" src=\"https:\/\/agromt.news\/wp-content\/uploads\/2025\/10\/1761840269_56_Novembro-com-La-Nina-deve-ser-marcado-por-frio-fora.jpg\" alt=\"\" class=\"wp-image-4134940\"  \/><\/figure>\n<h3 class=\"wp-block-heading\" id=\"h-novembro-serpa-mes-de-contrastes-climaticos\">Novembro serpa m\u00eas de contrastes clim\u00e1ticos<\/h3>\n<p>O cen\u00e1rio clim\u00e1tico de novembro ser\u00e1 marcado por <strong>forte contraste<\/strong> entre o excesso de chuva no Centro-Sul e o calor intenso no Nordeste. O avan\u00e7o das frentes frias e os corredores de umidade sustentados pelo La Ni\u00f1a devem manter o <strong>solo \u00famido e as temperaturas mais amenas<\/strong> em boa parte do pa\u00eds.<\/p>\n<p>Para o produtor rural e os setores que dependem do clima, o alerta \u00e9 para <strong>monitorar o risco de temporais e enchentes localizadas<\/strong>.<\/p>\n<\/p><\/div>\n<p><br \/>\n<br \/><a href=\"https:\/\/www.canalrural.com.br\/tempo\/novembro-com-la-nina-deve-ser-marcado-por-frio-fora-de-epoca-e-muita-chuva-confira\/\">Source link <\/a><\/p>\n","protected":false},"excerpt":{"rendered":"<p>O m\u00eas de novembro de 2025 promete ser um dos mais chuvosos do ano em boa parte do pa\u00eds. Segundo<\/p>\n","protected":false},"author":1,"featured_media":2359,"comment_status":"open","ping_status":"open","sticky":false,"template":"","format":"standard","meta":{"_monsterinsights_skip_tracking":false,"_monsterinsights_sitenote_active":false,"_monsterinsights_sitenote_note":"","_monsterinsights_sitenote_category":0,"_uf_show_specific_survey":0,"_uf_disable_surveys":false,"footnotes":""},"categories":[1],"tags":[],"class_list":["post-23160","post","type-post","status-publish","format-standard","has-post-thumbnail","hentry","category-news"],"_links":{"self":[{"href":"https:\/\/agromt.news\/index.php?rest_route=\/wp\/v2\/posts\/23160"}],"collection":[{"href":"https:\/\/agromt.news\/index.php?rest_route=\/wp\/v2\/posts"}],"about":[{"href":"https:\/\/agromt.news\/index.php?rest_route=\/wp\/v2\/types\/post"}],"author":[{"embeddable":true,"href":"https:\/\/agromt.news\/index.php?rest_route=\/wp\/v2\/users\/1"}],"replies":[{"embeddable":true,"href":"https:\/\/agromt.news\/index.php?rest_route=%2Fwp%2Fv2%2Fcomments&post=23160"}],"version-history":[{"count":0,"href":"https:\/\/agromt.news\/index.php?rest_route=\/wp\/v2\/posts\/23160\/revisions"}],"wp:featuredmedia":[{"embeddable":true,"href":"https:\/\/agromt.news\/index.php?rest_route=\/wp\/v2\/media\/2359"}],"wp:attachment":[{"href":"https:\/\/agromt.news\/index.php?rest_route=%2Fwp%2Fv2%2Fmedia&parent=23160"}],"wp:term":[{"taxonomy":"category","embeddable":true,"href":"https:\/\/agromt.news\/index.php?rest_route=%2Fwp%2Fv2%2Fcategories&post=23160"},{"taxonomy":"post_tag","embeddable":true,"href":"https:\/\/agromt.news\/index.php?rest_route=%2Fwp%2Fv2%2Ftags&post=23160"}],"curies":[{"name":"wp","href":"https:\/\/api.w.org\/{rel}","templated":true}]}}