{"id":23150,"date":"2025-10-30T09:01:59","date_gmt":"2025-10-30T13:01:59","guid":{"rendered":"https:\/\/agromt.news\/?p=23150"},"modified":"2025-10-30T09:01:59","modified_gmt":"2025-10-30T13:01:59","slug":"mercado-da-soja-varia-nos-principais-produtores","status":"publish","type":"post","link":"https:\/\/agromt.news\/?p=23150","title":{"rendered":"Mercado da soja varia nos principais produtores"},"content":{"rendered":"<p> <br \/>\n<\/p>\n<div>\n<p>Recupera\u00e7\u00e3o produtiva e desafios de cr\u00e9dito marcam o in\u00edcio da safra de <a href=\"https:\/\/www.agrolink.com.br\/culturas\/soja?utm_source=agrolink-detalhe-noticia&amp;utm_medium=detalhe-noticia&amp;utm_campaign=links-internos\" target=\"_blank\" rel=\"noopener\">soja<\/a> do Rio Grande dos Sul, segundo informa\u00e7\u00f5es da TF Agroecon\u00f4mica. \u201cPara pagamento em 15\/10, com entrega em outubro, os pre\u00e7os no porto foram reportados a R$ 142,00\/sc (+1,43%) semanal, enquanto no interior as refer\u00eancias se foram em torno de R$ 132,00\/sc (+0,76%) semanal em Cruz Alta, Passo Fundo, Santa Rosa e S\u00e3o Luiz, todos com liquida\u00e7\u00e3o prevista para 30\/10. J\u00e1 em Panambi, o mercado f\u00edsico apresentou queda mais acentuada, com o pre\u00e7o de pedra recuando para R$ 120,00\/sc, sinalizando maior resist\u00eancia local ao ritmo comprador\u201d, comenta.&#13;\n<\/p>\n<p>O mercado de soja em Santa Catarina apresentou firmeza ao longo de outubro. \u201cA utiliza\u00e7\u00e3o crescente desse corredor log\u00edstico auxilia na redu\u00e7\u00e3o de gargalos e custos de transporte, beneficiando produtores e cooperativas que dependem de fluidez no embarque. A combina\u00e7\u00e3o de pre\u00e7os firmes e infraestrutura \u00e1gil confirma a relev\u00e2ncia de Santa Catarina no mapa de exporta\u00e7\u00e3o da soja brasileira. No porto de S\u00e3o Francisco, a saca de soja \u00e9 cotada a R$ 139,83 (+0,92%)\u201d, completa.<\/p>\n<p>O Paran\u00e1 segue como principal refer\u00eancia nacional para os pre\u00e7os da soja. \u201cEm Paranagu\u00e1, o pre\u00e7o chegou R$ 141,45 (+0,13%). Em Cascavel, o pre\u00e7o foi R$ 128,29 (+0,30%). Em Maring\u00e1, o pre\u00e7o foi de 129,15 (+0,31%). Em Ponta Grossa o pre\u00e7o foi a R$ 131,85 (+0,12%) por saca FOB, Pato Branco o pre\u00e7o foi R$ 139,83 (+0,92%). No balc\u00e3o, os pre\u00e7os em Ponta Grossa ficaram em R$ 120,00\u201d, indica.&#13;\n<\/p>\n<p>O Mato Grosso do Sul assume protagonismo estrat\u00e9gico ao priorizar solu\u00e7\u00f5es estruturais de longo prazo para o escoamento do agroneg\u00f3cio. \u201cA comercializa\u00e7\u00e3o mant\u00e9m ritmo cauteloso, refletindo a prud\u00eancia do produtor que observa o comportamento do clima e do frete antes de avan\u00e7ar com novas negocia\u00e7\u00f5es.Em Dourados, o spot da soja ficou em R$ 124,95 (+0,15%), Campo Grande em R$ 124,95 (+0,15%), Maracaju em R$ 124,95 (+0,15%), Chapad\u00e3o do Sul a R$ 120,32 (+0,22%), Sidrol\u00e2ndia a em R$ 124,95 (+0,15%)\u201d, informa.<\/p>\n<p>O Mato Grosso, principal produtor de soja do Brasil, enfrenta uma combina\u00e7\u00e3o cr\u00edtica de fatores clim\u00e1ticos e log\u00edsticos que pressiona o andamento da safra 2025\/2026. \u201cCampo Verde: R$ 120,47 (-0,49%). Lucas do Rio Verde: R$ 119,50 (-1,45%), Nova Mutum: R$ 119,50 (-1,45%). Primavera do Leste: R$ 120,47 (-0,49%). Rondon\u00f3polis: R$ 120,47 (-0,49%). Sorriso: R$ 119,50 (-1,45%)\u201d, conclui.<br \/>&#13;<br \/>\n\u00a0&#13;\n<\/p>\n<\/p><\/div>\n<p><script data-cfasync=\"false\">\n    !function (f, b, e, v, n, t, s) {\n        if (f.fbq) return; n = f.fbq = function () {\n            n.callMethod ?\n                n.callMethod.apply(n, arguments) : n.queue.push(arguments)\n        };\n        if (!f._fbq) f._fbq = n; n.push = n; n.loaded = !0; n.version = '2.0';\n        n.queue = []; t = b.createElement(e); t.async = !0;\n        t.src = v; s = b.getElementsByTagName(e)[0];\n        s.parentNode.insertBefore(t, s)\n    }(window, document, 'script',\n        'https:\/\/connect.facebook.net\/en_US\/fbevents.js');\n    fbq('init', '522546078623747');\n    fbq('track', 'PageView');\n<\/script><br \/>\n<br \/><br \/>\n<br \/><a href=\"https:\/\/www.agrolink.com.br\/noticias\/mercado-da-soja-varia-nos-principais-produtores_507512.html\">Source link <\/a><\/p>\n","protected":false},"excerpt":{"rendered":"<p>Recupera\u00e7\u00e3o produtiva e desafios de cr\u00e9dito marcam o in\u00edcio da safra de soja do Rio Grande dos Sul, segundo informa\u00e7\u00f5es<\/p>\n","protected":false},"author":1,"featured_media":7444,"comment_status":"open","ping_status":"open","sticky":false,"template":"","format":"standard","meta":{"_monsterinsights_skip_tracking":false,"_monsterinsights_sitenote_active":false,"_monsterinsights_sitenote_note":"","_monsterinsights_sitenote_category":0,"_uf_show_specific_survey":0,"_uf_disable_surveys":false,"footnotes":""},"categories":[8,1,14],"tags":[],"class_list":["post-23150","post","type-post","status-publish","format-standard","has-post-thumbnail","hentry","category-agro","category-news","category-politica-agro"],"_links":{"self":[{"href":"https:\/\/agromt.news\/index.php?rest_route=\/wp\/v2\/posts\/23150"}],"collection":[{"href":"https:\/\/agromt.news\/index.php?rest_route=\/wp\/v2\/posts"}],"about":[{"href":"https:\/\/agromt.news\/index.php?rest_route=\/wp\/v2\/types\/post"}],"author":[{"embeddable":true,"href":"https:\/\/agromt.news\/index.php?rest_route=\/wp\/v2\/users\/1"}],"replies":[{"embeddable":true,"href":"https:\/\/agromt.news\/index.php?rest_route=%2Fwp%2Fv2%2Fcomments&post=23150"}],"version-history":[{"count":0,"href":"https:\/\/agromt.news\/index.php?rest_route=\/wp\/v2\/posts\/23150\/revisions"}],"wp:featuredmedia":[{"embeddable":true,"href":"https:\/\/agromt.news\/index.php?rest_route=\/wp\/v2\/media\/7444"}],"wp:attachment":[{"href":"https:\/\/agromt.news\/index.php?rest_route=%2Fwp%2Fv2%2Fmedia&parent=23150"}],"wp:term":[{"taxonomy":"category","embeddable":true,"href":"https:\/\/agromt.news\/index.php?rest_route=%2Fwp%2Fv2%2Fcategories&post=23150"},{"taxonomy":"post_tag","embeddable":true,"href":"https:\/\/agromt.news\/index.php?rest_route=%2Fwp%2Fv2%2Ftags&post=23150"}],"curies":[{"name":"wp","href":"https:\/\/api.w.org\/{rel}","templated":true}]}}