{"id":23131,"date":"2025-10-29T20:50:02","date_gmt":"2025-10-30T00:50:02","guid":{"rendered":"https:\/\/agromt.news\/?p=23131"},"modified":"2025-10-29T20:50:02","modified_gmt":"2025-10-30T00:50:02","slug":"as-desventuras-da-dupla-sertaneja-conde-e-dracula-pelo-campo-brasileiro","status":"publish","type":"post","link":"https:\/\/agromt.news\/?p=23131","title":{"rendered":"As desventuras da dupla sertaneja Conde e Dr\u00e1cula pelo campo brasileiro"},"content":{"rendered":"<p> <br \/>\n<br \/><img decoding=\"async\" src=\"https:\/\/agromt.news\/wp-content\/uploads\/2025\/10\/As-desventuras-da-dupla-sertaneja-Conde-e-Dracula-pelo-campo.jpg\" \/><\/p>\n<div>\n<p>Imagina s\u00f3 a situa\u00e7\u00e3o: voc\u00ea acaba de comprar uma fazenda com um homem misterioso e ao se mudar para o castelo no alto de uma montanha na propriedade, descobre que ela \u00e9 assombrada por um vampiro. Essa situa\u00e7\u00e3o macabra \u00e9 uma das tem\u00e1ticas do \u00e1lbum \u201cO Corvo\u201d, da <a href=\"https:\/\/www.canalrural.com.br\/tag\/musica\/\">dupla sertaneja Conde e Dr\u00e1cula<\/a>.<\/p>\n<p>Lan\u00e7ado no ano de 1976, o \u00e1lbum, que tamb\u00e9m \u00e9 o \u00fanico trabalho da dupla, traz uma jun\u00e7\u00e3o in\u00e9dita ao incorporar temas g\u00f3ticos ao g\u00eanero sertanejo. Nesse trabalho os m\u00fasicos trazem refer\u00eancias a cl\u00e1ssicos do terror como o vampiro Conde Dr\u00e1cula, do romance de Bram Stoker, e o poema \u201cO Corvo\u201d de Edgar Allan Poe, que inspirou a faixa-t\u00edtulo do disco.<\/p>\n<p><iframe title=\"A Noite Dos Vampiros\" width=\"800\" height=\"600\" src=\"https:\/\/www.youtube.com\/embed\/6dfBerIca7I?feature=oembed\" frameborder=\"0\" allow=\"accelerometer; autoplay; clipboard-write; encrypted-media; gyroscope; picture-in-picture; web-share\" referrerpolicy=\"strict-origin-when-cross-origin\" allowfullscreen><\/iframe><noscript><iframe title=\"A Noite Dos Vampiros\" width=\"800\" height=\"600\" src=\"https:\/\/www.youtube.com\/embed\/6dfBerIca7I?feature=oembed\" frameborder=\"0\" allow=\"accelerometer; autoplay; clipboard-write; encrypted-media; gyroscope; picture-in-picture; web-share\" referrerpolicy=\"strict-origin-when-cross-origin\" allowfullscreen><\/iframe><\/noscript><\/p>\n<p>O \u00e1lbum conta com tr\u00eas singles principais que trazem de forma divertida a tem\u00e1tica macabra para a vida do campo. \u201c<a href=\"https:\/\/youtu.be\/6dfBerIca7I?list=OLAK5uy_nlcvrVTZcvcj-fiw5E5k88q2xRm9RYRzE\">Noite dos Vampiros<\/a>\u201d conta a hist\u00f3ria de uma fam\u00edlia que vai morar na fazenda Transilv\u00e2nia, lar de um vampiro. O monstro mata o pai e o filho, mas \u00e9 derrotado pela m\u00e3e, a \u00fanica que tinha f\u00e9 em Deus.<\/p>\n<p>J\u00e1 \u201c<a href=\"https:\/\/youtu.be\/82Ey6pHtC3s?list=OLAK5uy_nlcvrVTZcvcj-fiw5E5k88q2xRm9RYRzE\">Bruxa Feiticeira<\/a>\u201d conta a hist\u00f3ria de uma velha do vilarejo que jogava praga em mo\u00e7as bonitas, e transformou a amada do eu l\u00edrico em uma cobra cascavel. Por fim, \u201c<a href=\"https:\/\/youtu.be\/dlfaxWpPGxA?list=OLAK5uy_nlcvrVTZcvcj-fiw5E5k88q2xRm9RYRzE\">O Corvo<\/a>\u201d \u00e9 uma adapta\u00e7\u00e3o do poema de mesmo nome do poeta americano Edgar Allan Poe, e conta a hist\u00f3ria de um homem vi\u00favo que se depara com um corvo que repete sempre a mesma frase: \u201cNunca Mais\u201d.<\/p>\n<p>O \u00e1lbum conta ainda com mais oito m\u00fasicas que misturam tem\u00e1ticas sertanejas com elementos do terror, neste g\u00eanero que ficou conhecido como \u201ccaipirog\u00f3tico\u201d. Apesar de a dupla n\u00e3o ter atingido sucesso massivo, o trabalho \u00e9 amplamente elogiado pela qualidade e originalidade das m\u00fasicas.<\/p>\n<p>Assim, a tradi\u00e7\u00e3o de celebrar a tem\u00e1tica do terror no m\u00eas de outubro n\u00e3o \u00e9 exclusiva dos Estados Unidos. A vasta cultura brasileira tamb\u00e9m ganhou um dia especial. Em 31 de outubro \u00e9 celebrado o Dia do Saci, data criada para valorizar a cultura nacional no mesmo contexto do dia das bruxas americano. <\/p>\n<p><em>*Sob supervis\u00e3o de Luis Roberto Toledo<\/em><\/p>\n<\/p><\/div>\n<p><br \/>\n<br \/><a href=\"https:\/\/www.canalrural.com.br\/curiosidades\/as-desventuras-da-dupla-sertaneja-conde-e-dracula-pelo-campo-brasileiro\/\">Source link <\/a><\/p>\n","protected":false},"excerpt":{"rendered":"<p>Imagina s\u00f3 a situa\u00e7\u00e3o: voc\u00ea acaba de comprar uma fazenda com um homem misterioso e ao se mudar para o<\/p>\n","protected":false},"author":1,"featured_media":23132,"comment_status":"open","ping_status":"open","sticky":false,"template":"","format":"standard","meta":{"_monsterinsights_skip_tracking":false,"_monsterinsights_sitenote_active":false,"_monsterinsights_sitenote_note":"","_monsterinsights_sitenote_category":0,"_uf_show_specific_survey":0,"_uf_disable_surveys":false,"footnotes":""},"categories":[1],"tags":[],"class_list":["post-23131","post","type-post","status-publish","format-standard","has-post-thumbnail","hentry","category-news"],"_links":{"self":[{"href":"https:\/\/agromt.news\/index.php?rest_route=\/wp\/v2\/posts\/23131"}],"collection":[{"href":"https:\/\/agromt.news\/index.php?rest_route=\/wp\/v2\/posts"}],"about":[{"href":"https:\/\/agromt.news\/index.php?rest_route=\/wp\/v2\/types\/post"}],"author":[{"embeddable":true,"href":"https:\/\/agromt.news\/index.php?rest_route=\/wp\/v2\/users\/1"}],"replies":[{"embeddable":true,"href":"https:\/\/agromt.news\/index.php?rest_route=%2Fwp%2Fv2%2Fcomments&post=23131"}],"version-history":[{"count":0,"href":"https:\/\/agromt.news\/index.php?rest_route=\/wp\/v2\/posts\/23131\/revisions"}],"wp:featuredmedia":[{"embeddable":true,"href":"https:\/\/agromt.news\/index.php?rest_route=\/wp\/v2\/media\/23132"}],"wp:attachment":[{"href":"https:\/\/agromt.news\/index.php?rest_route=%2Fwp%2Fv2%2Fmedia&parent=23131"}],"wp:term":[{"taxonomy":"category","embeddable":true,"href":"https:\/\/agromt.news\/index.php?rest_route=%2Fwp%2Fv2%2Fcategories&post=23131"},{"taxonomy":"post_tag","embeddable":true,"href":"https:\/\/agromt.news\/index.php?rest_route=%2Fwp%2Fv2%2Ftags&post=23131"}],"curies":[{"name":"wp","href":"https:\/\/api.w.org\/{rel}","templated":true}]}}