{"id":23129,"date":"2025-10-29T20:33:59","date_gmt":"2025-10-30T00:33:59","guid":{"rendered":"https:\/\/agromt.news\/?p=23129"},"modified":"2025-10-29T20:33:59","modified_gmt":"2025-10-30T00:33:59","slug":"precos-do-boi-gordo-seguem-em-alta-confira-o-fechamento-de-mercado","status":"publish","type":"post","link":"https:\/\/agromt.news\/?p=23129","title":{"rendered":"Pre\u00e7os do boi gordo seguem em alta; confira o fechamento de mercado"},"content":{"rendered":"<p> <br \/>\n<br \/><img decoding=\"async\" src=\"https:\/\/agromt.news\/wp-content\/uploads\/2025\/10\/Precos-do-boi-gordo-seguem-em-alta-confira-o-fechamento.jpg\" \/><\/p>\n<div>\n<p>O mercado f\u00edsico do boi gordo manteve o ritmo de valoriza\u00e7\u00e3o ao longo da semana, refletindo um ambiente de neg\u00f3cios positivo. De acordo com o analista da consultoria <a href=\"https:\/\/safras.com.br\/\">Safras &amp; Mercado<\/a>, Fernando Henrique Iglesias, as escalas de abate curtas, especialmente nos frigor\u00edficos de menor porte, seguem sustentando os <a href=\"https:\/\/www.canalrural.com.br\/?s=pre%C3%A7os+do+boi+gordo\">pre\u00e7os<\/a>, enquanto a demanda dom\u00e9stica mostra sinais de aquecimento neste fim de ano.<\/p>\n<p>Al\u00e9m disso, nesta quarta-feira (29), as exporta\u00e7\u00f5es continuaram com n\u00fameros expressivos, com forte desempenho no segundo semestre, o que refor\u00e7a a firmeza das cota\u00e7\u00f5es.<\/p>\n<h2 class=\"wp-block-heading\" id=\"h-precos-do-boi-gordo\"><strong>Pre\u00e7os do boi gordo<\/strong><\/h2>\n<ul class=\"wp-block-list\">\n<li><strong>S\u00e3o Paulo:<\/strong> R$ 318,92 (a prazo) <\/li>\n<li><strong>Goi\u00e1s:<\/strong> R$ 309,82<\/li>\n<li><strong>Minas Gerais:<\/strong> R$ 305,29<\/li>\n<li><strong>Mato Grosso do Sul:<\/strong> R$ 328,18<\/li>\n<li><strong>Mato Grosso:<\/strong> R$ 303,11<\/li>\n<\/ul>\n<h2 class=\"wp-block-heading\" id=\"h-mercado-atacadista\"><strong>Mercado atacadista<\/strong><\/h2>\n<p>O mercado atacadista de carne bovina apresentou estabilidade nesta quarta-feira, mas o cen\u00e1rio segue favor\u00e1vel a reajustes nas pr\u00f3ximas semanas. <\/p>\n<p>Segundo Iglesias, o per\u00edodo de final de ano, marcado pelo pagamento do 13\u00ba sal\u00e1rio e pela cria\u00e7\u00e3o de empregos tempor\u00e1rios, tende a impulsionar o consumo e movimentar a economia.<\/p>\n<ul class=\"wp-block-list\">\n<li><strong>Quarto dianteiro:<\/strong> R$ 18,20\/kg<\/li>\n<li><strong>Ponta de agulha:<\/strong> R$ 17,20\/kg<\/li>\n<li><strong>Quarto traseiro:<\/strong> R$ 25,00\/kg<\/li>\n<\/ul>\n<h2 class=\"wp-block-heading\" id=\"h-cambio\">C\u00e2mbio <\/h2>\n<p>O d\u00f3lar comercial encerrou a sess\u00e3o em leve queda de 0,05%, cotado a R$ 5,3580 para venda e R$ 5,3560 para compra. Ao longo do dia, a moeda norte-americana oscilou entre R$ 5,3340 e R$ 5,3670.<\/p>\n<\/p><\/div>\n<p><br \/>\n<br \/><a href=\"https:\/\/www.canalrural.com.br\/pecuaria\/precos-do-boi-gordo-seguem-em-alta-confira-o-fechamento-de-mercado\/\">Source link <\/a><\/p>\n","protected":false},"excerpt":{"rendered":"<p>O mercado f\u00edsico do boi gordo manteve o ritmo de valoriza\u00e7\u00e3o ao longo da semana, refletindo um ambiente de neg\u00f3cios<\/p>\n","protected":false},"author":1,"featured_media":23130,"comment_status":"open","ping_status":"open","sticky":false,"template":"","format":"standard","meta":{"_monsterinsights_skip_tracking":false,"_monsterinsights_sitenote_active":false,"_monsterinsights_sitenote_note":"","_monsterinsights_sitenote_category":0,"_uf_show_specific_survey":0,"_uf_disable_surveys":false,"footnotes":""},"categories":[1],"tags":[],"class_list":["post-23129","post","type-post","status-publish","format-standard","has-post-thumbnail","hentry","category-news"],"_links":{"self":[{"href":"https:\/\/agromt.news\/index.php?rest_route=\/wp\/v2\/posts\/23129"}],"collection":[{"href":"https:\/\/agromt.news\/index.php?rest_route=\/wp\/v2\/posts"}],"about":[{"href":"https:\/\/agromt.news\/index.php?rest_route=\/wp\/v2\/types\/post"}],"author":[{"embeddable":true,"href":"https:\/\/agromt.news\/index.php?rest_route=\/wp\/v2\/users\/1"}],"replies":[{"embeddable":true,"href":"https:\/\/agromt.news\/index.php?rest_route=%2Fwp%2Fv2%2Fcomments&post=23129"}],"version-history":[{"count":0,"href":"https:\/\/agromt.news\/index.php?rest_route=\/wp\/v2\/posts\/23129\/revisions"}],"wp:featuredmedia":[{"embeddable":true,"href":"https:\/\/agromt.news\/index.php?rest_route=\/wp\/v2\/media\/23130"}],"wp:attachment":[{"href":"https:\/\/agromt.news\/index.php?rest_route=%2Fwp%2Fv2%2Fmedia&parent=23129"}],"wp:term":[{"taxonomy":"category","embeddable":true,"href":"https:\/\/agromt.news\/index.php?rest_route=%2Fwp%2Fv2%2Fcategories&post=23129"},{"taxonomy":"post_tag","embeddable":true,"href":"https:\/\/agromt.news\/index.php?rest_route=%2Fwp%2Fv2%2Ftags&post=23129"}],"curies":[{"name":"wp","href":"https:\/\/api.w.org\/{rel}","templated":true}]}}