{"id":23124,"date":"2025-10-29T19:08:58","date_gmt":"2025-10-29T23:08:58","guid":{"rendered":"https:\/\/agromt.news\/?p=23124"},"modified":"2025-10-29T19:08:58","modified_gmt":"2025-10-29T23:08:58","slug":"frente-fria-provoca-chuva-forte-nos-estados-veja-previsao-do-tempo-para-quinta-feira","status":"publish","type":"post","link":"https:\/\/agromt.news\/?p=23124","title":{"rendered":"Frente fria provoca chuva forte nos estados; veja previs\u00e3o do tempo para quinta-feira"},"content":{"rendered":"<p> <br \/>\n<br \/><img decoding=\"async\" src=\"https:\/\/agromt.news\/wp-content\/uploads\/2025\/10\/Pegue-o-guarda-chuva-Frente-fria-traz-temporais-e-risco-de.jpg\" \/><\/p>\n<div>\n<p>A quinta-feira (30) ser\u00e1 marcada por tempo inst\u00e1vel e chuvas intensas em boa parte da regi\u00e3o Sudeste. A combina\u00e7\u00e3o entre uma frente fria no oceano e o avan\u00e7o da umidade vinda do mar aumenta o risco de temporais e acumulados expressivos de chuva, segundo previs\u00e3o do Climatempo.<\/p>\n<div data-icp-cta=\"1\" id=\"icp-cta-unique\">Voc\u00ea quer entender como usar o clima a seu favor?<b> <\/b><a href=\"https:\/\/climacampo.canalrural.com.br\/climacampo_-01\">Preparamos um e-book exclusivo<\/a> para ajudar produtores rurais a se antecipar \u00e0s mudan\u00e7as do tempo e planejar melhor suas a\u00e7\u00f5es. Com base em previs\u00f5es meteorol\u00f3gicas confi\u00e1veis, ele oferece orienta\u00e7\u00f5es pr\u00e1ticas para proteger sua lavoura e otimizar seus resultados.<\/div>\n<p>Em S\u00e3o Paulo, a chuva deve ser mais forte e persistente entre o litoral e o leste do estado, mas pancadas isoladas e intensas tamb\u00e9m s\u00e3o esperadas nas regi\u00f5es oeste, noroeste e norte.<\/p>\n<p>Em Minas Gerais e Rio de Janeiro, a previs\u00e3o \u00e9 de chuvas moderadas a fortes, com possibilidade de volumes elevados e trovoadas, especialmente no sul e na Zona da Mata mineira e no interior do Rio de Janeiro. J\u00e1 no Esp\u00edrito Santo, a chuva se intensifica no sul do estado, com ac\u00famulos significativos at\u00e9 o fim do dia.<\/p>\n<h2 class=\"wp-block-heading\" id=\"h-sul-do-pais-tem-instabilidade-nas-areas-litoraneas\">Sul do pa\u00eds tem instabilidade nas \u00e1reas litor\u00e2neas<\/h2>\n<p>No Sul, a umidade atmosf\u00e9rica elevada mant\u00e9m o tempo inst\u00e1vel nas faixas litor\u00e2neas do Rio Grande do Sul, Santa Catarina e Paran\u00e1. As pancadas de chuva podem ocorrer desde a manh\u00e3 e ganhar for\u00e7a ao longo do dia, com intensidade variando entre fraca e moderada e chance de chuva forte em pontos isolados.<\/p>\n<p>Nas \u00e1reas do interior, o tempo fica mais firme, com nebulosidade vari\u00e1vel e temperaturas amenas, devido aos ventos vindos do sul.<\/p>\n<h2 class=\"wp-block-heading\" id=\"h-centro-oeste-tem-pancadas-isoladas-e-temperaturas-amenas\">Centro-Oeste tem pancadas isoladas e temperaturas amenas<\/h2>\n<p>No Centro-Oeste, o fluxo de umidade amaz\u00f4nica mant\u00e9m \u00e1reas de instabilidade no norte e nordeste de Mato Grosso do Sul, centro-sul de Goi\u00e1s e boa parte de Mato Grosso. Durante a tarde, h\u00e1 risco de chuvas fortes com raios e rajadas de vento.<\/p>\n<p>No oeste e sul de Mato Grosso do Sul, o tempo come\u00e7a a abrir, mas ainda pode chover de forma isolada. As temperaturas permanecem amenas devido aos ventos mais frescos.<\/p>\n<h2 class=\"wp-block-heading\" id=\"h-nordeste-tem-tempo-firme-e-baixa-umidade-no-interior\">Nordeste tem tempo firme e baixa umidade no interior<\/h2>\n<p>O tempo segue aberto na maior parte do Nordeste. Apenas a faixa litor\u00e2nea, entre Bahia, Alagoas e Pernambuco, pode registrar chuvas fracas e passageiras, causadas pela umidade mar\u00edtima.<\/p>\n<p>No interior da regi\u00e3o, o calor predomina e h\u00e1 alerta para baixa umidade do ar durante a tarde, o que aumenta o risco de queimadas e desconforto t\u00e9rmico.<\/p>\n<h2 class=\"wp-block-heading\" id=\"h-norte-tem-temporais-em-amazonas-e-acre\">Norte tem temporais em Amazonas e Acre<\/h2>\n<p>Na regi\u00e3o Norte, os temporais persistem no Amazonas, Acre e Rond\u00f4nia, com potencial para chuvas fortes e generalizadas. Tamb\u00e9m deve chover em Roraima e no sudoeste do Par\u00e1, de forma mais isolada.<\/p>\n<p>O Amap\u00e1 segue com tempo firme e ensolarado, enquanto o Tocantins pode registrar pancadas r\u00e1pidas e isoladas no norte do estado.<\/p>\n<\/p><\/div>\n<p><br \/>\n<br \/><a href=\"https:\/\/www.canalrural.com.br\/tempo\/frente-fria-provoca-chuva-forte-nos-estados-veja-previsao-do-tempo-para-quinta-feira\/\">Source link <\/a><\/p>\n","protected":false},"excerpt":{"rendered":"<p>A quinta-feira (30) ser\u00e1 marcada por tempo inst\u00e1vel e chuvas intensas em boa parte da regi\u00e3o Sudeste. A combina\u00e7\u00e3o entre<\/p>\n","protected":false},"author":1,"featured_media":21662,"comment_status":"open","ping_status":"open","sticky":false,"template":"","format":"standard","meta":{"_monsterinsights_skip_tracking":false,"_monsterinsights_sitenote_active":false,"_monsterinsights_sitenote_note":"","_monsterinsights_sitenote_category":0,"_uf_show_specific_survey":0,"_uf_disable_surveys":false,"footnotes":""},"categories":[1],"tags":[],"class_list":["post-23124","post","type-post","status-publish","format-standard","has-post-thumbnail","hentry","category-news"],"_links":{"self":[{"href":"https:\/\/agromt.news\/index.php?rest_route=\/wp\/v2\/posts\/23124"}],"collection":[{"href":"https:\/\/agromt.news\/index.php?rest_route=\/wp\/v2\/posts"}],"about":[{"href":"https:\/\/agromt.news\/index.php?rest_route=\/wp\/v2\/types\/post"}],"author":[{"embeddable":true,"href":"https:\/\/agromt.news\/index.php?rest_route=\/wp\/v2\/users\/1"}],"replies":[{"embeddable":true,"href":"https:\/\/agromt.news\/index.php?rest_route=%2Fwp%2Fv2%2Fcomments&post=23124"}],"version-history":[{"count":0,"href":"https:\/\/agromt.news\/index.php?rest_route=\/wp\/v2\/posts\/23124\/revisions"}],"wp:featuredmedia":[{"embeddable":true,"href":"https:\/\/agromt.news\/index.php?rest_route=\/wp\/v2\/media\/21662"}],"wp:attachment":[{"href":"https:\/\/agromt.news\/index.php?rest_route=%2Fwp%2Fv2%2Fmedia&parent=23124"}],"wp:term":[{"taxonomy":"category","embeddable":true,"href":"https:\/\/agromt.news\/index.php?rest_route=%2Fwp%2Fv2%2Fcategories&post=23124"},{"taxonomy":"post_tag","embeddable":true,"href":"https:\/\/agromt.news\/index.php?rest_route=%2Fwp%2Fv2%2Ftags&post=23124"}],"curies":[{"name":"wp","href":"https:\/\/api.w.org\/{rel}","templated":true}]}}