{"id":22964,"date":"2025-10-27T15:19:19","date_gmt":"2025-10-27T19:19:19","guid":{"rendered":"https:\/\/agromt.news\/?p=22964"},"modified":"2025-10-27T15:19:19","modified_gmt":"2025-10-27T19:19:19","slug":"falta-de-chuva-e-frio-freiam-semeadura-da-soja","status":"publish","type":"post","link":"https:\/\/agromt.news\/?p=22964","title":{"rendered":"Falta de chuva e frio freiam semeadura da soja"},"content":{"rendered":"<p> <br \/>\n<\/p>\n<div>\n<p style=\"text-align:justify\">De acordo com o Informativo Conjuntural divulgado pela Emater\/RS-Ascar na \u00faltima quinta-feira (23), a semeadura da <a href=\"https:\/\/www.agrolink.com.br\/culturas\/soja?utm_source=agrolink-detalhe-noticia&amp;utm_medium=detalhe-noticia&amp;utm_campaign=links-internos\" target=\"_blank\" rel=\"noopener\">soja<\/a> no Rio Grande do Sul est\u00e1 em fase inicial, alcan\u00e7ando 2% da \u00e1rea total prevista. O avan\u00e7o limitado \u00e9 resultado de fatores econ\u00f4micos e clim\u00e1ticos, entre eles a estrat\u00e9gia de produtores de adiar o plantio para reduzir riscos de falta de chuva em novembro e dezembro, a prioriza\u00e7\u00e3o da colheita dos cereais de inverno, as baixas temperaturas e a redu\u00e7\u00e3o da umidade do solo em parte do Estado.&#13;\n<\/p>\n<p style=\"text-align:justify\">Nas \u00e1reas onde a implanta\u00e7\u00e3o j\u00e1 come\u00e7ou, os produtores realizam a desseca\u00e7\u00e3o das coberturas vegetais e ajustes nas condi\u00e7\u00f5es do solo para facilitar a semeadura. Conforme a Emater\/RS-Ascar, muitos agricultores est\u00e3o encaminhando laudos para agentes financeiros com o objetivo de acessar a linha de cr\u00e9dito criada pelo Governo Federal para apoiar produtores afetados por perdas sucessivas de safra. Apesar disso, a institui\u00e7\u00e3o observa tend\u00eancia de redu\u00e7\u00e3o no uso de fertilizantes e maior aproveitamento de sementes pr\u00f3prias, reflexo dos custos de produ\u00e7\u00e3o e das restri\u00e7\u00f5es de cr\u00e9dito.<\/p>\n<p style=\"text-align:justify\">Nos cultivos implantados, as sementes est\u00e3o nas fases de embebi\u00e7\u00e3o e germina\u00e7\u00e3o. A Emater\/RS-Ascar prev\u00ea avan\u00e7o mais significativo da semeadura a partir do final de outubro. Para a safra 2025\/2026, a proje\u00e7\u00e3o \u00e9 de cultivo em 6,74 milh\u00f5es de hectares, com produtividade m\u00e9dia estimada em 3.180 quilos por hectare.<\/p>\n<p style=\"text-align:justify\">Na regi\u00e3o administrativa de Bag\u00e9, na Fronteira Oeste, o plantio ocorre de forma pontual e concentrada em pequenas \u00e1reas, enquanto a maior parte dos produtores segue voltada \u00e0 colheita das lavouras de inverno e \u00e0 prepara\u00e7\u00e3o do solo. Na Campanha, a falta de chuvas tem dificultado o plantio convencional, especialmente em solos argilosos, onde se formam torr\u00f5es que prejudicam o contato entre semente e solo. As baixas temperaturas e os ventos constantes tamb\u00e9m t\u00eam limitado o uso de herbicidas, retardando o in\u00edcio mais amplo da semeadura.&#13;\n<\/p>\n<p style=\"text-align:justify\">Nos Campos de Cima da Serra, regi\u00e3o de Caxias do Sul, produtores que planejavam iniciar o plantio optaram por adiar a atividade devido \u00e0s m\u00ednimas abaixo de 5 \u00b0C registradas nas primeiras horas do dia, condi\u00e7\u00e3o que pode comprometer a germina\u00e7\u00e3o e a emerg\u00eancia das pl\u00e2ntulas.<\/p>\n<p style=\"text-align:justify\">Na regi\u00e3o de Iju\u00ed, o plantio atinge 2% da \u00e1rea estimada. Segundo a Emater\/RS-Ascar, o trabalho avan\u00e7a com cautela diante das temperaturas baixas e do in\u00edcio antecipado do ciclo. A expectativa \u00e9 de acelera\u00e7\u00e3o do ritmo nas pr\u00f3ximas semanas, acompanhando o aumento das temperaturas e a regulariza\u00e7\u00e3o das chuvas.<\/p>\n<p style=\"text-align:justify\">Em Pelotas, a semeadura alcan\u00e7a 4% da \u00e1rea projetada. Os agricultores est\u00e3o concentrados na compra de insumos e na manuten\u00e7\u00e3o de maquin\u00e1rio agr\u00edcola, preparando-se para intensificar o trabalho nas pr\u00f3ximas semanas, caso o clima se mantenha favor\u00e1vel.&#13;\n<\/p>\n<p style=\"text-align:justify\">Na regi\u00e3o de Santa Maria, menos de 1% da \u00e1rea foi semeada at\u00e9 o momento. As lavouras implantadas apresentam germina\u00e7\u00e3o e emerg\u00eancia adequadas, mas o avan\u00e7o da semeadura depende da eleva\u00e7\u00e3o das temperaturas e da melhoria da umidade do solo.<\/p>\n<p style=\"text-align:justify\">Em Soledade, cerca de 10% das \u00e1reas destinadas ao cultivo j\u00e1 foram plantadas. A maioria das propriedades concluiu a desseca\u00e7\u00e3o e aguarda condi\u00e7\u00f5es ideais para o corte da palhada e a continuidade dos trabalhos.<\/p>\n<\/p><\/div>\n<p><script data-cfasync=\"false\">\n    !function (f, b, e, v, n, t, s) {\n        if (f.fbq) return; n = f.fbq = function () {\n            n.callMethod ?\n                n.callMethod.apply(n, arguments) : n.queue.push(arguments)\n        };\n        if (!f._fbq) f._fbq = n; n.push = n; n.loaded = !0; n.version = '2.0';\n        n.queue = []; t = b.createElement(e); t.async = !0;\n        t.src = v; s = b.getElementsByTagName(e)[0];\n        s.parentNode.insertBefore(t, s)\n    }(window, document, 'script',\n        'https:\/\/connect.facebook.net\/en_US\/fbevents.js');\n    fbq('init', '522546078623747');\n    fbq('track', 'PageView');\n<\/script><br \/>\n<br \/><br \/>\n<br \/><a href=\"https:\/\/www.agrolink.com.br\/noticias\/falta-de-chuva-e-frio-freiam-semeadura-da-soja_507394.html\">Source link <\/a><\/p>\n","protected":false},"excerpt":{"rendered":"<p>De acordo com o Informativo Conjuntural divulgado pela Emater\/RS-Ascar na \u00faltima quinta-feira (23), a semeadura da soja no Rio Grande<\/p>\n","protected":false},"author":1,"featured_media":2020,"comment_status":"open","ping_status":"open","sticky":false,"template":"","format":"standard","meta":{"_monsterinsights_skip_tracking":false,"_monsterinsights_sitenote_active":false,"_monsterinsights_sitenote_note":"","_monsterinsights_sitenote_category":0,"_uf_show_specific_survey":0,"_uf_disable_surveys":false,"footnotes":""},"categories":[8,1,14],"tags":[],"class_list":["post-22964","post","type-post","status-publish","format-standard","has-post-thumbnail","hentry","category-agro","category-news","category-politica-agro"],"_links":{"self":[{"href":"https:\/\/agromt.news\/index.php?rest_route=\/wp\/v2\/posts\/22964"}],"collection":[{"href":"https:\/\/agromt.news\/index.php?rest_route=\/wp\/v2\/posts"}],"about":[{"href":"https:\/\/agromt.news\/index.php?rest_route=\/wp\/v2\/types\/post"}],"author":[{"embeddable":true,"href":"https:\/\/agromt.news\/index.php?rest_route=\/wp\/v2\/users\/1"}],"replies":[{"embeddable":true,"href":"https:\/\/agromt.news\/index.php?rest_route=%2Fwp%2Fv2%2Fcomments&post=22964"}],"version-history":[{"count":0,"href":"https:\/\/agromt.news\/index.php?rest_route=\/wp\/v2\/posts\/22964\/revisions"}],"wp:featuredmedia":[{"embeddable":true,"href":"https:\/\/agromt.news\/index.php?rest_route=\/wp\/v2\/media\/2020"}],"wp:attachment":[{"href":"https:\/\/agromt.news\/index.php?rest_route=%2Fwp%2Fv2%2Fmedia&parent=22964"}],"wp:term":[{"taxonomy":"category","embeddable":true,"href":"https:\/\/agromt.news\/index.php?rest_route=%2Fwp%2Fv2%2Fcategories&post=22964"},{"taxonomy":"post_tag","embeddable":true,"href":"https:\/\/agromt.news\/index.php?rest_route=%2Fwp%2Fv2%2Ftags&post=22964"}],"curies":[{"name":"wp","href":"https:\/\/api.w.org\/{rel}","templated":true}]}}