{"id":22927,"date":"2025-10-27T03:19:15","date_gmt":"2025-10-27T07:19:15","guid":{"rendered":"https:\/\/agromt.news\/?p=22927"},"modified":"2025-10-27T03:19:15","modified_gmt":"2025-10-27T07:19:15","slug":"feijao-carioca-inicia-safra-em-sp-com-qualidade-promissora","status":"publish","type":"post","link":"https:\/\/agromt.news\/?p=22927","title":{"rendered":"Feij\u00e3o-carioca inicia safra em SP com qualidade promissora"},"content":{"rendered":"<p> <br \/>\n<\/p>\n<div>\n<p>A colheita dos primeiros lotes de <a href=\"https:\/\/www.agrolink.com.br\/culturas\/feijao\/?utm_source=agrolink-detalhe-noticia&amp;utm_medium=detalhe-noticia&amp;utm_campaign=links-internos\" target=\"_blank\" rel=\"noopener\">feij\u00e3o<\/a>-carioca nota 9 e 10 come\u00e7ou nas regi\u00f5es de Ita\u00ed e Paranapanema, no estado de S\u00e3o Paulo. Segundo o Instituto Brasileiro do <a href=\"https:\/\/www.agrolink.com.br\/culturas\/feijao\/?utm_source=agrolink-detalhe-noticia&amp;utm_medium=detalhe-noticia&amp;utm_campaign=links-internos\" target=\"_blank\" rel=\"noopener\">feij\u00e3o<\/a> e Pulses (Ibrafe), ainda h\u00e1 algumas ressalvas quanto \u00e0 qualidade, devido \u00e0s chuvas registradas no \u00faltimo final de semana. A expectativa, por\u00e9m, \u00e9 de que o clima firme nas pr\u00f3ximas semanas permita a manuten\u00e7\u00e3o da boa qualidade dos gr\u00e3os e um mercado mais disputado entre compradores.&#13;\n<\/p>\n<p>A safra paulista est\u00e1 estimada em cerca de 15 mil hectares e, conforme dados da Conab, poder\u00e1 alcan\u00e7ar at\u00e9 38 mil toneladas \u2014 o equivalente a aproximadamente 630 mil sacas at\u00e9 meados de dezembro. Se as condi\u00e7\u00f5es clim\u00e1ticas permanecerem favor\u00e1veis, os pre\u00e7os tendem a se manter firmes ou at\u00e9 subir, impulsionados pela demanda. Nesta semana, neg\u00f3cios pontuais chegaram a R$ 270 por saca, mas compradores ainda testam valores menores para medir a rea\u00e7\u00e3o dos produtores.<\/p>\n<p>De acordo com o relat\u00f3rio CEPEA Feij\u00e3o, as cota\u00e7\u00f5es seguem com comportamento misto entre as pra\u00e7as. No Noroeste de Minas, o Feij\u00e3o-carioca nota 9 teve leve alta di\u00e1ria de 0,31%, enquanto Sorriso (MT) recuou 4,73% na semana. O Leste Goiano apresentou avan\u00e7o semanal de 1,71%. No acumulado do m\u00eas, prevalecem quedas de 6% a 10%. Para o Feij\u00e3o-carioca 8\u20138,5, Itapeva (SP) caiu 1,58% no dia, mas outras regi\u00f5es mineiras registraram leves altas.&#13;\n<\/p>\n<p>J\u00e1 o Feij\u00e3o-preto T-1 enfrenta press\u00e3o vendedora no Sul. Curitiba teve queda de 2,72% no dia e 3,66% na semana; o Oeste Catarinense tamb\u00e9m registrou retra\u00e7\u00e3o. No Paran\u00e1, a metade sul manteve estabilidade di\u00e1ria (+0,18%), mas acumula baixa semanal de 3,40%.<\/p>\n<p>O Ibrafe avalia que a atual oferta mant\u00e9m os compradores cautelosos, testando pre\u00e7os mais baixos, especialmente nos padr\u00f5es m\u00e9dios. Os lotes extras, de maior qualidade, seguem mais disputados e com menor flexibilidade. Para o produtor, a recomenda\u00e7\u00e3o \u00e9 manter disciplina comercial, aproveitando oportunidades de venda e evitando concentrar negocia\u00e7\u00f5es em uma \u00fanica janela.<br \/>&#13;<br \/>\n\u00a0&#13;\n<\/p>\n<\/p><\/div>\n<p><script data-cfasync=\"false\">\n    !function (f, b, e, v, n, t, s) {\n        if (f.fbq) return; n = f.fbq = function () {\n            n.callMethod ?\n                n.callMethod.apply(n, arguments) : n.queue.push(arguments)\n        };\n        if (!f._fbq) f._fbq = n; n.push = n; n.loaded = !0; n.version = '2.0';\n        n.queue = []; t = b.createElement(e); t.async = !0;\n        t.src = v; s = b.getElementsByTagName(e)[0];\n        s.parentNode.insertBefore(t, s)\n    }(window, document, 'script',\n        'https:\/\/connect.facebook.net\/en_US\/fbevents.js');\n    fbq('init', '522546078623747');\n    fbq('track', 'PageView');\n<\/script><br \/>\n<br \/><br \/>\n<br \/><a href=\"https:\/\/www.agrolink.com.br\/noticias\/feijao-carioca-inicia-safra-em-sp-com-qualidade-promissora_507359.html\">Source link <\/a><\/p>\n","protected":false},"excerpt":{"rendered":"<p>A colheita dos primeiros lotes de feij\u00e3o-carioca nota 9 e 10 come\u00e7ou nas regi\u00f5es de Ita\u00ed e Paranapanema, no estado<\/p>\n","protected":false},"author":1,"featured_media":7330,"comment_status":"open","ping_status":"open","sticky":false,"template":"","format":"standard","meta":{"_monsterinsights_skip_tracking":false,"_monsterinsights_sitenote_active":false,"_monsterinsights_sitenote_note":"","_monsterinsights_sitenote_category":0,"_uf_show_specific_survey":0,"_uf_disable_surveys":false,"footnotes":""},"categories":[8,1,14],"tags":[],"class_list":["post-22927","post","type-post","status-publish","format-standard","has-post-thumbnail","hentry","category-agro","category-news","category-politica-agro"],"_links":{"self":[{"href":"https:\/\/agromt.news\/index.php?rest_route=\/wp\/v2\/posts\/22927"}],"collection":[{"href":"https:\/\/agromt.news\/index.php?rest_route=\/wp\/v2\/posts"}],"about":[{"href":"https:\/\/agromt.news\/index.php?rest_route=\/wp\/v2\/types\/post"}],"author":[{"embeddable":true,"href":"https:\/\/agromt.news\/index.php?rest_route=\/wp\/v2\/users\/1"}],"replies":[{"embeddable":true,"href":"https:\/\/agromt.news\/index.php?rest_route=%2Fwp%2Fv2%2Fcomments&post=22927"}],"version-history":[{"count":0,"href":"https:\/\/agromt.news\/index.php?rest_route=\/wp\/v2\/posts\/22927\/revisions"}],"wp:featuredmedia":[{"embeddable":true,"href":"https:\/\/agromt.news\/index.php?rest_route=\/wp\/v2\/media\/7330"}],"wp:attachment":[{"href":"https:\/\/agromt.news\/index.php?rest_route=%2Fwp%2Fv2%2Fmedia&parent=22927"}],"wp:term":[{"taxonomy":"category","embeddable":true,"href":"https:\/\/agromt.news\/index.php?rest_route=%2Fwp%2Fv2%2Fcategories&post=22927"},{"taxonomy":"post_tag","embeddable":true,"href":"https:\/\/agromt.news\/index.php?rest_route=%2Fwp%2Fv2%2Ftags&post=22927"}],"curies":[{"name":"wp","href":"https:\/\/api.w.org\/{rel}","templated":true}]}}