{"id":22864,"date":"2025-10-25T12:55:41","date_gmt":"2025-10-25T16:55:41","guid":{"rendered":"https:\/\/agromt.news\/?p=22864"},"modified":"2025-10-25T12:55:41","modified_gmt":"2025-10-25T16:55:41","slug":"belem-exibe-50-esculturas-de-oncas-pintadas-em-galeria-a-ceu-aberto-durante-a-cop30","status":"publish","type":"post","link":"https:\/\/agromt.news\/?p=22864","title":{"rendered":"Bel\u00e9m exibe 50 esculturas de on\u00e7as-pintadas em galeria a c\u00e9u aberto durante a COP30"},"content":{"rendered":"<p> <br \/>\n<\/p>\n<div>\n<p>A partir deste s\u00e1bado (25), Bel\u00e9m se transforma em uma grande galeria a c\u00e9u aberto com a chegada da\u00a0Jaguar Parade 2025, exposi\u00e7\u00e3o internacional que une arte, cultura e consci\u00eancia ambiental. <\/p>\n<p>A\u00a0mostra, que coincide com o per\u00edodo em que a cidade sedia a 30\u00aa Confer\u00eancia das Na\u00e7\u00f5es Unidas Sobre Mudan\u00e7as Clim\u00e1ticas (<a href=\"https:\/\/www.canalrural.com.br\/tag\/cop30\/\">COP30<\/a>), apresenta\u00a0cerca de 50 esculturas de on\u00e7as-pintadas espalhadas por pontos tur\u00edsticos e espa\u00e7os de grande circula\u00e7\u00e3o.<img decoding=\"async\" src=\"https:\/\/agromt.news\/wp-content\/uploads\/2025\/10\/Belem-exibe-50-esculturas-de-oncas-pintadas-em-galeria-a-ceu.png\"\/><img decoding=\"async\" src=\"https:\/\/agromt.news\/wp-content\/uploads\/2025\/10\/Belem-exibe-50-esculturas-de-oncas-pintadas-em-galeria-a-ceu.png\"\/><img decoding=\"async\" src=\"https:\/\/agromt.news\/wp-content\/uploads\/2025\/10\/Belem-exibe-50-esculturas-de-oncas-pintadas-em-galeria-a-ceu.gif\"\/><img decoding=\"async\" src=\"https:\/\/agromt.news\/wp-content\/uploads\/2025\/10\/Belem-exibe-50-esculturas-de-oncas-pintadas-em-galeria-a-ceu.gif\"\/><\/p>\n<p>As esculturas, produzidas por artistas brasileiros e estrangeiros, refor\u00e7am a import\u00e2ncia de proteger a on\u00e7a-pintada e seu habitat, sobretudo na Amaz\u00f4nia, onde se concentra a maior popula\u00e7\u00e3o do felino.<\/p>\n<h2 class=\"wp-block-heading\" id=\"h-origem-das-obras\">Origem das obras<\/h2>\n<p>Das 50 obras expostas, 38 foram customizadas por artistas paraenses, duas vieram do Maranh\u00e3o e dez s\u00e3o reapresenta\u00e7\u00f5es de edi\u00e7\u00f5es anteriores em cidades como S\u00e3o Paulo, Rio de Janeiro, Belo Horizonte, Florian\u00f3polis, Nova York, Cali e Paris, onde o projeto integrou a programa\u00e7\u00e3o dos Jogos Ol\u00edmpicos de 2024.<\/p>\n<p>A edi\u00e7\u00e3o de Bel\u00e9m tamb\u00e9m valoriza o protagonismo feminino amaz\u00f4nico. As artistas e madrinhas Gaby Amarantos, Faf\u00e1 de Bel\u00e9m e Isabelle Nogueira se unem \u00e0 iniciativa para refor\u00e7ar a mensagem de defesa da floresta e da biodiversidade.<\/p>\n<h2 class=\"wp-block-heading\" id=\"h-exposicao-e-arrecadacao\">Exposi\u00e7\u00e3o e arrecada\u00e7\u00e3o <\/h2>\n<p>As esculturas ficar\u00e3o expostas at\u00e9 30 de novembro. No dia 29, quando se celebra o Dia Nacional da On\u00e7a-Pintada, ser\u00e1 realizado o leil\u00e3o beneficente das obras. Toda a arrecada\u00e7\u00e3o ser\u00e1 destinada para institui\u00e7\u00f5es que atuam na conserva\u00e7\u00e3o da esp\u00e9cie, como On\u00e7afari, Panthera, Ampara Silvestre, SOS Pantanal, Instituto Libio, Instituto Peabiru e BRC.<\/p>\n<p>Criada em 2019, a Jaguar Parade chega pela primeira vez \u00e0 regi\u00e3o Norte, com o prop\u00f3sito de aliar arte e impacto socioambiental. As on\u00e7as poder\u00e3o ser vistas em locais emblem\u00e1ticos como o Portal da Amaz\u00f4nia, Esta\u00e7\u00e3o das Docas, Ver-o-Rio, Pra\u00e7a da Rep\u00fablica, Pra\u00e7a Santu\u00e1rio de Nazar\u00e9 e Parque da Resid\u00eancia, entre outros.<\/p>\n<p><strong>Servi\u00e7o<\/strong><\/p>\n<p>Exposi\u00e7\u00e3o em Bel\u00e9m: 25 de outubro a 30 de novembro<\/p>\n<p>Leil\u00e3o da Jaguar Parade: 29 de novembro (hor\u00e1rio ainda n\u00e3o foi divulgado)<\/p>\n<p>Para mais informa\u00e7\u00f5es acesse o site:\u00a0<a href=\"http:\/\/www.jaguarparade.com\/belem2025\" target=\"_blank\" rel=\"noreferrer noopener\">www.jaguarparade.com\/belem2025<\/a><\/p>\n<\/p><\/div>\n<p><br \/>\n<br \/><a href=\"https:\/\/www.canalrural.com.br\/diversos\/belem-exibe-50-esculturas-de-oncas-pintadas-em-galeria-a-ceu-aberto-durante-a-cop30\/\">Source link <\/a><\/p>\n","protected":false},"excerpt":{"rendered":"<p>A partir deste s\u00e1bado (25), Bel\u00e9m se transforma em uma grande galeria a c\u00e9u aberto com a chegada da\u00a0Jaguar Parade<\/p>\n","protected":false},"author":1,"featured_media":22865,"comment_status":"open","ping_status":"open","sticky":false,"template":"","format":"standard","meta":{"_monsterinsights_skip_tracking":false,"_monsterinsights_sitenote_active":false,"_monsterinsights_sitenote_note":"","_monsterinsights_sitenote_category":0,"_uf_show_specific_survey":0,"_uf_disable_surveys":false,"footnotes":""},"categories":[1],"tags":[],"class_list":["post-22864","post","type-post","status-publish","format-standard","has-post-thumbnail","hentry","category-news"],"_links":{"self":[{"href":"https:\/\/agromt.news\/index.php?rest_route=\/wp\/v2\/posts\/22864"}],"collection":[{"href":"https:\/\/agromt.news\/index.php?rest_route=\/wp\/v2\/posts"}],"about":[{"href":"https:\/\/agromt.news\/index.php?rest_route=\/wp\/v2\/types\/post"}],"author":[{"embeddable":true,"href":"https:\/\/agromt.news\/index.php?rest_route=\/wp\/v2\/users\/1"}],"replies":[{"embeddable":true,"href":"https:\/\/agromt.news\/index.php?rest_route=%2Fwp%2Fv2%2Fcomments&post=22864"}],"version-history":[{"count":0,"href":"https:\/\/agromt.news\/index.php?rest_route=\/wp\/v2\/posts\/22864\/revisions"}],"wp:featuredmedia":[{"embeddable":true,"href":"https:\/\/agromt.news\/index.php?rest_route=\/wp\/v2\/media\/22865"}],"wp:attachment":[{"href":"https:\/\/agromt.news\/index.php?rest_route=%2Fwp%2Fv2%2Fmedia&parent=22864"}],"wp:term":[{"taxonomy":"category","embeddable":true,"href":"https:\/\/agromt.news\/index.php?rest_route=%2Fwp%2Fv2%2Fcategories&post=22864"},{"taxonomy":"post_tag","embeddable":true,"href":"https:\/\/agromt.news\/index.php?rest_route=%2Fwp%2Fv2%2Ftags&post=22864"}],"curies":[{"name":"wp","href":"https:\/\/api.w.org\/{rel}","templated":true}]}}