{"id":22841,"date":"2025-10-24T20:10:04","date_gmt":"2025-10-25T00:10:04","guid":{"rendered":"https:\/\/agromt.news\/?p=22841"},"modified":"2025-10-24T20:10:04","modified_gmt":"2025-10-25T00:10:04","slug":"candidato-a-diretor-do-iica-ex-ministro-do-uruguai-defende-papel-de-lideranca-do-brasil-no-agro","status":"publish","type":"post","link":"https:\/\/agromt.news\/?p=22841","title":{"rendered":"Candidato a diretor do IICA, ex-ministro do Uruguai defende papel de lideran\u00e7a do Brasil no agro"},"content":{"rendered":"<p> <br \/>\n<br \/><img decoding=\"async\" src=\"https:\/\/agromt.news\/wp-content\/uploads\/2025\/10\/Candidato-a-diretor-do-IICA-ex-ministro-do-Uruguai-defende-papel.jpg\" \/><\/p>\n<div>\n<p>Os ministros da Agricultura das Am\u00e9ricas se re\u00fanem em Bras\u00edlia, entre os dias 3 e 5 de novembro, para escolher o novo diretor-geral do Instituto Interamericano de Coopera\u00e7\u00e3o para Agricultura (IICA), \u00f3rg\u00e3o que re\u00fane 34 pa\u00edses do continente e atua h\u00e1 mais de 80 anos na formula\u00e7\u00e3o de pol\u00edticas e projetos voltados ao desenvolvimento sustent\u00e1vel do setor.<\/p>\n<p>Um dos candidatos ao cargo \u00e9 Fernando Matos, ex-ministro da Agricultura e ex-presidente da Associa\u00e7\u00e3o Rural do Uruguai. Em entrevista ao <em>Rural Not\u00edcias<\/em>, do <strong>Canal Rural<\/strong>, Matos destacou a import\u00e2ncia da integra\u00e7\u00e3o entre os pa\u00edses das Am\u00e9ricas e o papel de lideran\u00e7a do Brasil no avan\u00e7o tecnol\u00f3gico do agroneg\u00f3cio.<\/p>\n<p>\u201cO IICA \u00e9 uma organiza\u00e7\u00e3o multilateral especializada na coopera\u00e7\u00e3o para a agricultura, assist\u00eancia t\u00e9cnica e financiamento de projetos. \u00c9 um \u00f3rg\u00e3o com 83 anos de exist\u00eancia e um papel estrat\u00e9gico na seguran\u00e7a alimentar global\u201d, afirmou.<\/p>\n<h2 class=\"wp-block-heading\" id=\"h-potencial-das-americas-e-papel-do-brasil\">Potencial das Am\u00e9ricas e papel do Brasil<\/h2>\n<p>Segundo Matos, o continente americano \u00e9 o que mais re\u00fane condi\u00e7\u00f5es para expandir de forma sustent\u00e1vel a produ\u00e7\u00e3o de alimentos no mundo.<\/p>\n<p>\u201cTemos solo f\u00e9rtil, \u00e1gua doce em abund\u00e2ncia, clima favor\u00e1vel e produtores qualificados. O hemisf\u00e9rio ocidental tem um papel central na seguran\u00e7a alimentar global\u201d, destacou.<\/p>\n<p>O candidato uruguaio tamb\u00e9m ressaltou que o Brasil \u00e9 pe\u00e7a-chave nesse processo, principalmente pela expertise desenvolvida na agricultura tropical e pelos avan\u00e7os da Embrapa.<\/p>\n<p>\u201cO Brasil \u00e9 exemplo de sucesso, com evolu\u00e7\u00e3o tecnol\u00f3gica que o colocou entre os principais produtores e exportadores do mundo. A coopera\u00e7\u00e3o brasileira, especialmente em pesquisa e inova\u00e7\u00e3o, pode transformar a agricultura em outros pa\u00edses das Am\u00e9ricas\u201d, afirmou.<\/p>\n<h2 class=\"wp-block-heading\" id=\"h-desafios-globais-e-foco-em-tecnologia\">Desafios globais e foco em tecnologia<\/h2>\n<p>Matos lembrou que o mundo enfrentar\u00e1 um grande desafio nas pr\u00f3ximas d\u00e9cadas: produzir mais com menos recursos.<\/p>\n<p>\u201cA popula\u00e7\u00e3o global deve passar de 8 para 10 bilh\u00f5es de pessoas, o que exigir\u00e1 entre 50% e 60% mais alimentos, biocombust\u00edveis e fibras. Isso s\u00f3 ser\u00e1 poss\u00edvel com tecnologia, pesquisa e sustentabilidade\u201d, avaliou.<\/p>\n<p>O ex-ministro tamb\u00e9m defendeu a necessidade de reduzir desigualdades regionais e fortalecer a coopera\u00e7\u00e3o diante dos efeitos das mudan\u00e7as clim\u00e1ticas e dos riscos sanit\u00e1rios.<\/p>\n<p>\u201cA paz do mundo depender\u00e1 do que fizermos para fortalecer as cadeias produtivas e garantir o abastecimento de alimentos\u201d, concluiu.<\/p>\n<p>A elei\u00e7\u00e3o do novo diretor do IICA ocorre durante a Confer\u00eancia de Ministros da Agricultura das Am\u00e9ricas, em Bras\u00edlia. Dos 34 pa\u00edses membros, 32 ter\u00e3o direito a voto, j\u00e1 que Venezuela e Nicar\u00e1gua est\u00e3o temporariamente impedidas de participar do processo.<\/p>\n<p><iframe title=\"Ministros da Agricultura das Am\u00e9ricas se re\u00fanem em Bras\u00edlia para escolher novo diretor do IICA\" width=\"800\" height=\"450\" src=\"https:\/\/www.youtube.com\/embed\/R7E9bNoLDQI?feature=oembed\" frameborder=\"0\" allow=\"accelerometer; autoplay; clipboard-write; encrypted-media; gyroscope; picture-in-picture; web-share\" referrerpolicy=\"strict-origin-when-cross-origin\" allowfullscreen><\/iframe><noscript><iframe title=\"Ministros da Agricultura das Am\u00e9ricas se re\u00fanem em Bras\u00edlia para escolher novo diretor do IICA\" width=\"800\" height=\"450\" src=\"https:\/\/www.youtube.com\/embed\/R7E9bNoLDQI?feature=oembed\" frameborder=\"0\" allow=\"accelerometer; autoplay; clipboard-write; encrypted-media; gyroscope; picture-in-picture; web-share\" referrerpolicy=\"strict-origin-when-cross-origin\" allowfullscreen><\/iframe><\/noscript>\n\t<\/div>\n<p><br \/>\n<br \/><a href=\"https:\/\/www.canalrural.com.br\/agricultura\/candidato-a-diretor-do-iica-ex-ministro-do-uruguai-defende-papel-de-lideranca-do-brasil-no-agro\/\">Source link <\/a><\/p>\n","protected":false},"excerpt":{"rendered":"<p>Os ministros da Agricultura das Am\u00e9ricas se re\u00fanem em Bras\u00edlia, entre os dias 3 e 5 de novembro, para escolher<\/p>\n","protected":false},"author":1,"featured_media":22842,"comment_status":"open","ping_status":"open","sticky":false,"template":"","format":"standard","meta":{"_monsterinsights_skip_tracking":false,"_monsterinsights_sitenote_active":false,"_monsterinsights_sitenote_note":"","_monsterinsights_sitenote_category":0,"_uf_show_specific_survey":0,"_uf_disable_surveys":false,"footnotes":""},"categories":[1],"tags":[],"class_list":["post-22841","post","type-post","status-publish","format-standard","has-post-thumbnail","hentry","category-news"],"_links":{"self":[{"href":"https:\/\/agromt.news\/index.php?rest_route=\/wp\/v2\/posts\/22841"}],"collection":[{"href":"https:\/\/agromt.news\/index.php?rest_route=\/wp\/v2\/posts"}],"about":[{"href":"https:\/\/agromt.news\/index.php?rest_route=\/wp\/v2\/types\/post"}],"author":[{"embeddable":true,"href":"https:\/\/agromt.news\/index.php?rest_route=\/wp\/v2\/users\/1"}],"replies":[{"embeddable":true,"href":"https:\/\/agromt.news\/index.php?rest_route=%2Fwp%2Fv2%2Fcomments&post=22841"}],"version-history":[{"count":0,"href":"https:\/\/agromt.news\/index.php?rest_route=\/wp\/v2\/posts\/22841\/revisions"}],"wp:featuredmedia":[{"embeddable":true,"href":"https:\/\/agromt.news\/index.php?rest_route=\/wp\/v2\/media\/22842"}],"wp:attachment":[{"href":"https:\/\/agromt.news\/index.php?rest_route=%2Fwp%2Fv2%2Fmedia&parent=22841"}],"wp:term":[{"taxonomy":"category","embeddable":true,"href":"https:\/\/agromt.news\/index.php?rest_route=%2Fwp%2Fv2%2Fcategories&post=22841"},{"taxonomy":"post_tag","embeddable":true,"href":"https:\/\/agromt.news\/index.php?rest_route=%2Fwp%2Fv2%2Ftags&post=22841"}],"curies":[{"name":"wp","href":"https:\/\/api.w.org\/{rel}","templated":true}]}}