{"id":22765,"date":"2025-10-23T18:17:42","date_gmt":"2025-10-23T22:17:42","guid":{"rendered":"https:\/\/agromt.news\/?p=22765"},"modified":"2025-10-23T18:17:42","modified_gmt":"2025-10-23T22:17:42","slug":"sebrae-lanca-projeto-sustentavel-para-pecuaria-no-vale-do-paraiba-saiba-mais","status":"publish","type":"post","link":"https:\/\/agromt.news\/?p=22765","title":{"rendered":"Sebrae lan\u00e7a projeto sustent\u00e1vel para pecu\u00e1ria no Vale do Para\u00edba; saiba mais"},"content":{"rendered":"<p> <br \/>\n<br \/><img decoding=\"async\" src=\"https:\/\/agromt.news\/wp-content\/uploads\/2025\/10\/Sebrae-lanca-projeto-sustentavel-para-pecuaria-no-Vale-do-Paraiba.jpg\" \/><\/p>\n<div>\n<p>O Sebrae de S\u00e3o Paulo lan\u00e7ou um projeto ambiental pioneiro no Vale do Para\u00edba com o objetivo de impulsionar a sustentabilidade na pecu\u00e1ria de corte, o que tem impacto direto na redu\u00e7\u00e3o da emiss\u00e3o de gases de efeito estufa.<\/p>\n<p>A iniciativa, desenvolvida em parceria com a Associa\u00e7\u00e3o dos Produtores de Gado de Corte (Aprocorte) e sindicatos rurais, introduz uma calculadora de carbono que permite ao produtor identificar e medir o potencial de produ\u00e7\u00e3o de carbono, al\u00e9m de melhorar os processos na fazenda.<\/p>\n<p>A proposta visa tirar o produtor da m\u00e9dia nacional de 0,7 unidades animais por hectare (UA\/ha) e lev\u00e1-lo a patamares de 2,3 a 2,4 UA\/ha, por meio da intensifica\u00e7\u00e3o da produ\u00e7\u00e3o. <\/p>\n<p>Em entrevista ao <em>Giro do Boi<\/em>, o consultor de neg\u00f3cios do Sebrae, Felipe Rimkus, destacou que a \u00e1rea que faz a gest\u00e3o dos dados de carbono se torna menos sens\u00edvel \u00e0 oscila\u00e7\u00e3o clim\u00e1tica.<\/p>\n<p>Confira:<\/p>\n<figure class=\"wp-block-embed wp-embed-aspect-16-9 wp-has-aspect-ratio  is-type-video is-provider-youtube wp-block-embed-youtube\"\/>\n<h2 class=\"wp-block-heading\" id=\"h-crescimento-da-pecuaria-no-vale-do-paraiba\">Crescimento da pecu\u00e1ria no Vale do Para\u00edba<\/h2>\n<p>O crescimento da pecu\u00e1ria no Vale do Para\u00edba \u00e9 not\u00e1vel, com fazendas ganhando em produtividade e produ\u00e7\u00e3o. Tamb\u00e9m em entrevista, o zootecnista Lu\u00eds Kodel refor\u00e7a que a sustentabilidade come\u00e7a pela viabilidade econ\u00f4mica. Com margens melhores, o produtor consegue investir na sustentabilidade ambiental.<\/p>\n<p>A intensifica\u00e7\u00e3o da produ\u00e7\u00e3o est\u00e1 diretamente ligada \u00e0 redu\u00e7\u00e3o das emiss\u00f5es. O produtor que intensifica o manejo automaticamente diminui a emiss\u00e3o de metano e CO2 por quilo de carne, fazendo \u201cum bem para o meio ambiente e um bem para o seu bolso\u201d.<\/p>\n<p>A integra\u00e7\u00e3o de sistemas, como a ILPF (Integra\u00e7\u00e3o Lavoura-Pecu\u00e1ria-Florestal), e o uso de forrageiras como a braqui\u00e1ria, que s\u00e3o grandes fixadoras de carbono, s\u00e3o cruciais nesse processo.<\/p>\n<h2 class=\"wp-block-heading\" id=\"h-conscientizacao-e-mercado-de-carbono\">Conscientiza\u00e7\u00e3o e mercado de carbono<\/h2>\n<p>A grande sacada do projeto do Sebrae \u00e9 promover a conscientiza\u00e7\u00e3o de que o pasto \u00e9 lavoura. O produtor j\u00e1 realiza boas pr\u00e1ticas, mas precisa organizar esses dados e coloc\u00e1-los para frente no relacionamento com a ind\u00fastria e com o consumidor.<\/p>\n<p>O Sebrae est\u00e1 atento ao mercado de carbono e \u00e0 possibilidade de pagamento por servi\u00e7os ambientais para a pastagem. O atendimento do projeto come\u00e7ou no Vale do Para\u00edba, mas a calculadora estar\u00e1 dispon\u00edvel para todo o estado de S\u00e3o Paulo a partir do ano que vem.<\/p>\n<p>Os produtores podem procurar o escrit\u00f3rio mais pr\u00f3ximo para ter acesso \u00e0 informa\u00e7\u00e3o e se preparar para essa nova fase da pecu\u00e1ria sustent\u00e1vel, o que \u00e9 especialmente relevante em um momento de holofotes globais, como a COP 30.<\/p>\n<p>Com informa\u00e7\u00f5es de: <a href=\"https:\/\/girodoboi.canalrural.com.br\/pecuaria\/projeto-do-sebrae-ajuda-produtor-a-reduzir-emissoes-na-pecuaria\/\" rel=\"nofollow\">girodoboi.canalrural.com.br<\/a>.<\/p>\n<p>Publicado com aux\u00edlio de intelig\u00eancia artificial e revis\u00e3o da Reda\u00e7\u00e3o Canal Rural.<\/p>\n<\/p><\/div>\n<p><br \/>\n<br \/><a href=\"https:\/\/www.canalrural.com.br\/pecuaria\/sebrae-lanca-projeto-sustentavel-para-pecuaria-no-vale-do-paraiba-saiba-mais\/\">Source link <\/a><\/p>\n","protected":false},"excerpt":{"rendered":"<p>O Sebrae de S\u00e3o Paulo lan\u00e7ou um projeto ambiental pioneiro no Vale do Para\u00edba com o objetivo de impulsionar a<\/p>\n","protected":false},"author":1,"featured_media":22766,"comment_status":"open","ping_status":"open","sticky":false,"template":"","format":"standard","meta":{"_monsterinsights_skip_tracking":false,"_monsterinsights_sitenote_active":false,"_monsterinsights_sitenote_note":"","_monsterinsights_sitenote_category":0,"_uf_show_specific_survey":0,"_uf_disable_surveys":false,"footnotes":""},"categories":[1],"tags":[],"class_list":["post-22765","post","type-post","status-publish","format-standard","has-post-thumbnail","hentry","category-news"],"_links":{"self":[{"href":"https:\/\/agromt.news\/index.php?rest_route=\/wp\/v2\/posts\/22765"}],"collection":[{"href":"https:\/\/agromt.news\/index.php?rest_route=\/wp\/v2\/posts"}],"about":[{"href":"https:\/\/agromt.news\/index.php?rest_route=\/wp\/v2\/types\/post"}],"author":[{"embeddable":true,"href":"https:\/\/agromt.news\/index.php?rest_route=\/wp\/v2\/users\/1"}],"replies":[{"embeddable":true,"href":"https:\/\/agromt.news\/index.php?rest_route=%2Fwp%2Fv2%2Fcomments&post=22765"}],"version-history":[{"count":0,"href":"https:\/\/agromt.news\/index.php?rest_route=\/wp\/v2\/posts\/22765\/revisions"}],"wp:featuredmedia":[{"embeddable":true,"href":"https:\/\/agromt.news\/index.php?rest_route=\/wp\/v2\/media\/22766"}],"wp:attachment":[{"href":"https:\/\/agromt.news\/index.php?rest_route=%2Fwp%2Fv2%2Fmedia&parent=22765"}],"wp:term":[{"taxonomy":"category","embeddable":true,"href":"https:\/\/agromt.news\/index.php?rest_route=%2Fwp%2Fv2%2Fcategories&post=22765"},{"taxonomy":"post_tag","embeddable":true,"href":"https:\/\/agromt.news\/index.php?rest_route=%2Fwp%2Fv2%2Ftags&post=22765"}],"curies":[{"name":"wp","href":"https:\/\/api.w.org\/{rel}","templated":true}]}}