{"id":22764,"date":"2025-10-23T18:03:33","date_gmt":"2025-10-23T22:03:33","guid":{"rendered":"https:\/\/agromt.news\/?p=22764"},"modified":"2025-10-23T18:03:33","modified_gmt":"2025-10-23T22:03:33","slug":"na-crise-a-capacidade-de-adaptacao-define-o-negocio-no-campo","status":"publish","type":"post","link":"https:\/\/agromt.news\/?p=22764","title":{"rendered":"Na crise, a capacidade de adapta\u00e7\u00e3o define o neg\u00f3cio no campo\u00a0"},"content":{"rendered":"<p> <br \/>\n<br \/><img decoding=\"async\" src=\"https:\/\/agromt.news\/wp-content\/uploads\/2025\/06\/Saiba-como-apicultor-de-Itu-extrai-ate-40-kg-de.png\" \/><\/p>\n<div>\n<p><strong><strong>#PROGRAMETE #2<\/strong>4<\/strong><\/p>\n<p>Quando os tempos ficam dif\u00edceis, \u00e9 a capacidade de adapta\u00e7\u00e3o que separa quem desiste de quem encontra novos caminhos para prosperar. Vamos conhecer a hist\u00f3ria de Henrique Sloper, produtor rural de Domingos Martins (ES), que transformou um grande problema em uma oportunidade \u00fanica. Sua propriedade foi invadida por jacus, aves da Mata Atl\u00e2ntica que destru\u00edram parte do cafezal. <\/p>\n<p>Em vez de se render ao preju\u00edzo, Sloper pesquisou e descobriu que os gr\u00e3os expelidos pelas aves, ap\u00f3s passarem pelo trato digestivo, podiam ser torrados e transformados em um caf\u00e9 de sabor raro e refinado. <\/p>\n<p>Quer saber como transformar desafios em oportunidades? Aperte o <a href=\"https:\/\/www.youtube.com\/watch?v=jHWAcl1YQCo\">play<\/a> e venha empreender com a gente!<\/p>\n<figure class=\"wp-block-embed wp-embed-aspect-16-9 wp-has-aspect-ratio  is-type-video is-provider-youtube wp-block-embed-youtube\"\/>\n<ul class=\"wp-block-list\">\n<li>Participe do Porteira Aberta Empreender: envie perguntas, sugest\u00f5es e conte a sua hist\u00f3ria de empreendedorismo pelo<a href=\"https:\/\/api.whatsapp.com\/send?phone=5511932796720&amp;PorteiraAbertaEmpreender=SuaMensagem\"> WhatsApp<\/a><\/li>\n<\/ul>\n<p>#<\/p>\n<h2 class=\"wp-block-heading\" id=\"h-cafes-especiais-uma-tradicao-que-ultrapassa-geracoes\">Caf\u00e9s especiais: uma tradi\u00e7\u00e3o que ultrapassa gera\u00e7\u00f5es<\/h2>\n<p><strong><strong>#PROGRAMETE #23<\/strong><\/strong><\/p>\n<p>Na regi\u00e3o serrana do Esp\u00edrito Santo, em Venda Nova do Imigrante, uma fam\u00edlia chega \u00e0 quarta gera\u00e7\u00e3o na produ\u00e7\u00e3o de caf\u00e9s. \u201cSa\u00ed para estudar engenharia e meu irm\u00e3o ficou na ro\u00e7a\u201d, relembra Tatiane Andri\u00e3o Zandonade, gestora de marketing da propriedade.\u00a0<\/p>\n<p>Anos depois, a convite do irm\u00e3o, Tatiane retornou \u00e0 propriedade com o objetivo de impulsionar a produ\u00e7\u00e3o de caf\u00e9s especiais e fortalecer o turismo rural. Com apoio do Sebrae, os projetos ganharam estrutura e visibilidade, tornando-se refer\u00eancia em empreendedorismo sustent\u00e1vel na regi\u00e3o.\u00a0<\/p>\n<p>Quer saber mais sobre a hist\u00f3ria da fam\u00edlia Zandonade? Ent\u00e3o aperte o play <a href=\"https:\/\/www.youtube.com\/watch?v=JydGiisMdrY\">aqui<\/a>. <\/p>\n<figure class=\"wp-block-embed wp-embed-aspect-16-9 wp-has-aspect-ratio  is-type-video is-provider-youtube wp-block-embed-youtube\"\/>\n<ul class=\"wp-block-list\">\n<li>Participe do Porteira Aberta Empreender: envie perguntas, sugest\u00f5es e conte a sua hist\u00f3ria de empreendedorismo pelo<a href=\"https:\/\/api.whatsapp.com\/send?phone=5511932796720&amp;PorteiraAbertaEmpreender=SuaMensagem\"> WhatsApp<\/a><\/li>\n<\/ul>\n<p><strong>#PROGRAMETE #22<\/strong><\/p>\n<p>Essas duas siglas s\u00e3o fundamentais para quem vive e trabalha no campo. Vamos mostrar de forma clara o que cada uma significa, para que serve e como impacta o acesso a pol\u00edticas p\u00fablicas e a gest\u00e3o ambiental.  <a href=\"https:\/\/youtu.be\/XVBpSvcQa9A\">Clica aqui <\/a>e assista! <\/p>\n<p>E lembre-se: o<strong> Sebrae <\/strong>est\u00e1 sempre pronto para apoiar com orienta\u00e7\u00e3o, cursos e estrat\u00e9gias para fortalecer o pequeno neg\u00f3cio rural.\u00a0<\/p>\n<figure class=\"wp-block-embed wp-embed-aspect-16-9 wp-has-aspect-ratio  is-type-video is-provider-youtube wp-block-embed-youtube\"\/>\n<ul class=\"wp-block-list\">\n<li>Participe do Porteira Aberta Empreender: envie perguntas, sugest\u00f5es e conte a sua hist\u00f3ria de empreendedorismo pelo<a href=\"https:\/\/api.whatsapp.com\/send?phone=5511932796720&amp;PorteiraAbertaEmpreender=SuaMensagem\"> WhatsApp<\/a><\/li>\n<\/ul>\n<h2 class=\"wp-block-heading\" id=\"h-rota-dos-pireneus-une-tradicao-e-gastronomia\">Rota dos Pireneus une tradi\u00e7\u00e3o e gastronomia<\/h2>\n<p><strong>#PROGRAMAMETE 21#<\/strong><\/p>\n<p>A Rota dos Pireneus nasceu para conectar produtores, visitantes e experi\u00eancias \u00fanicas. Hoje, \u00e9 um destino que alia sabor, cultura e paisagens deslumbrantes, e que conta com o apoio decisivo do Sebrae. Stephan veio da Sui\u00e7a e sentiu que precisava trazer a tradi\u00e7\u00e3o dos queijos para Goi\u00e1s. Acompanhe a hist\u00f3ria!<\/p>\n<figure class=\"wp-block-embed wp-embed-aspect-16-9 wp-has-aspect-ratio  is-type-video is-provider-youtube wp-block-embed-youtube\"\/>\n<ul class=\"wp-block-list\">\n<li>Participe do Porteira Aberta Empreender: envie perguntas, sugest\u00f5es e conte a sua hist\u00f3ria de empreendedorismo pelo<a href=\"https:\/\/api.whatsapp.com\/send?phone=5511932796720&amp;PorteiraAbertaEmpreender=SuaMensagem\"> WhatsApp<\/a><\/li>\n<\/ul>\n<p><strong>#PROGRAMETE #20<\/strong><\/p>\n<p>Quer turbinar suas vendas no campo?\u00a0 A dica \u00e9 aproveitar o que est\u00e1 em alta, caprichar na apresenta\u00e7\u00e3o e usar bem as redes sociais.<\/p>\n<p>O exemplo vem do produtor Diego Amaral, de Piracaia, interior de S\u00e3o Paulo, que dobrou suas vendas de morangos ao entrar na onda do \u2018morango do amor\u2019. <a href=\"https:\/\/www.youtube.com\/watch?v=p0msUlkkf_8\">Acesse aqui<\/a> e confira dicas valiosas para alavancar suas vendas. <\/p>\n<p>E lembre-se: o<strong> Sebrae <\/strong>est\u00e1 sempre pronto para apoiar com orienta\u00e7\u00e3o, cursos e estrat\u00e9gias para fortalecer o pequeno neg\u00f3cio rural.\u00a0<\/p>\n<figure class=\"wp-block-embed wp-embed-aspect-16-9 wp-has-aspect-ratio  is-type-video is-provider-youtube wp-block-embed-youtube\"\/>\n<ul class=\"wp-block-list\">\n<li>Participe do Porteira Aberta Empreender: envie perguntas, sugest\u00f5es e conte a sua hist\u00f3ria de empreendedorismo pelo<a href=\"https:\/\/api.whatsapp.com\/send?phone=5511932796720&amp;PorteiraAbertaEmpreender=SuaMensagem\"> WhatsApp<\/a><\/li>\n<\/ul>\n<h2 class=\"wp-block-heading\" id=\"h-descubra-o-ouro-branco-da-mata-atlantica-paulista\">Descubra o \u2018ouro branco\u2019 da Mata Atl\u00e2ntica paulista<\/h2>\n<p><strong>#PROGRAMETE #19<\/strong><\/p>\n<p>Na Palmitol\u00e2ndia, em plena Mata Atl\u00e2ntica paulista, o palmito pupunha \u00e9 valorizado como <strong><a href=\"https:\/\/www.canalrural.com.br\/empreendedorismo\/produtora-transforma-palmito-em-negocio-sustentavel-focado-na-educacao-ambiental\/\">ouro branco<\/a><\/strong>. Ele vira alimento, papel, vassoura, cerveja e, em breve, at\u00e9 estrutura de constru\u00e7\u00e3o! Tudo isso com foco em sustentabilidade, respeito ao meio ambiente e prop\u00f3sito.\u00a0<\/p>\n<p>Esse projeto re\u00fane agricultura, gastronomia e turismo para mostrar o potencial da floresta e promover a conserva\u00e7\u00e3o de esp\u00e9cies nativas, como o Jussara. <\/p>\n<p>Confira <a href=\"https:\/\/www.youtube.com\/watch?v=h0p1UvqtMvU\">aqui <\/a>a hist\u00f3ria completa da Gabi Rodrigues, propriet\u00e1ria da Palmitol\u00e2ndia e veja o palmito com outros olhos!<\/p>\n<figure class=\"wp-block-embed wp-embed-aspect-16-9 wp-has-aspect-ratio  is-type-video is-provider-youtube wp-block-embed-youtube\"\/>\n<p>#<\/p>\n<h2 class=\"wp-block-heading\" id=\"h-saiba-como-o-ali-rural-impulsiona-a-gestao-e-os-lucros-do-produtor\">Saiba como o \u2018ALI Rural\u2019 impulsiona a gest\u00e3o e os lucros do produtor<\/h2>\n<p><strong>#PROGRAMETE #18<\/strong><\/p>\n<p>O Agente Local de Inova\u00e7\u00e3o Rural, ALI Rural, faz parte do programa gratuito do Sebrae que apoia os micro e pequenos produtores a aumentarem a produtividade, aprimorarem a gest\u00e3o da propriedade e inovarem no campo. <\/p>\n<p>E o impacto \u00e9 real! Produtores atendidos pelo programa podem ter at\u00e9 20% de aumento na renda, segundo Paulo Renato Cabral, gerente de inova\u00e7\u00e3o do Sebrae. <\/p>\n<p><strong>Quer saber mais? <\/strong><a href=\"https:\/\/www.youtube.com\/watch?v=622gNmIaVTE\">Acesse aqui e confira os detalhes! <\/a> <\/p>\n<figure class=\"wp-block-embed wp-embed-aspect-16-9 wp-has-aspect-ratio  is-type-video is-provider-youtube wp-block-embed-youtube\"\/>\n<ul class=\"wp-block-list\">\n<li><em>Participe do Porteira Aberta Empreender: envie perguntas, sugest\u00f5es e conte sua hist\u00f3ria de empreendedorismo pelo\u00a0<\/em><a href=\"https:\/\/api.whatsapp.com\/send?phone=5511932796720&amp;PorteiraAbertaEmpreender=SuaMensagem\"><strong>WhatsApp<\/strong><\/a><\/li>\n<\/ul>\n<p>#<\/p>\n<h2 class=\"wp-block-heading\" id=\"h-saiba-como-produtores-de-chas-se-tornaram-referencia-nacional\">Saiba como produtores de ch\u00e1s se tornaram refer\u00eancia nacional<\/h2>\n<p><strong>#PROGRAMETE #17<\/strong><\/p>\n<p>O<a href=\"https:\/\/www.canalrural.com.br\/empreendedorismo\/da-roca-ao-mundo-cha-artesanal-do-vale-do-ribeira-ganha-destaque-no-mercado-global\/\"> S\u00edtio Shimada<\/a>, tradicional produtor de ch\u00e1 artesanal, \u00e9 a prova viva de que a formaliza\u00e7\u00e3o pode ser um divisor de \u00e1guas para pequenos agricultores. Com o CNPJ em m\u00e3os e o neg\u00f3cio legalizado, a fam\u00edlia conquistou novos mercados \u2014 inclusive fora do Brasil.<\/p>\n<p>Al\u00e9m disso, encontrou no Sebrae\/SP o apoio para transformar sonhos em neg\u00f3cios.<\/p>\n<p><a href=\"https:\/\/www.youtube.com\/watch?v=b1Sc6H1zxqQ\">Confira aqui esta hist\u00f3ria<\/a> de supera\u00e7\u00e3o e empreendedorismo. <\/p>\n<figure class=\"wp-block-embed wp-embed-aspect-16-9 wp-has-aspect-ratio  is-type-video is-provider-youtube wp-block-embed-youtube\"\/>\n<ul class=\"wp-block-list\">\n<li><em>Participe do Porteira Aberta Empreender: envie perguntas, sugest\u00f5es e conte sua hist\u00f3ria de empreendedorismo pelo\u00a0<\/em><a href=\"https:\/\/api.whatsapp.com\/send?phone=5511932796720&amp;PorteiraAbertaEmpreender=SuaMensagem\"><strong>WhatsApp<\/strong><\/a><\/li>\n<\/ul>\n<p>#<\/p>\n<h2 class=\"wp-block-heading\" id=\"h-aprenda-a-usar-o-whatsapp-business-para-vender-mais\">Aprenda a usar o WhatsApp Business para vender mais<\/h2>\n<p><strong>#PROGRAMETE #16<\/strong><\/p>\n<p>Para pequenos e microempreendedores, o WhatsApp Business pode ser um grande aliado na organiza\u00e7\u00e3o, nas vendas e na proximidade com os clientes.<\/p>\n<p>Conversamos com a Nat\u00e1lia Assun\u00e7\u00e3o, empres\u00e1ria que usa a ferramenta no dia a dia e compartilha a sua experi\u00eancia e d\u00e1 dicas pra quem quer profissionalizar o atendimento e vender mais.\u00a0<\/p>\n<p><a href=\"https:\/\/www.youtube.com\/watch?v=JcXCHg3ky6s\">Aperta o play<\/a> e confira!<\/p>\n<figure class=\"wp-block-embed wp-embed-aspect-16-9 wp-has-aspect-ratio  is-type-video is-provider-youtube wp-block-embed-youtube\"\/>\n<ul class=\"wp-block-list\">\n<li><em>Participe do Porteira Aberta Empreender: envie perguntas, sugest\u00f5es e conte sua hist\u00f3ria de empreendedorismo pelo\u00a0<\/em><a href=\"https:\/\/api.whatsapp.com\/send?phone=5511932796720&amp;PorteiraAbertaEmpreender=SuaMensagem\"><strong>WhatsApp<\/strong><\/a><\/li>\n<\/ul>\n<p><strong>#PROGRAMETE #15<\/strong><\/p>\n<p>Antes de iniciar o cultivo de mel em Itu, interior de S\u00e3o Paulo, Galdino Avelino Cruz buscou qualifica\u00e7\u00e3o no Sebrae e no Senar. S\u00f3 depois de aprender tudo sobre as abelhas Apis Mellifera, que come\u00e7ou a preparar iscas em sua propriedade para atrair os insetos locais.<\/p>\n<p>Atualmente, Galdino tem nove caixas de abelhas e consegue envasar cerca de 40 kg de mel por m\u00eas. Com isso, conseguiu montar o \u2018Api\u00e1rio Lua Mel\u2019.\u00a0<\/p>\n<p>A certifica\u00e7\u00e3o necess\u00e1ria para comercializar o mel ainda \u00e9 um desafio, mas encontrou uma solu\u00e7\u00e3o atrav\u00e9s de uma parceria com uma cooperativa de Sorocaba, que cuida de todo o processo de envase e rotulagem. <\/p>\n<p>Quer saber mais sobre a hist\u00f3ria de Galdino Avelino Cruz?<\/p>\n<p>Ent\u00e3o <a href=\"https:\/\/www.youtube.com\/watch?v=1a-5OC5uaiw\">aperte o play<\/a> e confira detalhes desta hist\u00f3ria inspiradora. <\/p>\n<figure class=\"wp-block-embed wp-embed-aspect-16-9 wp-has-aspect-ratio  is-type-video is-provider-youtube wp-block-embed-youtube\"\/>\n<ul class=\"wp-block-list\">\n<li><em>Participe do Porteira Aberta Empreender: envie perguntas, sugest\u00f5es e conte sua hist\u00f3ria de empreendedorismo pelo\u00a0<\/em><a href=\"https:\/\/api.whatsapp.com\/send?phone=5511932796720&amp;PorteiraAbertaEmpreender=SuaMensagem\"><strong>WhatsApp<\/strong><\/a><\/li>\n<\/ul>\n<p>#<\/p>\n<p><strong>#PROGRAMETE #14<\/strong><\/p>\n<p>Halison Gusm\u00e3o, produtor de cacha\u00e7a artesanal no nordeste de Minas Gerais, apostou nas redes sociais como ferramenta de divulga\u00e7\u00e3o e venda. Com a nova estrat\u00e9gia, ele consegue vender sua produ\u00e7\u00e3o com muito mais agilidade. <\/p>\n<p>A gestora de Alimentos e Bebidas, Micheli Bueno, do Sebrae\/RS, compartilha dicas pr\u00e1ticas para voc\u00ea turbinar as vendas da sua loja no Instagram.\u00a0<\/p>\n<p><a href=\"https:\/\/youtu.be\/gCn8SxPLW8U\">Aperte o play e confira todas as dicas aqui!<\/a><\/p>\n<figure class=\"wp-block-embed wp-embed-aspect-16-9 wp-has-aspect-ratio  is-type-video is-provider-youtube wp-block-embed-youtube\"\/>\n<h2 class=\"wp-block-heading\" id=\"h-produtora-paranaense-transforma-propriedade-em-destino-de-turismo-rural\">Produtora paranaense transforma propriedade em destino de turismo rural<\/h2>\n<p><strong>#PROGRAMETE #13<\/strong><\/p>\n<p>Ap\u00f3s superar desafios de sa\u00fade, Fabiana Castelari Leme, produtora rural de Marialva (PR), sentiu a necessidade de retomar o trabalho e encontrou uma forma inovadora de vender suas uvas sem sair de casa.<\/p>\n<p>Ela come\u00e7ou divulgando seus produtos em grupos locais e passou a vender diretamente para os consumidores. <\/p>\n<p>Mas foi al\u00e9m: abriu as porteiras do s\u00edtio e passou a receber clientes interessados em conhecer seu parreiral, dando origem ao Colha e Pague.<\/p>\n<p>Em seguida, trouxe novas inova\u00e7\u00f5es para a propriedade e lan\u00e7ou o Open de Uva, ampliando o atendimento para estudantes e idosos.<\/p>\n<p>Em todas essas iniciativas, Castelari contou com o apoio do Sebrae, mergulhou em capacita\u00e7\u00f5es e transformou sua propriedade em um destino de turismo rural, combinando tradi\u00e7\u00e3o, experi\u00eancia e novas oportunidades de neg\u00f3cio.<\/p>\n<p>Quer conhecer mais a hist\u00f3ria da Fabiana Castelari Leme?<\/p>\n<p><a href=\"https:\/\/www.youtube.com\/watch?v=sPxhLmrKkKw\">Ent\u00e3o aperte o play e confira os detalhes desta hist\u00f3ria. <\/a><\/p>\n<figure class=\"wp-block-embed wp-embed-aspect-16-9 wp-has-aspect-ratio  is-type-video is-provider-youtube wp-block-embed-youtube\"\/>\n<p><strong> #<\/strong><\/p>\n<p><strong>#PROGRAMETE #12<\/strong><\/p>\n<p>Sabia que \u00e9 poss\u00edvel aumentar suas vendas e fortalecer a conex\u00e3o com seus clientes atrav\u00e9s das plataformas digitais?\u00a0<\/p>\n<p>Mas n\u00e3o basta estar nas redes sociais, \u00e9 essencial ter uma estrat\u00e9gia bem definida e um planejamento eficaz para divulgar e promover seus produtos.<\/p>\n<p>Maria e Alexander, agricultores de Pedro de Toledo, interior de S\u00e3o Paulo, s\u00e3o prova disso.\u00a0Com o apoio do Sebrae, eles aprenderam a criar conte\u00fados estrat\u00e9gicos para as redes sociais e, hoje, impulsionam seus produtos pelas redes.\u00a0<\/p>\n<p>Quer saber como fazer o mesmo e tornar seu Instagram mais atrativo?\u00a0<\/p>\n<p><a href=\"https:\/\/www.youtube.com\/watch?v=LYYY5B27W7o\">Aperte o play e confira todas as dicas aqui!<\/a><\/p>\n<figure class=\"wp-block-embed wp-embed-aspect-16-9 wp-has-aspect-ratio  is-type-video is-provider-youtube wp-block-embed-youtube\"\/>\n<p>#<\/p>\n<h2 class=\"wp-block-heading\" id=\"h-produtora-rural-aposta-na-producao-organica-e-amplia-sua-rentabilidade\">Produtora rural aposta na produ\u00e7\u00e3o org\u00e2nica e amplia sua rentabilidade<\/h2>\n<p>#<strong>PROGRAMETE #11<\/strong><\/p>\n<p>Helo\u00edsa da Silva Campos viu o potencial dos org\u00e2nicos e desenvolveu um modelo de neg\u00f3cio que combina prop\u00f3sito e rentabilidade.\u00a0<\/p>\n<p>Com pr\u00e1ticas sustent\u00e1veis e foco na qualidade de seus produtos, como cebolas e alhos, Helo\u00edsa conquistou o mercado paranaense. Hoje, ela sabe bem que empreender no campo pode ser sustent\u00e1vel e lucrativo.\u00a0<\/p>\n<p><strong><a href=\"https:\/\/www.youtube.com\/watch?v=YWeZM2WTs3U\">Clique aqui\u00a0<\/a><\/strong>para conhecer mais sobre a inspiradora hist\u00f3ria de Helo\u00edsa Campos. <\/p>\n<figure class=\"wp-block-embed wp-embed-aspect-16-9 wp-has-aspect-ratio  is-type-video is-provider-youtube wp-block-embed-youtube\"\/>\n<h2 class=\"wp-block-heading\" id=\"h-\"># <\/h2>\n<h2 class=\"wp-block-heading\" id=\"h-pnae-apoia-pequenos-produtores-rurais-e-incentiva-a-participacao-feminina-no-agro\">PNAE apoia pequenos produtores rurais e incentiva a participa\u00e7\u00e3o feminina no agro<\/h2>\n<p>#<strong>PROGRAMETE #10<\/strong><\/p>\n<p>Uma fam\u00edlia que cultiva goiabas org\u00e2nicas em Nazar\u00e9 Paulista, interior de S\u00e3o Paulo, encontrou no Programa Nacional de Alimenta\u00e7\u00e3o Escolar (PNAE) uma oportunidade para aumentar a renda familiar, al\u00e9m de contribuir para a alimenta\u00e7\u00e3o saud\u00e1vel de muitos alunos.<\/p>\n<p>O programa tamb\u00e9m incentiva a participa\u00e7\u00e3o feminina na comercializa\u00e7\u00e3o da produ\u00e7\u00e3o<\/p>\n<p><strong><a href=\"https:\/\/youtu.be\/JYwflJ0dCm8?feature=shared\">Clique aqui <\/a><\/strong>e saiba quais s\u00e3o os documentos necess\u00e1rios para participar das chamadas p\u00fablicas.<\/p>\n<figure class=\"wp-block-embed wp-embed-aspect-16-9 wp-has-aspect-ratio  is-type-video is-provider-youtube wp-block-embed-youtube\"\/>\n<p>#<\/p>\n<p><strong>PROGRAMETE #9<\/strong><\/p>\n<figure class=\"wp-block-embed wp-embed-aspect-16-9 wp-has-aspect-ratio  is-type-video is-provider-youtube wp-block-embed-youtube\"\/>\n<p>O turismo rural pode incluir atividades que v\u00e3o desde hospedagem e intera\u00e7\u00f5es com a natureza at\u00e9 uma experi\u00eancia completa com o agro.<\/p>\n<p>O s\u00edtio S\u00e3o Jo\u00e3o, administrado pela J\u00f4 Rocha e sua fam\u00edlia, em Ca\u00e7apava (SP), produz cana-de-a\u00e7\u00facar, cacha\u00e7as e licores. Atualmente, est\u00e1 sendo adaptado para gerar renda extra com o turismo rural. <a href=\"https:\/\/www.youtube.com\/watch?v=ntNGmT0m-yA\">Acesse aqui<\/a> e confira essa hist\u00f3ria!<\/p>\n<p>#<\/p>\n<h2 class=\"wp-block-heading\" id=\"h-do-planejamento-a-colheita-saiba-como-um-produtor-de-goias-gerencia-seus-creditos\">Do planejamento \u00e0 colheita: saiba como um produtor de Goi\u00e1s gerencia seus cr\u00e9ditos<\/h2>\n<p><strong>PROGRAMETE #8<\/strong><\/p>\n<figure class=\"wp-block-embed wp-embed-aspect-16-9 wp-has-aspect-ratio  is-type-video is-provider-youtube wp-block-embed-youtube\"\/>\n<p>Com um planejamento eficiente, M\u00e1rcio Martins, produtor rural de Alex\u00e2nia, Goi\u00e1s, obteve cr\u00e9dito v\u00e1rias vezes, para inovar e transformar sua produ\u00e7\u00e3o de hortali\u00e7as. A dedica\u00e7\u00e3o, compromisso financeiro e ajuda ativa da esposa, Maria Martins, impulsionaram o neg\u00f3cio no campo.<br \/><a href=\"http:\/\/Com%20um%20planejamento%20eficiente,%20M%C3%A1rcio%20Martins,%20produtor%20rural%20de%20Alex%C3%A2nia,%20localizado%20no%20estado%20de%20Goi%C3%A1s,%20obteve%20cr%C3%A9dito%20v%C3%A1rias%20vezes,%20para%20inovar%20e%20transformar%20sua%20produ%C3%A7%C3%A3o%20de%20hortali%C3%A7as.%20A%20dedica%C3%A7%C3%A3o,%20compromisso%20financeiro%20e%20ajuda%20ativa%20da%20esposa,%20Maria%20Martins,%20impulsionaram%20o%20neg%C3%B3cio%20no%20campo.\">Assista aqui<\/a> essa hist\u00f3ria!<\/p>\n<p>#<\/p>\n<h2 class=\"wp-block-heading\" id=\"h-ig-reconhecimento-que-vai-alem-do-selo\">IG: reconhecimento que vai al\u00e9m do selo<\/h2>\n<p><strong>PROGRAMETE #<\/strong>7<\/p>\n<figure class=\"wp-block-embed wp-embed-aspect-16-9 wp-has-aspect-ratio  is-type-video is-provider-youtube wp-block-embed-youtube\"\/>\n<p>De queijos artesanais a caf\u00e9s especiais, a Indica\u00e7\u00e3o Geogr\u00e1fica \u00e9 um reconhecimento que conecta produtos ou servi\u00e7os ao territ\u00f3rio de origem, fortalecendo o turismo e a economia local. Al\u00e9m disso, garante ao consumidor a qualidade do que est\u00e1 adquirindo.<\/p>\n<p><a href=\"https:\/\/www.youtube.com\/watch?v=YIKOcPsFh20\">Assista aqui<\/a> essa hist\u00f3ria. <\/p>\n<p>#<\/p>\n<h2 class=\"wp-block-heading\" id=\"h-gestao-de-sucesso-quinta-do-olivardo-combina-sabor-e-tradicao\">Gest\u00e3o de sucesso: Quinta do Olivardo combina sabor e tradi\u00e7\u00e3o<\/h2>\n<p><strong>PROGRAMETE #6<\/strong><\/p>\n<p>Olivardo Saqui, empres\u00e1rio e produtor rural, concretizou seu sonho ao criar um espa\u00e7o que une tradi\u00e7\u00e3o, sabores e experi\u00eancias no campo. \u00c9 a pousada e restaurante Quinta do Olivardo, localizada em S\u00e3o Roque, interior de S\u00e3o Paulo. <\/p>\n<p>Assista <a href=\"https:\/\/www.youtube.com\/watch?v=bwFvbz1-F7Y\">AQUI<\/a> essa hist\u00f3ria.<\/p>\n<figure class=\"wp-block-embed wp-embed-aspect-16-9 wp-has-aspect-ratio  is-type-video is-provider-youtube wp-block-embed-youtube\"\/>\n<p>#<\/p>\n<h2 class=\"wp-block-heading\" id=\"h-descubra-as-melhores-oportunidades-de-financiamento-rural-no-programete-5\">Descubra as melhores oportunidades de financiamento rural no \u2018programete 5\u2019<\/h2>\n<p>Neste v\u00eddeo, h\u00e1 orienta\u00e7\u00f5es sobre como solicitar cr\u00e9dito de forma consciente e estrat\u00e9gica. N\u00e3o perca a chance de transformar oportunidades em crescimento real.<\/p>\n<p>Veja como o cr\u00e9dito pode trabalhar a favor do seu sucesso! Confira:<\/p>\n<p><strong>PROGRAMETE #5<\/strong><\/p>\n<figure class=\"wp-block-embed wp-embed-aspect-16-9 wp-has-aspect-ratio  is-type-video is-provider-youtube wp-block-embed-youtube\"\/>\n<h2 class=\"wp-block-heading\" id=\"h-producao-organica-valoriza-alimentos-e-fortalece-as-vendas-confira-aqui-o-programete-4\">Produ\u00e7\u00e3o org\u00e2nica valoriza alimentos e fortalece as vendas. Confira aqui o \u2018programete 4\u2019<\/h2>\n<p>A certifica\u00e7\u00e3o garante qualidade, proced\u00eancia e aumenta a valoriza\u00e7\u00e3o no mercado. Al\u00e9m de saud\u00e1vel, o selo contribui para o crescimento sustent\u00e1vel do setor.<\/p>\n<p>A busca pelo selo org\u00e2nico tem transformado a realidade de pequenos produtores rurais. A certifica\u00e7\u00e3o n\u00e3o apenas agrega valor aos produtos, mas tamb\u00e9m amplia a aceita\u00e7\u00e3o do p\u00fablico. O tomate cereja, por exemplo, destaca-se pelo sabor diferenciado e pela proced\u00eancia garantida.<\/p>\n<p><strong>PROGRAMETE #4<\/strong><\/p>\n<figure class=\"wp-block-embed wp-embed-aspect-16-9 wp-has-aspect-ratio  is-type-video is-provider-youtube wp-block-embed-youtube\"\/>\n<h2 class=\"wp-block-heading\" id=\"h-saiba-como-formalizar-o-seu-negocio-para-crescer-no-mercado\">Saiba como formalizar o seu neg\u00f3cio para crescer no mercado<\/h2>\n<p>A formaliza\u00e7\u00e3o garante os seus direitos como empreendedor e ajuda a ter acesso a mais recursos com competitividade de mercado<\/p>\n<p><strong>PROGRAMETE #3<\/strong><\/p>\n<figure class=\"wp-block-embed wp-embed-aspect-16-9 wp-has-aspect-ratio  is-type-video is-provider-youtube wp-block-embed-youtube\"\/>\n<h2 class=\"wp-block-heading\" id=\"h-selo-sim-acesso-a-novos-mercados\"><strong>Selo SIM: acesso a novos mercados<\/strong><\/h2>\n<p>Entenda como a certifica\u00e7\u00e3o municipal facilita a comercializa\u00e7\u00e3o de produtos de origem animal com seguran\u00e7a e qualidade!<\/p>\n<p><strong>PROGRAMETE #2<\/strong><\/p>\n<figure class=\"wp-block-embed wp-embed-aspect-16-9 wp-has-aspect-ratio  is-type-video is-provider-youtube wp-block-embed-youtube\"\/>\n<h2 class=\"wp-block-heading\" id=\"h-oportunidades-para-o-pequenos-produtor-rural\"><strong>Oportunidades para o pequenos produtor rural<\/strong><\/h2>\n<p>Saiba o que \u00e9 empreendedorismo rural e conhe\u00e7a mais sobre o Porteira Aberta Empreender.<\/p>\n<p><strong>PROGRAMETE #1<\/strong><\/p>\n<figure class=\"wp-block-embed wp-embed-aspect-16-9 wp-has-aspect-ratio  is-type-video is-provider-youtube wp-block-embed-youtube\"\/><\/div>\n<p><br \/>\n<br \/><a href=\"https:\/\/www.canalrural.com.br\/empreendedorismo\/na-crise-a-capacidade-de-adaptacao-define-o-negocio-no-campo\/\">Source link <\/a><\/p>\n","protected":false},"excerpt":{"rendered":"<p>#PROGRAMETE #24 Quando os tempos ficam dif\u00edceis, \u00e9 a capacidade de adapta\u00e7\u00e3o que separa quem desiste de quem encontra novos<\/p>\n","protected":false},"author":1,"featured_media":14646,"comment_status":"open","ping_status":"open","sticky":false,"template":"","format":"standard","meta":{"_monsterinsights_skip_tracking":false,"_monsterinsights_sitenote_active":false,"_monsterinsights_sitenote_note":"","_monsterinsights_sitenote_category":0,"_uf_show_specific_survey":0,"_uf_disable_surveys":false,"footnotes":""},"categories":[1],"tags":[],"class_list":["post-22764","post","type-post","status-publish","format-standard","has-post-thumbnail","hentry","category-news"],"_links":{"self":[{"href":"https:\/\/agromt.news\/index.php?rest_route=\/wp\/v2\/posts\/22764"}],"collection":[{"href":"https:\/\/agromt.news\/index.php?rest_route=\/wp\/v2\/posts"}],"about":[{"href":"https:\/\/agromt.news\/index.php?rest_route=\/wp\/v2\/types\/post"}],"author":[{"embeddable":true,"href":"https:\/\/agromt.news\/index.php?rest_route=\/wp\/v2\/users\/1"}],"replies":[{"embeddable":true,"href":"https:\/\/agromt.news\/index.php?rest_route=%2Fwp%2Fv2%2Fcomments&post=22764"}],"version-history":[{"count":0,"href":"https:\/\/agromt.news\/index.php?rest_route=\/wp\/v2\/posts\/22764\/revisions"}],"wp:featuredmedia":[{"embeddable":true,"href":"https:\/\/agromt.news\/index.php?rest_route=\/wp\/v2\/media\/14646"}],"wp:attachment":[{"href":"https:\/\/agromt.news\/index.php?rest_route=%2Fwp%2Fv2%2Fmedia&parent=22764"}],"wp:term":[{"taxonomy":"category","embeddable":true,"href":"https:\/\/agromt.news\/index.php?rest_route=%2Fwp%2Fv2%2Fcategories&post=22764"},{"taxonomy":"post_tag","embeddable":true,"href":"https:\/\/agromt.news\/index.php?rest_route=%2Fwp%2Fv2%2Ftags&post=22764"}],"curies":[{"name":"wp","href":"https:\/\/api.w.org\/{rel}","templated":true}]}}