{"id":22751,"date":"2025-10-23T16:27:46","date_gmt":"2025-10-23T20:27:46","guid":{"rendered":"https:\/\/agromt.news\/?p=22751"},"modified":"2025-10-23T16:27:46","modified_gmt":"2025-10-23T20:27:46","slug":"la-nina-pode-alterar-clima-e-afetar-soja-no-brasil-aponta-stonex","status":"publish","type":"post","link":"https:\/\/agromt.news\/?p=22751","title":{"rendered":"La Ni\u00f1a pode alterar clima e afetar soja no Brasil, aponta StoneX"},"content":{"rendered":"<p> <br \/>\n<br \/><img decoding=\"async\" src=\"https:\/\/agromt.news\/wp-content\/uploads\/2024\/09\/1726500002_555_MS-e-o-momento-de-plantar-a-soja.jpg\" \/><\/p>\n<div>\n<p>O <a href=\"https:\/\/www.canalrural.com.br\/?s=o+La+Ni%C3%B1a+\">fen\u00f4meno <\/a>La Ni\u00f1a deve come\u00e7ar a influenciar o clima no Brasil a partir do fim de 2025, segundo o Relat\u00f3rio Trimestral de Perspectivas para Commodities da <a href=\"https:\/\/www.stonex.com\/pt-br\/\">StoneX<\/a>. A forma\u00e7\u00e3o do evento preocupa, especialmente, os sojicultores, pois tende a provocar seca no Sul do pa\u00eds e chuvas irregulares em outras regi\u00f5es produtoras, o que pode afetar o desenvolvimento da safra 25\/26 da oleaginosa.<\/p>\n<ul class=\"wp-block-list\">\n<li><strong><em>Fique por dentro das novidades e not\u00edcias recentes sobre a soja! Participe da nossa comunidade atrav\u00e9s do\u00a0<a href=\"https:\/\/chat.whatsapp.com\/BmMRwA0TZ2DHGyhzoaVEWu\">link<\/a>! \ud83c\udf31<\/em><\/strong><\/li>\n<\/ul>\n<p>De acordo com Carolina Jaramillo Giraldo, analista de Intelig\u00eancia de Mercado da StoneX, as anomalias de temperatura do Pac\u00edfico apontam resfriamento nas regi\u00f5es centrais e leste do oceano, padr\u00e3o t\u00edpico do La Ni\u00f1a. \u201cOs modelos clim\u00e1ticos internacionais indicam um La Ni\u00f1a fraco, mas com potencial de interferir na safra caso o fen\u00f4meno se prolongue at\u00e9 2026\u201d, afirma.<\/p>\n<h3 class=\"wp-block-heading\" id=\"h-efeitos-na-soja\"><strong>Efeitos na soja<\/strong><\/h3>\n<p>A soja deve ser a cultura mais sens\u00edvel aos efeitos iniciais da condi\u00e7\u00e3o clim\u00e1tica. No Sul, a redu\u00e7\u00e3o da entrada de frentes frias pode provocar bloqueios atmosf\u00e9ricos e atrasar as chuvas na fase de germina\u00e7\u00e3o e flora\u00e7\u00e3o. J\u00e1 no Centro-Oeste, as proje\u00e7\u00f5es indicam temperaturas at\u00e9 1 \u00b0C acima da m\u00e9dia em outubro, o que acelera a germina\u00e7\u00e3o, mas eleva o risco de d\u00e9ficit h\u00eddrico se as precipita\u00e7\u00f5es atrasarem.<\/p>\n<p>De acordo com a StoneX, no Sudeste, especialmente no Esp\u00edrito Santo e centro-leste de Minas Gerais, o calor pode aumentar a evapotranspira\u00e7\u00e3o, exigindo maior aten\u00e7\u00e3o ao manejo h\u00eddrico e \u00e0s doen\u00e7as f\u00fangicas. Em contrapartida, chuvas mais regulares previstas para o Centro-Sul podem favorecer o enchimento de gr\u00e3os, desde que n\u00e3o haja excesso de nebulosidade.<\/p>\n<h3 class=\"wp-block-heading\" id=\"h-riscos-climaticos\"><strong>Riscos clim\u00e1ticos<\/strong><\/h3>\n<p>A analista destaca que a intera\u00e7\u00e3o do La Ni\u00f1a com a Oscila\u00e7\u00e3o de Madden\u2013Julian (MJO) e a Oscila\u00e7\u00e3o Ant\u00e1rtica (AAO) pode intensificar os efeitos no Hemisf\u00e9rio Sul. Esse padr\u00e3o atmosf\u00e9rico tende a deslocar os ventos de oeste para o sul, reduzindo a frequ\u00eancia de frentes frias e ampliando o risco de seca e calor em regi\u00f5es produtoras de soja e milho de primeira safra no Sul do Brasil, Paraguai, Uruguai e Argentina.<\/p>\n<p>J\u00e1 nas regi\u00f5es Central e Sudeste, a umidade acima da m\u00e9dia pode beneficiar a soja, mas tamb\u00e9m prejudicar a cana-de-a\u00e7\u00facar e elevar o risco de doen\u00e7as f\u00fangicas.<\/p>\n<p>Nos tr\u00f3picos, o cen\u00e1rio \u00e9 contrastante, com a intera\u00e7\u00e3o entre La Ni\u00f1a e a MJO intensificando a convec\u00e7\u00e3o no oeste do Pac\u00edfico, Indon\u00e9sia, Sudeste Asi\u00e1tico e Filipinas. Os resultados s\u00e3o chuvas mais intensas, enquanto o Pac\u00edfico central e leste permanece mais seco. No Brasil Central e no Sudeste, s\u00e3o esperadas chuvas acima da m\u00e9dia, o que pode beneficiar culturas como soja, milho e caf\u00e9, mas tamb\u00e9m prejudicar a cana-de-a\u00e7\u00facar devido \u00e0 alta nebulosidade e aumentar o risco de doen\u00e7as f\u00fangicas pela umidade recorrente.<\/p>\n<h3 class=\"wp-block-heading\" id=\"h-cenario-global\"><strong>Cen\u00e1rio global<\/strong><\/h3>\n<p>Globalmente, o La Ni\u00f1a costuma alterar padr\u00f5es de chuva, com seca no sul da Europa, \u00c1sia Central e sul da Am\u00e9rica do Sul. Por outro lado, o padr\u00e3o \u00e9 de precipita\u00e7\u00f5es acima da m\u00e9dia na \u00cdndia, Am\u00e9rica Central e norte dos Estados Unidos.<\/p>\n<p>A StoneX avalia que o evento pode durar at\u00e9 os primeiros meses de 2026, dependendo da persist\u00eancia do resfriamento do Pac\u00edfico.<\/p>\n<\/p><\/div>\n<p><br \/>\n<br \/><a href=\"https:\/\/www.canalrural.com.br\/agricultura\/projeto-soja-brasil\/la-nina-pode-alterar-clima-e-afetar-producao-de-soja-no-brasil-aponta-stonex\/\">Source link <\/a><\/p>\n","protected":false},"excerpt":{"rendered":"<p>O fen\u00f4meno La Ni\u00f1a deve come\u00e7ar a influenciar o clima no Brasil a partir do fim de 2025, segundo o<\/p>\n","protected":false},"author":1,"featured_media":2374,"comment_status":"open","ping_status":"open","sticky":false,"template":"","format":"standard","meta":{"_monsterinsights_skip_tracking":false,"_monsterinsights_sitenote_active":false,"_monsterinsights_sitenote_note":"","_monsterinsights_sitenote_category":0,"_uf_show_specific_survey":0,"_uf_disable_surveys":false,"footnotes":""},"categories":[1],"tags":[],"class_list":["post-22751","post","type-post","status-publish","format-standard","has-post-thumbnail","hentry","category-news"],"_links":{"self":[{"href":"https:\/\/agromt.news\/index.php?rest_route=\/wp\/v2\/posts\/22751"}],"collection":[{"href":"https:\/\/agromt.news\/index.php?rest_route=\/wp\/v2\/posts"}],"about":[{"href":"https:\/\/agromt.news\/index.php?rest_route=\/wp\/v2\/types\/post"}],"author":[{"embeddable":true,"href":"https:\/\/agromt.news\/index.php?rest_route=\/wp\/v2\/users\/1"}],"replies":[{"embeddable":true,"href":"https:\/\/agromt.news\/index.php?rest_route=%2Fwp%2Fv2%2Fcomments&post=22751"}],"version-history":[{"count":0,"href":"https:\/\/agromt.news\/index.php?rest_route=\/wp\/v2\/posts\/22751\/revisions"}],"wp:featuredmedia":[{"embeddable":true,"href":"https:\/\/agromt.news\/index.php?rest_route=\/wp\/v2\/media\/2374"}],"wp:attachment":[{"href":"https:\/\/agromt.news\/index.php?rest_route=%2Fwp%2Fv2%2Fmedia&parent=22751"}],"wp:term":[{"taxonomy":"category","embeddable":true,"href":"https:\/\/agromt.news\/index.php?rest_route=%2Fwp%2Fv2%2Fcategories&post=22751"},{"taxonomy":"post_tag","embeddable":true,"href":"https:\/\/agromt.news\/index.php?rest_route=%2Fwp%2Fv2%2Ftags&post=22751"}],"curies":[{"name":"wp","href":"https:\/\/api.w.org\/{rel}","templated":true}]}}