{"id":22729,"date":"2025-10-23T12:27:34","date_gmt":"2025-10-23T16:27:34","guid":{"rendered":"https:\/\/agromt.news\/?p=22729"},"modified":"2025-10-23T12:27:34","modified_gmt":"2025-10-23T16:27:34","slug":"brasil-e-indonesia-assinam-acordos-de-cooperacao-bilateral","status":"publish","type":"post","link":"https:\/\/agromt.news\/?p=22729","title":{"rendered":"Brasil e Indon\u00e9sia assinam acordos de coopera\u00e7\u00e3o bilateral"},"content":{"rendered":"<p> <br \/>\n<br \/><img decoding=\"async\" src=\"https:\/\/agromt.news\/wp-content\/uploads\/2025\/04\/1421430664218.jpg\" \/><\/p>\n<div>\n<p>O presidente Luiz In\u00e1cio Lula da Silva e o presidente da Indon\u00e9sia, Prabowo Subianto, comandaram nesta quinta-feira (23), no Pal\u00e1cio Merdeka, em Jacarta, uma cerim\u00f4nia de assinatura de acordos e memorandos de coopera\u00e7\u00e3o bilateral.<\/p>\n<p>O evento contou com a participa\u00e7\u00e3o de ministros e representantes do setor privado do Brasil e da Indon\u00e9sia. Foram firmados acordos nas \u00e1reas de energia, minera\u00e7\u00e3o, agricultura, ci\u00eancia, tecnologia, estat\u00edstica e com\u00e9rcio.<\/p>\n<p>O presidente da Ag\u00eancia Brasileira de Promo\u00e7\u00e3o de Exporta\u00e7\u00f5es e Investimentos (<a href=\"https:\/\/www.canalrural.com.br\/tag\/apexbrasil\/\">ApexBrasil<\/a>), Jorge Viana, assinou um memorando com vistas \u00e0 amplia\u00e7\u00e3o do fluxo comercial e dos investimentos rec\u00edprocos com o representante da C\u00e2mara de Com\u00e9rcio e Ind\u00fastria da Indon\u00e9sia (Kadin).<\/p>\n<p>J\u00e1 o empres\u00e1rio Wesley Batista, da JBS, firmou um acordo voltado \u00e0 exporta\u00e7\u00e3o de prote\u00edna animal brasileira para o mercado indon\u00e9sio.<\/p>\n<\/p><\/div>\n<p><br \/>\n<br \/><a href=\"https:\/\/www.canalrural.com.br\/economia\/brasil-e-indonesia-assinam-acordos-de-cooperacao-bilateral\/\">Source link <\/a><\/p>\n","protected":false},"excerpt":{"rendered":"<p>O presidente Luiz In\u00e1cio Lula da Silva e o presidente da Indon\u00e9sia, Prabowo Subianto, comandaram nesta quinta-feira (23), no Pal\u00e1cio<\/p>\n","protected":false},"author":1,"featured_media":12373,"comment_status":"open","ping_status":"open","sticky":false,"template":"","format":"standard","meta":{"_monsterinsights_skip_tracking":false,"_monsterinsights_sitenote_active":false,"_monsterinsights_sitenote_note":"","_monsterinsights_sitenote_category":0,"_uf_show_specific_survey":0,"_uf_disable_surveys":false,"footnotes":""},"categories":[1],"tags":[],"class_list":["post-22729","post","type-post","status-publish","format-standard","has-post-thumbnail","hentry","category-news"],"_links":{"self":[{"href":"https:\/\/agromt.news\/index.php?rest_route=\/wp\/v2\/posts\/22729"}],"collection":[{"href":"https:\/\/agromt.news\/index.php?rest_route=\/wp\/v2\/posts"}],"about":[{"href":"https:\/\/agromt.news\/index.php?rest_route=\/wp\/v2\/types\/post"}],"author":[{"embeddable":true,"href":"https:\/\/agromt.news\/index.php?rest_route=\/wp\/v2\/users\/1"}],"replies":[{"embeddable":true,"href":"https:\/\/agromt.news\/index.php?rest_route=%2Fwp%2Fv2%2Fcomments&post=22729"}],"version-history":[{"count":0,"href":"https:\/\/agromt.news\/index.php?rest_route=\/wp\/v2\/posts\/22729\/revisions"}],"wp:featuredmedia":[{"embeddable":true,"href":"https:\/\/agromt.news\/index.php?rest_route=\/wp\/v2\/media\/12373"}],"wp:attachment":[{"href":"https:\/\/agromt.news\/index.php?rest_route=%2Fwp%2Fv2%2Fmedia&parent=22729"}],"wp:term":[{"taxonomy":"category","embeddable":true,"href":"https:\/\/agromt.news\/index.php?rest_route=%2Fwp%2Fv2%2Fcategories&post=22729"},{"taxonomy":"post_tag","embeddable":true,"href":"https:\/\/agromt.news\/index.php?rest_route=%2Fwp%2Fv2%2Ftags&post=22729"}],"curies":[{"name":"wp","href":"https:\/\/api.w.org\/{rel}","templated":true}]}}