{"id":22728,"date":"2025-10-23T12:12:08","date_gmt":"2025-10-23T16:12:08","guid":{"rendered":"https:\/\/agromt.news\/?p=22728"},"modified":"2025-10-23T12:12:08","modified_gmt":"2025-10-23T16:12:08","slug":"ausencia-de-chuvas-e-desafio-para-sojicultores-de-goias","status":"publish","type":"post","link":"https:\/\/agromt.news\/?p=22728","title":{"rendered":"Aus\u00eancia de chuvas \u00e9 desafio para sojicultores de Goi\u00e1s"},"content":{"rendered":"<p> <br \/>\n<br \/><img decoding=\"async\" src=\"https:\/\/agromt.news\/wp-content\/uploads\/2025\/08\/Moratoria-da-Soja-e-suspensa-e-signatarias-podem-ter-de.jpg\" \/><\/p>\n<div>\n<p>O <a href=\"https:\/\/www.canalrural.com.br\/agricultura\/projeto-soja-brasil\/plantio-de-soja-atinge-217-no-brasil-confira-o-andamento-dos-trabalhos-por-estado\/\">plantio <\/a>da safra de soja 2025\/26 em Goiatuba, no sul de Goi\u00e1s, foi interrompido devido \u00e0 aus\u00eancia de chuvas na regi\u00e3o, de acordo com informa\u00e7\u00f5es divulgadas pela <a href=\"https:\/\/goias.gov.br\/emater\/\">Emater <\/a>local. Segundo o engenheiro agr\u00f4nomo Alceu Marques Filho, os produtores avan\u00e7aram muito pouco na semeadura, atingindo cerca de 6% dos 90 mil hectares previstos. Neste momento, os sojicultores est\u00e3o \u00e0 espera de novas precipita\u00e7\u00f5es, previstas para o dia 28, mas ainda incertas.<\/p>\n<ul class=\"wp-block-list\">\n<li><strong><em>Fique por dentro das novidades e not\u00edcias recentes sobre a soja! Participe da nossa comunidade atrav\u00e9s do\u00a0<a href=\"https:\/\/chat.whatsapp.com\/BmMRwA0TZ2DHGyhzoaVEWu\">link<\/a>! \ud83c\udf31<\/em><\/strong><\/li>\n<\/ul>\n<p>Alceu destaca que \u00e9 raro iniciar o plantio em outubro na regi\u00e3o, sendo comum que as atividades de campo se consolidem apenas a partir de novembro. A expectativa da Emater \u00e9 de que a produtividade m\u00e9dia chegue a 3.600 quilos por hectare nesta safra.<\/p>\n<h3 class=\"wp-block-heading\" id=\"h-plantio-de-soja-no-estado\">Plantio de soja no estado<\/h3>\n<p>Levantamento da <a href=\"https:\/\/safras.com.br\/\">Safras &amp; Mercado<\/a> indica que o plantio da safra 2025\/26 em Goi\u00e1s deve ocupar 4,93 milh\u00f5es de hectares, 1,6% a mais que os 4,85 milh\u00f5es de hectares da temporada passada. <\/p>\n<p>A produ\u00e7\u00e3o estimada \u00e9 de 20,014 milh\u00f5es de toneladas, 1,2% acima dos 19,786 milh\u00f5es de toneladas de 2024\/25, com rendimento m\u00e9dio projetado de 4.080 quilos por hectare, levemente abaixo dos 4.100 quilos por hectare do ano anterior. <\/p>\n<\/p><\/div>\n<p><br \/>\n<br \/><a href=\"https:\/\/www.canalrural.com.br\/agricultura\/projeto-soja-brasil\/ausencia-de-chuvas-e-desafio-para-sojicultores-de-goias\/\">Source link <\/a><\/p>\n","protected":false},"excerpt":{"rendered":"<p>O plantio da safra de soja 2025\/26 em Goiatuba, no sul de Goi\u00e1s, foi interrompido devido \u00e0 aus\u00eancia de chuvas<\/p>\n","protected":false},"author":1,"featured_media":18787,"comment_status":"open","ping_status":"open","sticky":false,"template":"","format":"standard","meta":{"_monsterinsights_skip_tracking":false,"_monsterinsights_sitenote_active":false,"_monsterinsights_sitenote_note":"","_monsterinsights_sitenote_category":0,"_uf_show_specific_survey":0,"_uf_disable_surveys":false,"footnotes":""},"categories":[1],"tags":[],"class_list":["post-22728","post","type-post","status-publish","format-standard","has-post-thumbnail","hentry","category-news"],"_links":{"self":[{"href":"https:\/\/agromt.news\/index.php?rest_route=\/wp\/v2\/posts\/22728"}],"collection":[{"href":"https:\/\/agromt.news\/index.php?rest_route=\/wp\/v2\/posts"}],"about":[{"href":"https:\/\/agromt.news\/index.php?rest_route=\/wp\/v2\/types\/post"}],"author":[{"embeddable":true,"href":"https:\/\/agromt.news\/index.php?rest_route=\/wp\/v2\/users\/1"}],"replies":[{"embeddable":true,"href":"https:\/\/agromt.news\/index.php?rest_route=%2Fwp%2Fv2%2Fcomments&post=22728"}],"version-history":[{"count":0,"href":"https:\/\/agromt.news\/index.php?rest_route=\/wp\/v2\/posts\/22728\/revisions"}],"wp:featuredmedia":[{"embeddable":true,"href":"https:\/\/agromt.news\/index.php?rest_route=\/wp\/v2\/media\/18787"}],"wp:attachment":[{"href":"https:\/\/agromt.news\/index.php?rest_route=%2Fwp%2Fv2%2Fmedia&parent=22728"}],"wp:term":[{"taxonomy":"category","embeddable":true,"href":"https:\/\/agromt.news\/index.php?rest_route=%2Fwp%2Fv2%2Fcategories&post=22728"},{"taxonomy":"post_tag","embeddable":true,"href":"https:\/\/agromt.news\/index.php?rest_route=%2Fwp%2Fv2%2Ftags&post=22728"}],"curies":[{"name":"wp","href":"https:\/\/api.w.org\/{rel}","templated":true}]}}