{"id":22683,"date":"2025-10-22T17:16:06","date_gmt":"2025-10-22T21:16:06","guid":{"rendered":"https:\/\/agromt.news\/?p=22683"},"modified":"2025-10-22T17:16:06","modified_gmt":"2025-10-22T21:16:06","slug":"pequenos-negocios-podem-pedir-devolucao-de-tributos-sobre-exportacoes","status":"publish","type":"post","link":"https:\/\/agromt.news\/?p=22683","title":{"rendered":"Pequenos neg\u00f3cios podem pedir devolu\u00e7\u00e3o de tributos sobre exporta\u00e7\u00f5es"},"content":{"rendered":"<p> <br \/>\n<\/p>\n<div>\n<p style=\"text-align:justify\">Iniciativa do governo federal voltada a microempreendedores individuais (MEIs), micro e pequenas empresas (MPEs) exportadoras, o Programa Acredita Exporta\u00e7\u00e3o j\u00e1 est\u00e1 dispon\u00edvel. A partir desta ter\u00e7a-feira (21), os empreendedores podem pedir a compensa\u00e7\u00e3o ou ressarcimento de at\u00e9 3% sobre o valor exportado, devolvendo de forma simplificada os tributos pagos ao longo da cadeia produtiva.&#13;\n<\/p>\n<p style=\"text-align:justify\">A medida representa um avan\u00e7o na desonera\u00e7\u00e3o das exporta\u00e7\u00f5es e busca aumentar a competitividade das empresas de menor porte no com\u00e9rcio internacional, antecipando efeitos previstos na reforma tribut\u00e1ria. O programa \u00e9 uma parceria entre o Minist\u00e9rio do Desenvolvimento, Ind\u00fastria, Com\u00e9rcio e Servi\u00e7os (Mdic) e o Minist\u00e9rio da Fazenda, com suporte da Receita Federal.<\/p>\n<p style=\"text-align:justify\">O pedido \u00e9 feito de forma totalmente digital, pelo site da Receita Federal. O Acredita Exporta\u00e7\u00e3o beneficia tanto vendas de bens como de servi\u00e7os.<\/p>\n<p style=\"text-align:justify\">Para orientar os empreendedores, o Mdic e a Receita realizaram uma live no YouTube, explicando o passo a passo do processo de solicita\u00e7\u00e3o e como acessar o sistema de ressarcimento pelo site da Receita Federal.<\/p>\n<p style=\"text-align:justify\">Sancionado em julho pelo presidente Luiz In\u00e1cio Lula da Silva, o Acredita Exporta\u00e7\u00e3o prev\u00ea devolu\u00e7\u00e3o de at\u00e9 3% do valor exportado. O cr\u00e9dito pode ser ressarcido em dinheiro ou utilizado para compensar tributos federais \u2014 como Programa de Integra\u00e7\u00e3o Social (PIS), Contribui\u00e7\u00e3o para o Financiamento da Seguridade Social (Cofins), Imposto de Renda Pessoa Jur\u00eddica (IRPJ) e Contribui\u00e7\u00e3o Social sobre o Lucro L\u00edquido.&#13;\n<\/p>\n<p style=\"text-align:justify\">O primeiro per\u00edodo de refer\u00eancia ser\u00e1 para as exporta\u00e7\u00f5es realizadas de 1\u00ba de agosto a 30 de setembro de 2025. Ap\u00f3s o fechamento de cada trimestre, as empresas devem reunir as informa\u00e7\u00f5es das notas fiscais e calcular o cr\u00e9dito de 3%. Mais detalhes est\u00e3o dispon\u00edveis no guia completo do Acredita Exporta\u00e7\u00e3o, divulgado pelo Mdic.<\/p>\n<p style=\"text-align:justify\">Segundo a Secretaria de Com\u00e9rcio Exterior (Secex\/MDIC), 11,5 mil MPEs exportaram em 2024, representando 40% do total de empresas exportadoras do pa\u00eds \u2014 que somaram 28,8 mil. Juntas, essas pequenas empresas movimentaram US$ 2,6 bilh\u00f5es em vendas internacionais.&#13;\n<\/p>\n<p style=\"text-align:justify\">H\u00e1 dez anos, em 2014, eram pouco mais de 5,3 mil exportadoras de pequeno porte, o que correspondia a 28,6% do total, mostrando o avan\u00e7o expressivo do setor.<\/p>\n<p style=\"text-align:justify\">Al\u00e9m do Acredita Exporta\u00e7\u00e3o, as micro, pequenas e m\u00e9dias empresas podem buscar outros programas de incentivo. Entre as iniciativas est\u00e3o o Brasil Mais Produtivo, que oferece capacita\u00e7\u00e3o e consultorias; o Programa de Financiamento \u00e0 Exporta\u00e7\u00e3o (o Proex); o Seguro de Cr\u00e9dito \u00e0 Exporta\u00e7\u00e3o, com garantia do Fundo de Garantia \u00e0 Exporta\u00e7\u00e3o (SCE\/FGE); e o Desenrola Pequenos Neg\u00f3cios, voltado \u00e0 renegocia\u00e7\u00e3o de d\u00edvidas.<\/p>\n<\/p><\/div>\n<p><script data-cfasync=\"false\">\n    !function (f, b, e, v, n, t, s) {\n        if (f.fbq) return; n = f.fbq = function () {\n            n.callMethod ?\n                n.callMethod.apply(n, arguments) : n.queue.push(arguments)\n        };\n        if (!f._fbq) f._fbq = n; n.push = n; n.loaded = !0; n.version = '2.0';\n        n.queue = []; t = b.createElement(e); t.async = !0;\n        t.src = v; s = b.getElementsByTagName(e)[0];\n        s.parentNode.insertBefore(t, s)\n    }(window, document, 'script',\n        'https:\/\/connect.facebook.net\/en_US\/fbevents.js');\n    fbq('init', '522546078623747');\n    fbq('track', 'PageView');\n<\/script><br \/>\n<br \/><br \/>\n<br \/><a href=\"https:\/\/www.agrolink.com.br\/noticias\/pequenos-negocios-podem-pedir-devolucao-de-tributos-sobre-exportacoes_507199.html\">Source link <\/a><\/p>\n","protected":false},"excerpt":{"rendered":"<p>Iniciativa do governo federal voltada a microempreendedores individuais (MEIs), micro e pequenas empresas (MPEs) exportadoras, o Programa Acredita Exporta\u00e7\u00e3o j\u00e1<\/p>\n","protected":false},"author":1,"featured_media":6503,"comment_status":"open","ping_status":"open","sticky":false,"template":"","format":"standard","meta":{"_monsterinsights_skip_tracking":false,"_monsterinsights_sitenote_active":false,"_monsterinsights_sitenote_note":"","_monsterinsights_sitenote_category":0,"_uf_show_specific_survey":0,"_uf_disable_surveys":false,"footnotes":""},"categories":[8,1,14],"tags":[],"class_list":["post-22683","post","type-post","status-publish","format-standard","has-post-thumbnail","hentry","category-agro","category-news","category-politica-agro"],"_links":{"self":[{"href":"https:\/\/agromt.news\/index.php?rest_route=\/wp\/v2\/posts\/22683"}],"collection":[{"href":"https:\/\/agromt.news\/index.php?rest_route=\/wp\/v2\/posts"}],"about":[{"href":"https:\/\/agromt.news\/index.php?rest_route=\/wp\/v2\/types\/post"}],"author":[{"embeddable":true,"href":"https:\/\/agromt.news\/index.php?rest_route=\/wp\/v2\/users\/1"}],"replies":[{"embeddable":true,"href":"https:\/\/agromt.news\/index.php?rest_route=%2Fwp%2Fv2%2Fcomments&post=22683"}],"version-history":[{"count":0,"href":"https:\/\/agromt.news\/index.php?rest_route=\/wp\/v2\/posts\/22683\/revisions"}],"wp:featuredmedia":[{"embeddable":true,"href":"https:\/\/agromt.news\/index.php?rest_route=\/wp\/v2\/media\/6503"}],"wp:attachment":[{"href":"https:\/\/agromt.news\/index.php?rest_route=%2Fwp%2Fv2%2Fmedia&parent=22683"}],"wp:term":[{"taxonomy":"category","embeddable":true,"href":"https:\/\/agromt.news\/index.php?rest_route=%2Fwp%2Fv2%2Fcategories&post=22683"},{"taxonomy":"post_tag","embeddable":true,"href":"https:\/\/agromt.news\/index.php?rest_route=%2Fwp%2Fv2%2Ftags&post=22683"}],"curies":[{"name":"wp","href":"https:\/\/api.w.org\/{rel}","templated":true}]}}